{"id":1,"date":"2016-12-20T11:07:37","date_gmt":"2016-12-20T11:07:37","guid":{"rendered":"http:\/\/www.obispadorqta.org.ar\/v3\/?p=1"},"modified":"2017-04-17T14:13:55","modified_gmt":"2017-04-17T14:13:55","slug":"ordenacion-diaconal","status":"publish","type":"post","link":"https:\/\/www.obispadorqta.org.ar\/v3\/ordenacion-diaconal\/","title":{"rendered":"ORDENACI\u00d3N DIACONAL"},"content":{"rendered":"<p>El domingo 12 de Junio de 2016, el Obispo Diocesano, Mons. \u00c1ngel Jos\u00e9 Mac\u00edn ordenar\u00e1 Di\u00e1cono al ac\u00f3lito Guillermo Nicol\u00e1s Ben\u00edtez.<\/p>\n<p>Este acontecimiento se llevar\u00e1 a cabo en el patio parroquial de la Parroquia \u201cNuestra Se\u00f1ora de la Merced\u201d de Avellaneda a las 18:00 hs., luego se realizar\u00e1 un compartir fraterno en lugar a confirmar.<\/p>\n<p>Compartimos esta gran alegr\u00eda para toda nuestra Di\u00f3cesis y continuamos orando por las vocaciones y nuestros sacerdotes.<\/p>\n","protected":false},"excerpt":{"rendered":"<div class=\"mh-excerpt\"><p>El domingo 12 de Junio de 2016, el Obispo Diocesano, Mons. \u00c1ngel Jos\u00e9 Mac\u00edn ordenar\u00e1 Di\u00e1cono al ac\u00f3lito Guillermo Nicol\u00e1s Ben\u00edtez. Este acontecimiento se llevar\u00e1 <a class=\"mh-excerpt-more\" href=\"https:\/\/www.obispadorqta.org.ar\/v3\/ordenacion-diaconal\/\" title=\"ORDENACI\u00d3N DIACONAL\">[&#8230;]<\/a><\/p>\n<\/div>","protected":false},"author":1,"featured_media":18,"comment_status":"closed","ping_status":"open","sticky":false,"template":"","format":"standard","meta":{"footnotes":""},"categories":[28],"tags":[],"class_list":["post-1","post","type-post","status-publish","format-standard","has-post-thumbnail","hentry","category-latest-news"],"_links":{"self":[{"href":"https:\/\/www.obispadorqta.org.ar\/v3\/wp-json\/wp\/v2\/posts\/1","targetHints":{"allow":["GET"]}}],"collection":[{"href":"https:\/\/www.obispadorqta.org.ar\/v3\/wp-json\/wp\/v2\/posts"}],"about":[{"href":"https:\/\/www.obispadorqta.org.ar\/v3\/wp-json\/wp\/v2\/types\/post"}],"author":[{"embeddable":true,"href":"https:\/\/www.obispadorqta.org.ar\/v3\/wp-json\/wp\/v2\/users\/1"}],"replies":[{"embeddable":true,"href":"https:\/\/www.obispadorqta.org.ar\/v3\/wp-json\/wp\/v2\/comments?post=1"}],"version-history":[{"count":1,"href":"https:\/\/www.obispadorqta.org.ar\/v3\/wp-json\/wp\/v2\/posts\/1\/revisions"}],"predecessor-version":[{"id":31,"href":"https:\/\/www.obispadorqta.org.ar\/v3\/wp-json\/wp\/v2\/posts\/1\/revisions\/31"}],"wp:featuredmedia":[{"embeddable":true,"href":"https:\/\/www.obispadorqta.org.ar\/v3\/wp-json\/wp\/v2\/media\/18"}],"wp:attachment":[{"href":"https:\/\/www.obispadorqta.org.ar\/v3\/wp-json\/wp\/v2\/media?parent=1"}],"wp:term":[{"taxonomy":"category","embeddable":true,"href":"https:\/\/www.obispadorqta.org.ar\/v3\/wp-json\/wp\/v2\/categories?post=1"},{"taxonomy":"post_tag","embeddable":true,"href":"https:\/\/www.obispadorqta.org.ar\/v3\/wp-json\/wp\/v2\/tags?post=1"}],"curies":[{"name":"wp","href":"https:\/\/api.w.org\/{rel}","templated":true}]}}