{"id":1001,"date":"2014-11-19T11:25:46","date_gmt":"2014-11-19T11:25:46","guid":{"rendered":"http:\/\/www.obispadorqta.org.ar\/v3\/encuentro-diocesano-de-catequesis-5\/"},"modified":"2014-11-19T11:25:46","modified_gmt":"2014-11-19T11:25:46","slug":"encuentro-diocesano-de-catequesis-5","status":"publish","type":"post","link":"https:\/\/www.obispadorqta.org.ar\/v3\/encuentro-diocesano-de-catequesis-5\/","title":{"rendered":"Encuentro Diocesano de Catequesis"},"content":{"rendered":"<div align=\"center\"><strong><em><font color=\"#000000\">\u201cCatequistas alegres para la Nueva Evangelizaci\u00f3n\u201d<\/font><\/em><\/strong><\/div>\n<div align=\"center\">\u00a0<\/div>\n<div align=\"center\"><img loading=\"lazy\" decoding=\"async\" src=\"https:\/\/scontent-b-mia.xx.fbcdn.net\/hphotos-xap1\/v\/t1.0-9\/1920320_569228983173597_1831342337_n.jpg?oh=19dfc23594d034347dd8289c9b0e86db&#038;oe=5516C356\" border=\"0\" width=\"315\" height=\"270\" align=\"middle\" \/> <\/div>\n<p><font color=\"#000000\"><br \/><\/font> <\/p>\n<div align=\"justify\"><font color=\"#000000\">La Junta Diocesana de Catequesis invita a todos los catequistas de la di\u00f3cesis a participar del <strong>Encuentro Diocesano de Catequesis<\/strong> que se realizar\u00e1 este s\u00e1bado 22 de noviembre en el <strong>S.U.M del Instituto Reconquista.<\/strong><\/font><\/p>\n<p><font color=\"#000000\">El Papa Francisco dice que <em>\u201cEn la boca del catequista vuelve a resonar siempre el primer anuncio: \u00abJesucristo te ama, dio su vida para salvarte, y ahora est\u00e1 vivo a tu lado cada d\u00eda, para iluminarte, para fortalecerte, para liberarte\u00bb\u201d<\/em> (EG 164). Este es el esp\u00edritu que animar\u00e1 este Encuentro Diocesano.<\/font><\/div>\n<div align=\"justify\">\u00a0<\/div>\n<div align=\"justify\">S<font color=\"#000000\">e presentar\u00e1 el camino Nacional y Diocesano de la catequesis, o sea, se dar\u00e1 a conocer el documento ECOS del III Congreso de Catequesis Nacional y los nuevos caminos de la catequesis en nuestra Di\u00f3cesis, sobre todo para la preparaci\u00f3n al sacramento de la Eucarist\u00eda y la Confirmaci\u00f3n.<\/font><\/p>\n<p><font color=\"#000000\">Nuestro obispo indicar\u00e1 las pautas fundamentales que tiene el itinerario de catequesis en nuestra Di\u00f3cesis. La clave para la nueva catequesis es la palabra esperanza, utilizada en el Congreso, y la palabra <em>alegr\u00eda<\/em>, por nuestro Papa Francisco. Iremos creciendo juntos.<\/font><\/p>\n<p><font color=\"#000000\">La convocatoria es entonces para el <strong>s\u00e1bado 22 de noviembre de 8 a 11:30 en Reconquista<\/strong>. Ser\u00e1 una ma\u00f1ana breve, pero intensa. Todos los catequistas est\u00e1n invitados. Para el inicio del pr\u00f3ximo a\u00f1o tendremos la oportunidad de profundizar m\u00e1s este rico camino. <\/font><br \/><font color=\"#000000\">\u00a0<\/font><br \/><font color=\"#000000\">Los saludamos cercanamente en el Se\u00f1or. <\/font><\/div>\n<p><font color=\"#000000\"><br \/><\/font><\/p>\n<div align=\"right\"><em><font color=\"#000000\">Junta Diocesana de Catequesis<\/font><\/em><\/div>\n","protected":false},"excerpt":{"rendered":"<div class=\"mh-excerpt\"><div align=\"center\"><strong><em><font color=\"#000000\">\u201cCatequistas alegres para la Nueva Evangelizaci\u00f3n\u201d<\/font><\/em><\/strong><\/div>\n<div align=\"center\">\u00a0<\/div>\n<div align=\"center\"><img loading=\"lazy\" decoding=\"async\" src=\"https:\/\/scontent-b-mia.xx.fbcdn.net\/hphotos-xap1\/v\/t1.0-9\/1920320_569228983173597_1831342337_n.jpg?oh=19dfc23594d034347dd8289c9b0e86db&#038;oe=5516C356\" border=\"0\" width=\"315\" height=\"270\" align=\"middle\" \/> <\/div>\n<p><font color=\"#000000\"><br \/><\/font><\/p>\n<\/div>","protected":false},"author":1,"featured_media":0,"comment_status":"open","ping_status":"open","sticky":false,"template":"","format":"standard","meta":{"footnotes":""},"categories":[28],"tags":[],"class_list":["post-1001","post","type-post","status-publish","format-standard","hentry","category-latest-news"],"_links":{"self":[{"href":"https:\/\/www.obispadorqta.org.ar\/v3\/wp-json\/wp\/v2\/posts\/1001","targetHints":{"allow":["GET"]}}],"collection":[{"href":"https:\/\/www.obispadorqta.org.ar\/v3\/wp-json\/wp\/v2\/posts"}],"about":[{"href":"https:\/\/www.obispadorqta.org.ar\/v3\/wp-json\/wp\/v2\/types\/post"}],"author":[{"embeddable":true,"href":"https:\/\/www.obispadorqta.org.ar\/v3\/wp-json\/wp\/v2\/users\/1"}],"replies":[{"embeddable":true,"href":"https:\/\/www.obispadorqta.org.ar\/v3\/wp-json\/wp\/v2\/comments?post=1001"}],"version-history":[{"count":0,"href":"https:\/\/www.obispadorqta.org.ar\/v3\/wp-json\/wp\/v2\/posts\/1001\/revisions"}],"wp:attachment":[{"href":"https:\/\/www.obispadorqta.org.ar\/v3\/wp-json\/wp\/v2\/media?parent=1001"}],"wp:term":[{"taxonomy":"category","embeddable":true,"href":"https:\/\/www.obispadorqta.org.ar\/v3\/wp-json\/wp\/v2\/categories?post=1001"},{"taxonomy":"post_tag","embeddable":true,"href":"https:\/\/www.obispadorqta.org.ar\/v3\/wp-json\/wp\/v2\/tags?post=1001"}],"curies":[{"name":"wp","href":"https:\/\/api.w.org\/{rel}","templated":true}]}}