{"id":1005,"date":"2014-12-02T10:55:51","date_gmt":"2014-12-02T10:55:51","guid":{"rendered":"http:\/\/www.obispadorqta.org.ar\/v3\/avisos-parroquiales-7\/"},"modified":"2014-12-02T10:55:51","modified_gmt":"2014-12-02T10:55:51","slug":"avisos-parroquiales-7","status":"publish","type":"post","link":"https:\/\/www.obispadorqta.org.ar\/v3\/avisos-parroquiales-7\/","title":{"rendered":"AVISOS PARROQUIALES"},"content":{"rendered":"<div style=\"text-align: center\"><strong><font color=\"#000000\"><u><font style=\"font-family: Geneva,Arial,Helvetica,sans-serif; font-size: 14px; font-style: normal; line-height: normal\" color=\"#000099\"><strong><font color=\"#000000\"><u><font style=\"font-family: Geneva,Arial,Helvetica,sans-serif; font-size: 14px; font-style: normal; line-height: normal\" color=\"#000099\"><img loading=\"lazy\" decoding=\"async\" src=\"https:\/\/fbcdn-sphotos-g-a.akamaihd.net\/hphotos-ak-xpa1\/v\/t1.0-9\/10422509_699087743521053_5064346962273245343_n.jpg?oh=62ffa075fa397cc2ec74611590e1899c&#038;oe=54ED9AC3&#038;__gda__=1424911227_a5c047714f62d78907a956c07462eb84\" border=\"0\" width=\"371\" height=\"269\" \/> <\/font><\/u><\/font><\/strong><\/font><\/u><\/font><\/strong><\/div>\n<p><strong><span style=\"font-size: 10px; font-style: normal; line-height: normal\"><font color=\"#000000\"><u><font style=\"font-family: Geneva,Arial,Helvetica,sans-serif; font-size: 14px; font-style: normal; line-height: normal\" color=\"#000099\">PARROQUIA \u00abINMACULADA CONCEPCI\u00d3N\u00bb &#8211; RECONQUISTA<\/font><\/u><\/font><\/span><\/strong><\/p>\n<p style=\"font-family: Verdana,Arial,Helvetica,sans-serif; font-size: 10px; font-style: normal; line-height: normal\" align=\"justify\"><font color=\"#000000\"><strong><u>FIESTA PATRONAL:<\/u> programa para estos d\u00edas<\/strong><\/font><\/p>\n<p style=\"font-family: Verdana,Arial,Helvetica,sans-serif; font-size: 10px; font-style: normal; line-height: normal\"><font color=\"#000000\"><strong>MISAS EN LA NOVENA:<\/strong> <u>Por la ma\u00f1ana<\/u> en Catedral a las 6:30 (a excepci\u00f3n de los domingos que ser\u00e1 a las 10.30) <\/font><br \/><font color=\"#000000\"><u>Por las noches:<\/u> durante la semana se celebrar\u00e1 a las 20.15 en diferentes barrios seg\u00fan el programa. (no habr\u00e1 misa en Catedral durante la semana, S\u00ed s\u00e1bado y domingo)<\/font><\/p>\n<p style=\"font-family: Verdana,Arial,Helvetica,sans-serif; font-size: 10px; font-style: normal; line-height: normal\"><font color=\"#000000\"><strong>JORNADA DE RECONCILIACI\u00d3N:<\/strong> habr\u00e1 confesiones el mi\u00e9rcoles 3 de 9:00 a 12:00 y de 16:30 a 22:00hs<\/font><\/p>\n<p style=\"font-family: Verdana,Arial,Helvetica,sans-serif; font-size: 10px; font-style: normal; line-height: normal\"><font color=\"#000000\"><strong>ADORACI\u00d3N AL SANT\u00cdSIMO EN CATEDRAL: <\/strong>jueves 4 de diciembre de 18 a 19:30hs y viernes 5 durante todo el d\u00eda. <\/font><\/p>\n<p style=\"font-family: Verdana,Arial,Helvetica,sans-serif; font-size: 10px; font-style: normal; line-height: normal\"><font color=\"#000000\"><strong>CURSILLO DE NOVIOS: <\/strong>Se realizar\u00e1 el domingo 7 de 7:30 a 12:30 Hs. en Catedral.<\/font><\/p>\n<p style=\"font-family: Verdana,Arial,Helvetica,sans-serif; font-size: 10px; font-style: normal; line-height: normal\"><font color=\"#000000\"><strong>CLAUSURA DE LA MISI\u00d3N: <\/strong>Se invita a todos los misioneros a la acci\u00f3n de gracias por la misi\u00f3n realizada. Nos reunimos el domingo 7 a las 19hs para compartir un momento de oraci\u00f3n y testimonios. Se culmina con la misa.<\/font><\/p>\n<p style=\"font-family: Verdana,Arial,Helvetica,sans-serif; font-size: 10px; font-style: normal; line-height: normal\"><font color=\"#000000\"><strong>CHAMAMECEADA EN HONOR A LA VIRGEN: <\/strong>domingo 7 a partir de las 21:00 y a las 24:00 se har\u00e1 la bendici\u00f3n de los m\u00fasicos. <\/font><\/p>\n<p style=\"font-family: Verdana,Arial,Helvetica,sans-serif; font-size: 10px; font-style: normal; line-height: normal\"><font color=\"#000000\"><strong>FLORES PARA LA CARROZA DE LA VIRGEN: <\/strong>Se solicitan flores y hojas verdes para la carroza de la Virgen. Acercarlas el lunes 8 por la ma\u00f1ana a partir de las 8:00hs en Rivadavia y Lucas Funes.<\/font><\/p>\n<p style=\"font-family: Verdana,Arial,Helvetica,sans-serif; font-size: 10px; font-style: normal; line-height: normal\">&nbsp;<\/p>\n<p style=\"font-family: Verdana,Arial,Helvetica,sans-serif; font-size: 10px; font-style: normal; line-height: normal\"><u><strong><font color=\"#000000\">MISAS DE LA SEMANA<\/font><\/strong><\/u><\/p>\n<p style=\"font-family: Verdana,Arial,Helvetica,sans-serif; font-size: 10px; font-style: normal; line-height: normal\"><strong><font color=\"#000000\">Lunes 01<\/font><\/strong><br \/><font color=\"#000000\">06:30\u00a0\u00a0 Catedral <\/font><br \/><font color=\"#000000\">20:15\u00a0\u00a0 Capilla Virgen de Itat\u00ed (B\u00ba Ombusal)<\/font><\/p>\n<p style=\"font-family: Verdana,Arial,Helvetica,sans-serif; font-size: 10px; font-style: normal; line-height: normal\"><strong><font color=\"#000000\">Martes 02<\/font><\/strong><br \/><font color=\"#000000\">06:30\u00a0\u00a0 Catedral<\/font><br \/><font color=\"#000000\">20:15\u00a0\u00a0 Capilla Jes\u00fas de la Buena Esperanza (B\u00ba Las Ranas)<\/font><\/p>\n<p style=\"font-family: Verdana,Arial,Helvetica,sans-serif; font-size: 10px; font-style: normal; line-height: normal\"><strong><font color=\"#000000\">Mi\u00e9rcoles 03<\/font><\/strong><br \/><font color=\"#000000\">06:30\u00a0\u00a0 Catedral<\/font><br \/><font color=\"#000000\">20:15\u00a0\u00a0 Capilla Virgen de Lourdes (B\u00ba La Cortada)<\/font><\/p>\n<p style=\"font-family: Verdana,Arial,Helvetica,sans-serif; font-size: 10px; font-style: normal; line-height: normal\"><strong><font color=\"#000000\">Jueves\u00a0 04<\/font><\/strong><br \/><font color=\"#000000\">06:30\u00a0\u00a0 Catedral <\/font><br \/><font color=\"#000000\">20:15\u00a0\u00a0 Capilla Jes\u00fas Buen Pastor (B\u00ba Noreste)\u00a0\u00a0\u00a0 <\/font><\/p>\n<p style=\"font-family: Verdana,Arial,Helvetica,sans-serif; font-size: 10px; font-style: normal; line-height: normal\"><strong><font color=\"#000000\">Viernes 05<\/font><\/strong><br \/><font color=\"#000000\">06:30\u00a0\u00a0 Catedral<\/font><br \/><font color=\"#000000\">20:15\u00a0\u00a0 Capilla Transfiguraci\u00f3n del Se\u00f1or (B\u00ba Fraternidad)\u00a0\u00a0\u00a0 <\/font><\/p>\n<p style=\"font-family: Verdana,Arial,Helvetica,sans-serif; font-size: 10px; font-style: normal; line-height: normal\"><strong><font color=\"#000000\">S\u00e1bado 06<\/font><\/strong><br \/><font color=\"#000000\">06:30\u00a0\u00a0 Catedral<\/font><br \/><font color=\"#000000\">20:00\u00a0\u00a0 Catedral<\/font><br \/><font color=\"#000000\">20:00\u00a0\u00a0 Capilla Esp\u00edritu Santo (B\u00ba San Mart\u00edn)<\/font><\/p>\n<p style=\"font-family: Verdana,Arial,Helvetica,sans-serif; font-size: 10px; font-style: normal; line-height: normal\"><strong><font color=\"#000000\">Domingo 07<\/font><\/strong><br \/><font color=\"#000000\">10:30\u00a0\u00a0 Catedral<\/font><br \/><font color=\"#000000\">20:00\u00a0\u00a0 Catedral <\/font><br \/>\u00a0<\/p>\n<div style=\"font-family: Verdana,Arial,Helvetica,sans-serif; font-size: 10px; font-style: normal; line-height: normal\">\n<div align=\"justify\">\u00a0<\/div>\n<div align=\"justify\"><strong><span style=\"font-size: 10px; font-style: normal; line-height: normal\"><font color=\"#000000\"><u><font style=\"font-family: Geneva,Arial,Helvetica,sans-serif; font-size: 14px; font-style: normal; line-height: normal\" color=\"#000099\">PARROQUIA \u00abNTRA. SE\u00d1ORA DE LA MERCED\u00bb &#8211; AVELLANEDA<\/font><\/u><\/font><\/span><\/strong><\/div>\n<div align=\"justify\">\u00a0<\/div>\n<div align=\"justify\" style=\"font-family: Verdana,Arial,Helvetica,sans-serif; font-size: 10px; font-style: normal; line-height: normal\"><font color=\"#000000\"><u><strong>HORARIOS DE MISAS<\/strong><\/u><\/font><\/div>\n<div align=\"justify\" style=\"font-family: Verdana,Arial,Helvetica,sans-serif; font-size: 10px; font-style: normal; line-height: normal\">\u00a0<\/div>\n<div align=\"justify\" style=\"font-family: Verdana,Arial,Helvetica,sans-serif; font-size: 10px; font-style: normal; line-height: normal\"><font color=\"#000000\"><strong>S\u00e1bado 06\u00a0de\u00a0diciembre<\/strong><br \/>16:00 hs. Charla y\u00a0Bautismos<br \/>18:30 hs. B\u00ba Libertad<br \/>18:30 hs. Santa Ana<br \/>20:00 hs. Guadalupe\u00a0\u00a0Norte<br \/>20:00 hs. El Timb\u00f3\u00a0\u2013Oratortio-<br \/>20:00 hs.\u00a0\u00a0Templo\u00a0Parroquial<\/font><\/div>\n<div align=\"justify\" style=\"font-family: Verdana,Arial,Helvetica,sans-serif; font-size: 10px; font-style: normal; line-height: normal\">\u00a0<\/div>\n<div align=\"justify\" style=\"font-family: Verdana,Arial,Helvetica,sans-serif; font-size: 10px; font-style: normal; line-height: normal\"><font color=\"#000000\"><strong>Domingo\u00a007\u00a0de\u00a0diciembre<\/strong><br \/>08:30 hs. B\u00ba Belgrano<br \/>10:00 hs. B\u00ba\u00a0\u00a0Don\u00a0\u00a0Pedro<br \/>10:00 hs. Templo Parroquial<br \/>18:30 hs. B\u00ba Port Arthur<br \/>20:00 hs.\u00a0Templo Parroquial<\/font><\/div>\n<div align=\"justify\" style=\"font-family: Verdana,Arial,Helvetica,sans-serif; font-size: 10px; font-style: normal; line-height: normal\">\u00a0<\/div>\n<div align=\"justify\" style=\"font-family: Verdana,Arial,Helvetica,sans-serif; font-size: 10px; font-style: normal; line-height: normal\"><font color=\"#000000\"><u><strong>AVISOS\u00a0\u00a0PARROQUIALES<\/strong><\/u><\/font><\/div>\n<div align=\"justify\" style=\"font-family: Verdana,Arial,Helvetica,sans-serif; font-size: 10px; font-style: normal; line-height: normal\"><strong>\u00a0<\/strong><\/div>\n<div align=\"justify\" style=\"font-family: Verdana,Arial,Helvetica,sans-serif; font-size: 10px; font-style: normal; line-height: normal\"><font color=\"#000000\"><strong>PRIMER JUEVES DE MES &#8211; ORACION POR LAS VOCACIONES : <\/strong>Ser\u00e1 el\u00a0jueves 04\u00a0de diciembre,\u00a0antes y despu\u00e9s\u00a0de la Misa, en el Templo<\/font><\/div>\n<div align=\"justify\" style=\"font-family: Verdana,Arial,Helvetica,sans-serif; font-size: 10px; font-style: normal; line-height: normal\">\u00a0<\/div>\n<div align=\"justify\" style=\"font-family: Verdana,Arial,Helvetica,sans-serif; font-size: 10px; font-style: normal; line-height: normal\"><font color=\"#000000\"><strong>PRIMER VIERNES DE MES &#8211; ADORACION AL SANTISIMO:<\/strong> Ser\u00e1 el\u00a0viernes 05 de diciembre, antes y despu\u00e9s de la Misa, en el Templo<\/font><\/div>\n<div align=\"justify\" style=\"font-family: Verdana,Arial,Helvetica,sans-serif; font-size: 10px; font-style: normal; line-height: normal\"><strong>\u00a0<\/strong><\/div>\n<div align=\"justify\" style=\"font-family: Verdana,Arial,Helvetica,sans-serif; font-size: 10px; font-style: normal; line-height: normal\"><font color=\"#000000\"><strong>MISA EN BARRIO NUEVO:<\/strong> Ser\u00e1\u00a0el viernes\u00a005 de Diciembre\u00a0a las\u00a019:00 hs.<\/font><\/div>\n<div align=\"justify\" style=\"font-family: Verdana,Arial,Helvetica,sans-serif; font-size: 10px; font-style: normal; line-height: normal\">\u00a0<\/div>\n<div align=\"justify\" style=\"font-family: Verdana,Arial,Helvetica,sans-serif; font-size: 10px; font-style: normal; line-height: normal\"><font color=\"#000000\"><strong>HORA DE GRACIA:<\/strong>\u00a0Como todos los a\u00f1os, la HORA DE GRACIA\u00a0se rezar\u00e1 en el Templo Parroquial, el d\u00eda lunes 08 de diciembre, de 11:30 a 12:30 hs.<\/font><\/div>\n<div align=\"justify\" style=\"font-family: Verdana,Arial,Helvetica,sans-serif; font-size: 10px; font-style: normal; line-height: normal\">\u00a0<\/div>\n<div align=\"justify\" style=\"font-family: Verdana,Arial,Helvetica,sans-serif; font-size: 10px; font-style: normal; line-height: normal\"><font color=\"#000000\"><strong>NOVENA A LA INMACULADA CONCEPCI\u00d3N: <\/strong>Continuamos rezando el Santo Rosario, a las 06:15 hs. en la Capilla de Lourdes.<br \/>El domingo 07 de diciembre habr\u00e1 Adoraci\u00f3n al Sant\u00edsimo \u2013en el Templo- desde las 21:00 hs. y hasta el lunes 08, a las 08:00 hs.\u00a0<strong>\u00a0La Misa ser\u00e1 el lunes 8, a las 20:00 hs. en el Templo.<\/strong><\/font><\/div>\n<div align=\"justify\" style=\"font-family: Verdana,Arial,Helvetica,sans-serif; font-size: 10px; font-style: normal; line-height: normal\">\u00a0<\/div>\n<div align=\"justify\" style=\"font-family: Verdana,Arial,Helvetica,sans-serif; font-size: 10px; font-style: normal; line-height: normal\"><font color=\"#000000\"><strong>MISA de la RENOVACION CARISMATICA:<\/strong> La Misa ser\u00e1 el\u00a0\u00a0jueves 11 de diciembre, a las 20:30 hs. en la Capilla del B\u00ba Don Pedro<\/font><\/div>\n<div style=\"font-family: Verdana,Arial,Helvetica,sans-serif; font-size: 10px; font-style: normal; line-height: normal\"><font color=\"#000000\"><strong><br \/><\/strong><\/font><\/p>\n<div align=\"justify\"><font color=\"#000000\"><strong>GUADALUPE\u00a0\u00a0NORTE &#8211; FIESTA PATRONAL:<\/strong> La comunidad de Guadalupe Norte se prepara a vivir su fiesta patronal.<\/font><br \/><font color=\"#000000\">Desde el mi\u00e9rcoles 03, todos los d\u00edas, Rosario de la Aurora, a las 06:00 hs. y Celebraciones de la Palabra.\u00a0<em><strong>Lunes 8<\/strong><\/em>,\u00a0a las 20:00 hs. Santa Misa. <em><strong>Viernes 12-<\/strong><\/em>Fiesta Patronal-:\u00a0\u00a019:00 hs. procesi\u00f3n y luego Santa Misa. <strong><em>S\u00e1bado 13:<\/em><\/strong> 21:00 hs. Festejos en el Club de Guadalupe, venta de asado, chorizos, grupos musicales y sorteo del Bono. <\/font><\/div>\n<\/div>\n<div align=\"justify\">\u00a0<\/div>\n<div align=\"justify\">\u00a0<\/div>\n<\/div>\n<div align=\"justify\"><strong><span style=\"font-size: 10px; font-style: normal; line-height: normal\"><font color=\"#000000\"><u><font style=\"font-family: Geneva,Arial,Helvetica,sans-serif; font-size: 14px; font-style: normal; line-height: normal\" color=\"#000099\">PARROQUIA \u00abMAR\u00cdA MADRE DE DIOS\u00bb &#8211; RECONQUISTA<\/font><\/u><\/font><\/span><\/strong><\/div>\n<p><\/p>\n<div align=\"justify\" style=\"font-family: Verdana,Arial,Helvetica,sans-serif; font-size: 10px; font-style: normal; line-height: normal\">\u00a0<\/div>\n<div align=\"justify\" style=\"font-family: Verdana,Arial,Helvetica,sans-serif; font-size: 10px; font-style: normal; line-height: normal\"><strong><span style=\"font-size: 10px; font-style: normal; line-height: normal\"><font color=\"#000000\"><u><font style=\"font-family: Geneva,Arial,Helvetica,sans-serif; font-size: 14px; font-style: normal; line-height: normal\" color=\"#000099\">PARROQUIA \u00abSAN JOS\u00c9\u00bb &#8211; RECONQUISTA<\/font><\/u><\/font><\/span><\/strong><font color=\"#000000\"><\/font><\/div>\n<div align=\"justify\" style=\"font-family: Verdana,Arial,Helvetica,sans-serif; font-size: 10px; font-style: normal; line-height: normal\">\u00a0<\/div>\n<div align=\"justify\" style=\"font-family: Verdana,Arial,Helvetica,sans-serif; font-size: 10px; font-style: normal; line-height: normal\"><font color=\"#000000\"><strong>Martes\u00a0 02 <\/strong><br \/>17.30 hs\u00a0 Adoraci\u00f3n Eucar\u00edstica<br \/>18.30 hs\u00a0 Misa en el Templo Parroquial<\/font><\/div>\n<div align=\"justify\" style=\"font-family: Verdana,Arial,Helvetica,sans-serif; font-size: 10px; font-style: normal; line-height: normal\">\u00a0<\/div>\n<div align=\"justify\" style=\"font-family: Verdana,Arial,Helvetica,sans-serif; font-size: 10px; font-style: normal; line-height: normal\"><font color=\"#000000\"><strong>Miercoles 03<\/strong><br \/>18:30 hs\u00a0 Misa en el Puerto Reconquista<\/font><\/div>\n<div align=\"justify\" style=\"font-family: Verdana,Arial,Helvetica,sans-serif; font-size: 10px; font-style: normal; line-height: normal\">\u00a0<\/div>\n<div align=\"justify\" style=\"font-family: Verdana,Arial,Helvetica,sans-serif; font-size: 10px; font-style: normal; line-height: normal\"><font color=\"#000000\"><strong>Jueves 04<\/strong><br \/>17:30 hs\u00a0 Grupo de Oraci\u00f3n<br \/>18:30 hs\u00a0 Misa<\/font><\/div>\n<div align=\"justify\" style=\"font-family: Verdana,Arial,Helvetica,sans-serif; font-size: 10px; font-style: normal; line-height: normal\">\u00a0<\/div>\n<div align=\"justify\" style=\"font-family: Verdana,Arial,Helvetica,sans-serif; font-size: 10px; font-style: normal; line-height: normal\"><font color=\"#000000\"><strong>Viernes\u00a0 05 &#8211; Apertura Diocesana del a\u00f1o de la Vida Consagrada.<\/strong><br \/>20 hs\u00a0 Misa en B\u00ba Las Flores<\/font><\/div>\n<div align=\"justify\" style=\"font-family: Verdana,Arial,Helvetica,sans-serif; font-size: 10px; font-style: normal; line-height: normal\">\u00a0<\/div>\n<div align=\"justify\" style=\"font-family: Verdana,Arial,Helvetica,sans-serif; font-size: 10px; font-style: normal; line-height: normal\"><font color=\"#000000\"><strong>S\u00e1bado 06<\/strong><br \/>17:45 hs\u00a0 Adoraci\u00f3n Eucar\u00edstica en el Templo Parroquial, pidiendo por la Vida Consagrada<br \/>18:30 hs\u00a0 Misa en el Templo Parroquial y en B\u00ba Carmen Luisa.<br \/>20:30 hs\u00a0 Misa en La Esmeralda.<\/font><\/div>\n<div align=\"justify\" style=\"font-family: Verdana,Arial,Helvetica,sans-serif; font-size: 10px; font-style: normal; line-height: normal\"><strong>\u00a0<\/strong><\/div>\n<div align=\"justify\" style=\"font-family: Verdana,Arial,Helvetica,sans-serif; font-size: 10px; font-style: normal; line-height: normal\"><font color=\"#000000\"><strong>Domingo 07<\/strong><br \/>09:00 hs\u00a0 Misa en Casa Nazaret.\u00a0\u00a0 <br \/>10:30 hs\u00a0 Misa en Templo Parroquial\u00a0\u00a0\u00a0\u00a0\u00a0\u00a0\u00a0\u00a0\u00a0\u00a0\u00a0\u00a0\u00a0\u00a0\u00a0\u00a0\u00a0\u00a0\u00a0\u00a0\u00a0\u00a0\u00a0\u00a0\u00a0\u00a0\u00a0\u00a0\u00a0\u00a0 <br \/><\/font><\/div>\n<div align=\"justify\" style=\"font-family: Verdana,Arial,Helvetica,sans-serif; font-size: 10px; font-style: normal; line-height: normal\">\u00a0<\/div>\n<div align=\"justify\" style=\"font-family: Verdana,Arial,Helvetica,sans-serif; font-size: 10px; font-style: normal; line-height: normal\"><em><strong><font color=\"#000000\">La secretaria parroquial atender\u00e1 martes y jueves de 09:00 hs a 11:30 hs.\u00a0 <\/font><\/strong><\/em><\/div>\n<div align=\"justify\">\u00a0<\/div>\n<div align=\"justify\">\u00a0<\/div>\n<div align=\"justify\"><font color=\"#000080\"><u><strong style=\"font-family: Geneva,Arial,Helvetica,sans-serif; font-size: 14px; font-style: normal; line-height: normal\">PARROQUIA \u00abSAN LUIS GONZAGA\u00bb &#8211; CALCHAQU\u00cd<\/strong><\/u><\/font><\/div>\n<div align=\"justify\">\u00a0<\/div>\n<div align=\"justify\" style=\"font-family: Verdana,Arial,Helvetica,sans-serif; font-size: 10px; font-style: normal; line-height: normal\"><font color=\"#000000\"><strong>MARTES 02<\/strong><br \/>20:00 Misa en el Barrio Malvinas. Ser\u00e1 en el Parquecito del Barrio. Se bendecir\u00e1 agua y objetos de devoci\u00f3n.<br \/>21:00 Reuni\u00f3n y evaluaci\u00f3n de Caritas Parroquial. Ser\u00e1 en el sal\u00f3n de la Capilla \u201cSanta Rosa\u201d.<\/font><\/div>\n<div align=\"justify\" style=\"font-family: Verdana,Arial,Helvetica,sans-serif; font-size: 10px; font-style: normal; line-height: normal\"><font color=\"#000000\">\u00a0<\/font><\/div>\n<div align=\"justify\" style=\"font-family: Verdana,Arial,Helvetica,sans-serif; font-size: 10px; font-style: normal; line-height: normal\"><font color=\"#000000\"><strong>MI\u00c9RCOLES 03<\/strong><br \/>19:00 Misa en \u201cSan Cayetano\u201d. Ser\u00e1 al lado de la \u201cCapilla\u201d Se bendecir\u00e1 agua y objetos de devoci\u00f3n.<br \/>20:30 Encuentros Conyugales invita a rezar por las familias. Ser\u00e1 en el predio de \u201cJes\u00fas Misericordioso\u201d en el barrio \u201cCarlos Gardel\u201d. Llevar im\u00e1genes de Mar\u00eda y antorchas.<\/font><\/div>\n<div align=\"justify\" style=\"font-family: Verdana,Arial,Helvetica,sans-serif; font-size: 10px; font-style: normal; line-height: normal\"><font color=\"#000000\">\u00a0<\/font><\/div>\n<div align=\"justify\" style=\"font-family: Verdana,Arial,Helvetica,sans-serif; font-size: 10px; font-style: normal; line-height: normal\"><font color=\"#000000\"><strong>JUEVES 04<\/strong><br \/>18:30 Reuni\u00f3n de Consejo de Pastoral.<br \/>20:15 Misa en el Templo. <\/font><\/div>\n<div align=\"justify\" style=\"font-family: Verdana,Arial,Helvetica,sans-serif; font-size: 10px; font-style: normal; line-height: normal\"><font color=\"#000000\">\u00a0<\/font><\/div>\n<div align=\"justify\" style=\"font-family: Verdana,Arial,Helvetica,sans-serif; font-size: 10px; font-style: normal; line-height: normal\"><font color=\"#000000\"><strong>VIERNES 05<\/strong><br \/>20:15 Misa en el Templo.<\/font><\/div>\n<div align=\"justify\" style=\"font-family: Verdana,Arial,Helvetica,sans-serif; font-size: 10px; font-style: normal; line-height: normal\"><font color=\"#000000\">\u00a0<\/font><\/div>\n<div align=\"justify\" style=\"font-family: Verdana,Arial,Helvetica,sans-serif; font-size: 10px; font-style: normal; line-height: normal\"><font color=\"#000000\"><strong>S\u00c1BADO 06<\/strong><br \/>18:00 Misa en Capilla \u201cSanta Rosa\u201d.<br \/>20:00 Misa en el Templo.<\/font><\/div>\n<div align=\"justify\" style=\"font-family: Verdana,Arial,Helvetica,sans-serif; font-size: 10px; font-style: normal; line-height: normal\"><font color=\"#000000\">\u00a0<\/font><\/div>\n<div align=\"justify\" style=\"font-family: Verdana,Arial,Helvetica,sans-serif; font-size: 10px; font-style: normal; line-height: normal\"><font color=\"#000000\"><strong>DOMINGO 07 <\/strong><br \/>10:00 Misa en el Templo. Luego bendiciones de agua y objetos de devoci\u00f3n.<br \/>18:00 Comienza novena a la Virgen de la Dulce Espera.<br \/>20:00 Misa en el Templo.<\/font><\/div>\n<div align=\"justify\" style=\"font-family: Verdana,Arial,Helvetica,sans-serif; font-size: 10px; font-style: normal; line-height: normal\"><font color=\"#000000\">\u00a0<\/font><\/div>\n<div align=\"justify\" style=\"font-family: Verdana,Arial,Helvetica,sans-serif; font-size: 10px; font-style: normal; line-height: normal\"><font color=\"#000000\"><strong>LUNES 08 la Inmaculada Concepci\u00f3n<\/strong><br \/>09:30 Procesi\u00f3n de ni\u00f1os desde la imagen de Ntra. Sra. de Lourdes que est\u00e1 sobre Boulevard Belgrano, luego celebraci\u00f3n en el Templo.<br \/>12.00 \u201cHora de Gracia\u201d en el Templo.<br \/>17:00 Procesi\u00f3n desde el Templo hacia el Oratorio \u201cNuestra Se\u00f1ora de Itat\u00ed\u201d, para celebrar luego la Misa y abrir el A\u00f1o Jubilar Parroquial. <\/font><\/div>\n<div align=\"justify\" style=\"font-family: Verdana,Arial,Helvetica,sans-serif; font-size: 10px; font-style: normal; line-height: normal\"><font color=\"#000000\">\u00a0<\/font><\/div>\n<div align=\"justify\" style=\"font-family: Verdana,Arial,Helvetica,sans-serif; font-size: 10px; font-style: normal; line-height: normal\"><font color=\"#000000\"><strong>CONFESIONES PARA NAVIDAD:<\/strong> ser\u00e1n el 17 de diciembre.<br \/>\u00a0 \u00a0 \u00a0 \u00a0 \u00a0 \u00a0 \u00a0 \u00a0 \u00a0 \u00a0 \u00a0 \u00a0 \u00a0 \u00a0 \u00a0 \u00a0 \u00a0 <\/font><\/div>\n<div align=\"center\" style=\"font-family: Verdana,Arial,Helvetica,sans-serif; font-size: 10px; font-style: normal; line-height: normal\"><em><font color=\"#000000\">\u00abJes\u00fas nuestra alegr\u00eda, caminando \u00a0lo anunciamos\u201d.<\/font><\/em><\/div>\n<div align=\"justify\" style=\"font-family: Verdana,Arial,Helvetica,sans-serif; font-size: 10px; font-style: normal; line-height: normal\">\u00a0<\/div>\n<div align=\"justify\" style=\"font-size: 10px; font-style: normal; line-height: normal\">\u00a0<\/div>\n<div align=\"justify\" style=\"font-family: Verdana,Arial,Helvetica,sans-serif; font-size: 10px; font-style: normal; line-height: normal\"><strong><span style=\"font-size: 10px; font-style: normal; line-height: normal\"><font color=\"#000000\"><u><font style=\"font-family: Geneva,Arial,Helvetica,sans-serif; font-size: 14px; font-style: normal; line-height: normal\" color=\"#000099\">PARROQUIA \u00abNTRA. SE\u00d1ORA DEL HUERTO\u00bb &#8211; MALABRIGO<\/font><\/u><\/font><\/span><\/strong><\/div>\n<div align=\"justify\" style=\"font-family: Verdana,Arial,Helvetica,sans-serif; font-size: 10px; font-style: normal; line-height: normal\">\u00a0<\/div>\n<div align=\"justify\" style=\"font-family: Verdana,Arial,Helvetica,sans-serif; font-size: 10px; font-style: normal; line-height: normal\"><font color=\"#000000\"><strong>Mi\u00e9rcoles 03<\/strong><br \/>20,00 hs Celebraci\u00f3n de la Palabra<br \/><strong>Inscripci\u00f3n para la Catequesis<\/strong>: Est\u00e1 abierta la inscripci\u00f3n para Segundo A\u00f1o de Catequesis Familiar. La inscripci\u00f3n para Primer A\u00f1o se realizar\u00e1 a fines de febrero de 2015<\/font><\/div>\n<div align=\"justify\" style=\"font-family: Verdana,Arial,Helvetica,sans-serif; font-size: 10px; font-style: normal; line-height: normal\">\u00a0<\/div>\n<div align=\"justify\" style=\"font-family: Verdana,Arial,Helvetica,sans-serif; font-size: 10px; font-style: normal; line-height: normal\"><font color=\"#000000\"><strong>Jueves 04<\/strong><br \/>16,00 hs Hora Santa por las vocaciones<br \/>20,00 hs Misa en el Templo<br \/>20,45 hs Reuni\u00f3n de los ministros de la Comuni\u00f3n<\/font><\/div>\n<div align=\"justify\" style=\"font-family: Verdana,Arial,Helvetica,sans-serif; font-size: 10px; font-style: normal; line-height: normal\">\u00a0<\/div>\n<div align=\"justify\" style=\"font-family: Verdana,Arial,Helvetica,sans-serif; font-size: 10px; font-style: normal; line-height: normal\"><font color=\"#000000\"><strong>Viernes 05<\/strong><br \/>18,00 hs Misa de primer viernes de mes<br \/>18,00 hs Caminata mensual hacia el oratorio de la Virgen desatanudos<br \/>20,00 hs Misa en Santa Catalina<\/font><\/div>\n<div align=\"justify\" style=\"font-family: Verdana,Arial,Helvetica,sans-serif; font-size: 10px; font-style: normal; line-height: normal\">\u00a0<\/div>\n<div align=\"justify\" style=\"font-family: Verdana,Arial,Helvetica,sans-serif; font-size: 10px; font-style: normal; line-height: normal\"><font color=\"#000000\"><strong>S\u00e1bado 06<\/strong><br \/>18,00 hs Misa en Campo Ramseyer<br \/>20,00 hs Misa en el Templo<br \/><strong>Talleres de Oraci\u00f3n y Vida:<\/strong> Concluy\u00f3 el ciclo de formaci\u00f3n de Gu\u00edas para los Talleres que se desarroll\u00f3 a lo largo de todo este a\u00f1o. Cuatro miembros de nuestra comunidad recibir\u00e1n el mandato como Gu\u00edas en la Misa de ma\u00f1ana domingo 7 de diciembre a las 20 hs. Luego habr\u00e1 un encuentro fraterno a la canasta. <\/font><\/div>\n<div align=\"justify\" style=\"font-family: Verdana,Arial,Helvetica,sans-serif; font-size: 10px; font-style: normal; line-height: normal\">\u00a0<\/div>\n<div align=\"justify\" style=\"font-family: Verdana,Arial,Helvetica,sans-serif; font-size: 10px; font-style: normal; line-height: normal\"><font color=\"#000000\"><strong>Domingo 07 <\/strong><br \/>08,30 hs Misa en Barrio San Jos\u00e9<br \/>10,00 hs Misa en Berna<br \/>20,00 hs Misa en el Templo<\/font><br \/>\u00a0<\/div>\n","protected":false},"excerpt":{"rendered":"<div class=\"mh-excerpt\"><div style=\"text-align: center\"><strong><font color=\"#000000\"><u><font style=\"font-family: Geneva,Arial,Helvetica,sans-serif; font-size: 14px; font-style: normal; line-height: normal\" color=\"#000099\"><strong><font color=\"#000000\"><u><font style=\"font-family: Geneva,Arial,Helvetica,sans-serif; font-size: 14px; font-style: normal; line-height: normal\" color=\"#000099\"><img loading=\"lazy\" decoding=\"async\" src=\"https:\/\/fbcdn-sphotos-g-a.akamaihd.net\/hphotos-ak-xpa1\/v\/t1.0-9\/10422509_699087743521053_5064346962273245343_n.jpg?oh=62ffa075fa397cc2ec74611590e1899c&#038;oe=54ED9AC3&#038;__gda__=1424911227_a5c047714f62d78907a956c07462eb84\" border=\"0\" width=\"371\" height=\"269\" \/><\/p>\n<\/div>","protected":false},"author":1,"featured_media":0,"comment_status":"open","ping_status":"open","sticky":false,"template":"","format":"standard","meta":{"footnotes":""},"categories":[28],"tags":[],"class_list":["post-1005","post","type-post","status-publish","format-standard","hentry","category-latest-news"],"_links":{"self":[{"href":"https:\/\/www.obispadorqta.org.ar\/v3\/wp-json\/wp\/v2\/posts\/1005","targetHints":{"allow":["GET"]}}],"collection":[{"href":"https:\/\/www.obispadorqta.org.ar\/v3\/wp-json\/wp\/v2\/posts"}],"about":[{"href":"https:\/\/www.obispadorqta.org.ar\/v3\/wp-json\/wp\/v2\/types\/post"}],"author":[{"embeddable":true,"href":"https:\/\/www.obispadorqta.org.ar\/v3\/wp-json\/wp\/v2\/users\/1"}],"replies":[{"embeddable":true,"href":"https:\/\/www.obispadorqta.org.ar\/v3\/wp-json\/wp\/v2\/comments?post=1005"}],"version-history":[{"count":0,"href":"https:\/\/www.obispadorqta.org.ar\/v3\/wp-json\/wp\/v2\/posts\/1005\/revisions"}],"wp:attachment":[{"href":"https:\/\/www.obispadorqta.org.ar\/v3\/wp-json\/wp\/v2\/media?parent=1005"}],"wp:term":[{"taxonomy":"category","embeddable":true,"href":"https:\/\/www.obispadorqta.org.ar\/v3\/wp-json\/wp\/v2\/categories?post=1005"},{"taxonomy":"post_tag","embeddable":true,"href":"https:\/\/www.obispadorqta.org.ar\/v3\/wp-json\/wp\/v2\/tags?post=1005"}],"curies":[{"name":"wp","href":"https:\/\/api.w.org\/{rel}","templated":true}]}}