{"id":1006,"date":"2014-12-02T14:58:16","date_gmt":"2014-12-02T14:58:16","guid":{"rendered":"http:\/\/www.obispadorqta.org.ar\/v3\/vidaconsagrada\/"},"modified":"2014-12-02T14:58:16","modified_gmt":"2014-12-02T14:58:16","slug":"vidaconsagrada","status":"publish","type":"post","link":"https:\/\/www.obispadorqta.org.ar\/v3\/vidaconsagrada\/","title":{"rendered":"A\u00f1o Internacional De La Vida Consagrada"},"content":{"rendered":"<div style=\"text-align: center\"><img loading=\"lazy\" decoding=\"async\" src=\"http:\/\/www.revistaecclesia.com\/wp-content\/uploads\/2014\/10\/wcnfr_noticia_3682full-BQ5f4JZUJijwGYAv.jpg\" border=\"0\" width=\"300\" height=\"131\" \/><\/div>\n<div style=\"text-align: center\">\u00a0<\/div>\n<div style=\"text-align: justify\">\u00a0Habiendo comenzado el a\u00f1o internacional de la Vida consagrada, a nivel diocesano se estar\u00e1 inaugurando esta iniciativa el d\u00eda 05 de diciembre a las 10:30 hs. con la celebraci\u00f3n de la Santa Misa presidida por nuestro obispo, Mons. \u00c1ngel Jos\u00e9 Mac\u00edn, en el Carmelo, ubicado en calle 38 N\u00ba 1938 del barrio Lanceros del Sauce de Reconquista. En caso de lluvia o excesivo calor, esta actividad se llevara a cabo en Casa de Itat\u00ed, en la ciudad de Avellaneda.\u00a0<\/div>\n<div style=\"text-align: justify\">En referencia a este a\u00f1o que ha comenzado el domingo pr\u00f3ximo pasado, hacemos extensivo un fragmento del texto publicado por la Hna. Mercedes Casas S\u00e1nchez, presidenta de la C.L.A.R. (Confederaci\u00f3n Caribe\u00f1a y Latinoamericana de Religiosas\/os) en ocasi\u00f3n al a\u00f1o internacional de la Vida Consagrada:<\/div>\n<div style=\"text-align: justify\"><\/div>\n<div style=\"text-align: justify\">\u201cEl inicio de este a\u00f1o dedicado a la Vida Consagrada, coincide con el primer domingo de Adviento, el tiempo por excelencia de la esperanza, la cual debe caracterizarnos siempre.<\/div>\n<div style=\"text-align: justify\">Nuestra buena Madre Mar\u00eda nos acompa\u00f1a. Ella, la Virgen de la Esperanza, causa de nuestra alegr\u00eda , nos ense\u00f1e, con su Magn\u00edficat, a \u201cmirar el pasado con gratitud, el futuro con esperanza y el presente con pasi\u00f3n\u201d. De su mano entremos por la puerta de este Adviento, tiempo que expresa muy bien los anhelos que tenemos de una Vida Religiosa m\u00e1s humana, m\u00e1s aut\u00e9ntica, m\u00e1s sencilla y m\u00e1s evang\u00e9lica; una Vida Religiosa que exprese la calidez de la ternura y de la alegr\u00eda y aprenda con humildad, a escrutar la presencia de Dios y los signos de los tiempos, para caminar, con prontitud y docilidad, por los caminos del Esp\u00edritu.<\/div>\n<div style=\"text-align: justify\"><\/div>\n<div>\u00a0<\/div>\n<div>\u00a0<\/div>\n","protected":false},"excerpt":{"rendered":"<div class=\"mh-excerpt\"><div style=\"text-align: center\"><img loading=\"lazy\" decoding=\"async\" src=\"http:\/\/www.revistaecclesia.com\/wp-content\/uploads\/2014\/10\/wcnfr_noticia_3682full-BQ5f4JZUJijwGYAv.jpg\" border=\"0\" width=\"300\" height=\"131\" \/><\/div>\n<div style=\"text-align: center\">\u00a0<\/div>\n<div style=\"text-align: justify\">\u00a0Habiendo comenzado el a\u00f1o internacional de la Vida consagrada, a nivel diocesano se estar\u00e1 inaugurando esta iniciativa el d\u00eda 05 de diciembre a las 10:30 hs. con la celebraci\u00f3n de la Santa Misa presidida por nuestro obispo, Mons. \u00c1ngel Jos\u00e9 Mac\u00edn, en el Carmelo, ubicado en calle 38 N\u00ba 1938 del barrio Lanceros del Sauce de Reconquista. En caso de lluvia o excesivo calor, esta actividad se llevara a cabo en Casa de Itat\u00ed, en la ciudad de Avellaneda.\u00a0<\/div>\n<\/div>","protected":false},"author":1,"featured_media":0,"comment_status":"open","ping_status":"open","sticky":false,"template":"","format":"standard","meta":{"footnotes":""},"categories":[28],"tags":[],"class_list":["post-1006","post","type-post","status-publish","format-standard","hentry","category-latest-news"],"_links":{"self":[{"href":"https:\/\/www.obispadorqta.org.ar\/v3\/wp-json\/wp\/v2\/posts\/1006","targetHints":{"allow":["GET"]}}],"collection":[{"href":"https:\/\/www.obispadorqta.org.ar\/v3\/wp-json\/wp\/v2\/posts"}],"about":[{"href":"https:\/\/www.obispadorqta.org.ar\/v3\/wp-json\/wp\/v2\/types\/post"}],"author":[{"embeddable":true,"href":"https:\/\/www.obispadorqta.org.ar\/v3\/wp-json\/wp\/v2\/users\/1"}],"replies":[{"embeddable":true,"href":"https:\/\/www.obispadorqta.org.ar\/v3\/wp-json\/wp\/v2\/comments?post=1006"}],"version-history":[{"count":0,"href":"https:\/\/www.obispadorqta.org.ar\/v3\/wp-json\/wp\/v2\/posts\/1006\/revisions"}],"wp:attachment":[{"href":"https:\/\/www.obispadorqta.org.ar\/v3\/wp-json\/wp\/v2\/media?parent=1006"}],"wp:term":[{"taxonomy":"category","embeddable":true,"href":"https:\/\/www.obispadorqta.org.ar\/v3\/wp-json\/wp\/v2\/categories?post=1006"},{"taxonomy":"post_tag","embeddable":true,"href":"https:\/\/www.obispadorqta.org.ar\/v3\/wp-json\/wp\/v2\/tags?post=1006"}],"curies":[{"name":"wp","href":"https:\/\/api.w.org\/{rel}","templated":true}]}}