{"id":1007,"date":"2014-12-04T11:41:10","date_gmt":"2014-12-04T11:41:10","guid":{"rendered":"http:\/\/www.obispadorqta.org.ar\/v3\/colecta-mas-por-menos-casi-22-millones-de-pesos-en-recaudacion-en-el-ano-2014\/"},"modified":"2014-12-04T11:41:10","modified_gmt":"2014-12-04T11:41:10","slug":"colecta-mas-por-menos-casi-22-millones-de-pesos-en-recaudacion-en-el-ano-2014","status":"publish","type":"post","link":"https:\/\/www.obispadorqta.org.ar\/v3\/colecta-mas-por-menos-casi-22-millones-de-pesos-en-recaudacion-en-el-ano-2014\/","title":{"rendered":"Colecta Mas por Menos: Casi 22 millones de pesos en recaudaci\u00f3n en el a\u00f1o 2014"},"content":{"rendered":"<div align=\"justify\"><font color=\"#000000\"><\/p>\n<div style=\"text-align: center\"><img loading=\"lazy\" decoding=\"async\" src=\"https:\/\/scontent-b-mia.xx.fbcdn.net\/hphotos-xfp1\/v\/t1.0-9\/10565169_710854782344349_89171395390362449_n.jpg?oh=58d503a3bdbfc05e1abdb27b175a775f&#038;oe=55023297\" border=\"0\" width=\"346\" height=\"220\" \/><\/div>\n<div style=\"text-align: center\">\u00a0<\/div>\n<p>La Comisi\u00f3n Episcopal de Ayuda a las Regiones M\u00e1s Necesitadas inform\u00f3 que la<strong> Colecta M\u00e1s por Menos 2014<\/strong>, que se realiz\u00f3 en septiembre pasado, recaud\u00f3 al 2 de diciembre <strong>la suma parcial de 21.902.307,66 pesos<\/strong> y hasta el cierre del ejercicio sigue recibiendo donaciones a trav\u00e9s de sus canales habituales. <\/font><br \/> <font color=\"#000000\">En el marco de la reciente 108\u00ba Asamblea Plenaria de la Conferencia Episcopal Argentina, el organismo renov\u00f3 sus autoridades. El nuevo presidente es el obispo-prelado de Humahuaca, monse\u00f1or Pedro Olmedo Rivero CMF, y sus integrantes son los obispos Adolfo Uriona, electo de Villa de la Concepci\u00f3n del R\u00edo Cuarto; Dami\u00e1n Bitar, de Ober\u00e1 y Jos\u00e9 Slaby CSsR, de Esquel. <\/font><\/p>\n<p><font color=\"#000000\">La nueva comisi\u00f3n se reuni\u00f3 para proceder a distribuir los fondos recaudados durante la campa\u00f1a 2014 que llev\u00f3 por lema<em> \u201c\u00a1Gracias por tu ayuda! <\/em><\/font><\/p>\n<p><font color=\"#000000\">El organismo adjudic\u00f3 la suma de 14.750.000 pesos para las 25 di\u00f3cesis consideradas m\u00e1s necesitadas, en sus cinco prioridades. <\/font><\/p>\n<p><font color=\"#000000\">Asimismo, atendi\u00f3 278 proyectos provenientes de las di\u00f3cesis \u201cmenos necesitadas\u201d, en sus dos prioridades y de comisiones y delegaciones episcopales, con la suma de 5.304.000 pesos, incluido un aporte por cat\u00e1strofe a la di\u00f3cesis de Neuqu\u00e9n. <\/font><\/p>\n<p><font color=\"#000000\">Es decir, que ya distribuy\u00f3 un total de 20.054.000, quedando el remanente para posibles ayudas por cat\u00e1strofe y emergencias durante 2015. <\/font><\/div>\n<div align=\"justify\"><font color=\"#000000\">La Comisi\u00f3n inform\u00f3 que en los primeros meses del a\u00f1o pr\u00f3ximo se enviar\u00e1 el rinde cuentas pormenorizado de la recaudaci\u00f3n, de los montos asignados en 2014 y de las obras realizadas en 2013, y agradeci\u00f3 \u201cvivamente a todos cuantos han hecho posible estas ayudas a las regiones m\u00e1s necesitadas de Argentina\u201d. <\/font><\/p>\n<p><strong><font color=\"#000000\">C\u00f3mo colaborar todo el a\u00f1o<\/font><\/strong><br \/><font color=\"#000000\">El administrador de la colecta, Luis Porrini, explic\u00f3 que la Comisi\u00f3n Episcopal de Ayuda a las Regiones m\u00e1s Necesitadas recibe donaciones todo el a\u00f1o. <\/font><br \/><font color=\"#000000\">Informes: (011) 4394-2065,\u00a0colectamaspormenos@infovia.com.ar\u00a0ycolectamaspormenos@speedy.com.ar\u00a0o en la p\u00e1gina webwww.colectamaspormenos.com.ar.+ <\/font><\/div>\n","protected":false},"excerpt":{"rendered":"<div class=\"mh-excerpt\"><div align=\"justify\"><font color=\"#000000\"><\/p>\n<div style=\"text-align: center\"><img loading=\"lazy\" decoding=\"async\" src=\"https:\/\/scontent-b-mia.xx.fbcdn.net\/hphotos-xfp1\/v\/t1.0-9\/10565169_710854782344349_89171395390362449_n.jpg?oh=58d503a3bdbfc05e1abdb27b175a775f&#038;oe=55023297\" border=\"0\" width=\"346\" height=\"220\" \/><\/div>\n<div style=\"text-align: center\">\u00a0<\/div>\n<p>La Comisi\u00f3n Episcopal de Ayuda a las Regiones M\u00e1s Necesitadas inform\u00f3 que la<strong> Colecta M\u00e1s por Menos 2014<\/strong>, que se realiz\u00f3 en septiembre pasado, recaud\u00f3 al 2 de diciembre <strong>la suma parcial de 21.902.307,66 pesos<\/strong> y hasta el cierre del ejercicio sigue recibiendo donaciones a trav\u00e9s de sus canales habituales. <\/font><\/p>\n<\/div>","protected":false},"author":1,"featured_media":0,"comment_status":"open","ping_status":"open","sticky":false,"template":"","format":"standard","meta":{"footnotes":""},"categories":[28],"tags":[],"class_list":["post-1007","post","type-post","status-publish","format-standard","hentry","category-latest-news"],"_links":{"self":[{"href":"https:\/\/www.obispadorqta.org.ar\/v3\/wp-json\/wp\/v2\/posts\/1007","targetHints":{"allow":["GET"]}}],"collection":[{"href":"https:\/\/www.obispadorqta.org.ar\/v3\/wp-json\/wp\/v2\/posts"}],"about":[{"href":"https:\/\/www.obispadorqta.org.ar\/v3\/wp-json\/wp\/v2\/types\/post"}],"author":[{"embeddable":true,"href":"https:\/\/www.obispadorqta.org.ar\/v3\/wp-json\/wp\/v2\/users\/1"}],"replies":[{"embeddable":true,"href":"https:\/\/www.obispadorqta.org.ar\/v3\/wp-json\/wp\/v2\/comments?post=1007"}],"version-history":[{"count":0,"href":"https:\/\/www.obispadorqta.org.ar\/v3\/wp-json\/wp\/v2\/posts\/1007\/revisions"}],"wp:attachment":[{"href":"https:\/\/www.obispadorqta.org.ar\/v3\/wp-json\/wp\/v2\/media?parent=1007"}],"wp:term":[{"taxonomy":"category","embeddable":true,"href":"https:\/\/www.obispadorqta.org.ar\/v3\/wp-json\/wp\/v2\/categories?post=1007"},{"taxonomy":"post_tag","embeddable":true,"href":"https:\/\/www.obispadorqta.org.ar\/v3\/wp-json\/wp\/v2\/tags?post=1007"}],"curies":[{"name":"wp","href":"https:\/\/api.w.org\/{rel}","templated":true}]}}