{"id":1009,"date":"2014-12-09T15:00:25","date_gmt":"2014-12-09T15:00:25","guid":{"rendered":"http:\/\/www.obispadorqta.org.ar\/v3\/cartapastoral20144\/"},"modified":"2014-12-09T15:00:25","modified_gmt":"2014-12-09T15:00:25","slug":"cartapastoral20144","status":"publish","type":"post","link":"https:\/\/www.obispadorqta.org.ar\/v3\/cartapastoral20144\/","title":{"rendered":"Carta Pastoral \u00abA\u00f1o Vocacional Diocesano\u00bb"},"content":{"rendered":"<div style=\"text-align: center\"><img loading=\"lazy\" decoding=\"async\" src=\"https:\/\/fbcdn-sphotos-f-a.akamaihd.net\/hphotos-ak-xpa1\/v\/t1.0-9\/1477541_527877120642117_849803888_n.jpg?oh=fd847958b898901ac1e9aa9d53cf7351&#038;oe=55105454&#038;__gda__=1427135527_52e1b5b783b1898b852bbd22b0b11ba1\" border=\"0\" width=\"261\" height=\"400\" \/><\/div>\n<div style=\"text-align: center\">\u00a0<strong style=\"text-align: center; line-height: 1.3em\">\u201cLLAM\u00d3 A LOS QUE \u00c9L QUISO\u201d (Mc 3,13)<span style=\"line-height: 1.3em\">\u00a0<\/span><\/strong><\/div>\n<div><\/div>\n<div style=\"text-align: justify\">\n<p style=\"margin-bottom: 0.0001pt; text-indent: 35.4pt\" class=\"MsoNormal\"><span style=\"font-family: 'Times New Roman'\">Meses atr\u00e1s, al comenzar la cuaresma y mediante la Carta Pastoral \u201c<em>Llamado, Despojo y Env\u00edo<\/em>\u201d, los invitaba a asumir una profunda actitud de escucha de la Palabra, sugerencia que renuevo fervientemente. Ahora les propongo profundizar en el primero de los t\u00e9rminos: el llamado, como misterio del amor de Dios. \u201c<em>Llam\u00f3 a los que \u00c9l quiso<\/em>\u201d significa que, en el principio de nuestra vida, existe un profundo misterio de amor. Esa fue la certeza m\u00e1s clara que compartimos en la \u00faltima Asamblea Diocesana.<\/span><\/p>\n<p style=\"margin-bottom: 0.0001pt; text-indent: 35.4pt\" class=\"MsoNormal\"><span style=\"font-family: 'Times New Roman'\">Mientras seguimos buscando juntos los senderos m\u00e1s apropiados para caminar, despoj\u00e1ndonos de aquello que nos sobra o nos molesta, y llevar la alegr\u00eda del Evangelio a todos los rincones de la Di\u00f3cesis, me parece indispensable que profundicemos en nuestra posici\u00f3n fundamental, en nuestro punto de apoyo m\u00e1s firme: es Jes\u00fas quien nos llama y es Jes\u00fas quien nos env\u00eda. Toda iniciativa pastoral deber\u00e1 recomenzar siempre y en cada circunstancia desde esta convicci\u00f3n. Para disponer del tiempo necesario para afianzar esta certeza\u00a0convoco a un \u201cA\u00f1o Vocacional Diocesano\u201d, a iniciarse el 19 de Marzo de 2015, solemnidad de San Jos\u00e9, Patrono de la Di\u00f3cesis y que concluir\u00e1 el 27 de Diciembre de 2015, con la fiesta de San Juan Evangelista, segundo patrono de nuestra querida Iglesia Particular.<\/span><\/p>\n<\/div>\n<div> <\/div>\n<div style=\"text-align: justify; text-indent: -24px\">\u00a0<font face=\"Times New Roman\"><strong>1.<span style=\"white-space: pre\" class=\"Apple-tab-span\">\t<\/span>\u00a0 \u00a0 \u00a0 \u00a0 \u00a0 \u00a0<\/strong><\/font><\/div>\n<div style=\"text-align: justify; text-indent: -24px\"><font face=\"Times New Roman\"><strong> \u00a0\u00a0<\/strong><\/font><strong style=\"text-indent: -18pt; line-height: 1.3em\"><span style=\"font-family: 'Times New Roman'\">1.<span style=\"font-weight: normal; font-stretch: normal; font-size: 7pt; line-height: normal\">\u00a0 \u00a0 \u00a0 \u00a0 \u00a0 \u00a0 \u00a0 \u00a0 \u00a0 \u00a0 \u00a0 \u00a0<\/span><span style=\"font-stretch: normal; font-size: 7pt; line-height: normal\">1.<\/span><span style=\"font-weight: normal; font-stretch: normal; font-size: 7pt; line-height: normal\">\u00a0 \u00a0 \u00a0 \u00a0\u00a0<\/span><\/span><\/strong><strong style=\"text-indent: -18pt; line-height: 1.3em\"><span style=\"font-family: 'Times New Roman'\">El llamado, un estilo de vida<\/span><\/strong><\/div>\n<p style=\"margin: 0cm 0cm 0.0001pt 53.4pt; text-align: justify\" class=\"ListParagraphCxSpLast\"><span style=\"font-family: 'Times New Roman'\">\u00a0<\/span><\/p>\n<p style=\"margin-bottom: 0.0001pt; text-align: justify; text-indent: 35.4pt\" class=\"MsoNormal\"><span style=\"font-family: 'Times New Roman'\">Hablar de vocaci\u00f3n parece antiguo, arcaico, pasado de moda. Sin embargo, releyendo la  Palabra, nos encontramos con su novedad permanente. Nuestra identidad consiste en haber sido llamados, en haber escuchado la voz de Jes\u00fas, quien ha pronunciado nuestro nombre y nos ha mirado con predilecci\u00f3n, seg\u00fan nos recuerda el cuarto evangelio:\u201c<em>No son ustedes los que me eligieron, sino yo quien los eligi\u00f3 a ustedes, y los he destinado para que den frutos, y esos frutos permanezcan<\/em>\u201d (Jn 15,16-18).<\/span><\/p>\n<p style=\"margin-bottom: 0.0001pt; text-align: justify; text-indent: 35.4pt\" class=\"MsoNormal\"><span style=\"font-family: 'Times New Roman'\">La vocaci\u00f3n, queridos hermanos, es nuestra documento de identidad. Es reflejo de nuestra condici\u00f3n m\u00e1s honda. Es el fundamento de nuestra vida, de nuestra existencia. Es la ra\u00edz de nuestra comuni\u00f3n, ya que la palabra Iglesia, ekkles\u00eda en griego, debe traducirse como \u201clos que son convocados\u201d, \u201clos que son llamados\u201d a formar una asamblea, una comunidad, una sola cosa en Cristo. Y a testimoniar su presencia.<\/span><\/p>\n<p style=\"margin-bottom: 0.0001pt; text-align: justify; text-indent: 35.4pt\" class=\"MsoNormal\"><span style=\"font-family: 'Times New Roman'\">Casi sin darnos cuenta, muchas veces invertimos las cosas y nos ponemos nosotros en el primer lugar, nos creemos propietarios, due\u00f1os del espacio que ocupamos y del servicio que prestamos. Cuando es todo al rev\u00e9s. Fuimos llamados a la vida. Fuimos llamados a vivir en un lugar geogr\u00e1fico determinado, en una familia, en una comunidad. Somos llamados a la fe. Somos llamados a formar parte de la Iglesia. Somos llamados a una misi\u00f3n, a ser parte de un proyecto de amor de Dios.<\/span><\/p>\n<p style=\"margin-bottom: 0.0001pt; text-align: justify; text-indent: 35.4pt\" class=\"MsoNormal\"><span style=\"font-family: 'Times New Roman'\">Es urgente que podamos recrear en nuestras comunidades una nueva cultura vocacional, que nos ayude a ocupar el lugar que realmente nos corresponde, que nos ponga de cara al Padre, que nos identifique m\u00e1s plenamente con Jes\u00fas y nos conduzca a escuchar su voz, que nos mueva a dejarnos iluminar por la luz del Esp\u00edritu para discernir su voluntad. En este sentido, el llamado no es solamente una cuesti\u00f3n de la cual tenemos que ocuparnos en una etapa de la vida. Tiene que ser una actitud permanente, un modo de ser del cristiano, un estilo de vida.<\/span><\/p>\n<p style=\"margin-bottom: 0.0001pt; text-align: justify; text-indent: 35.4pt\" class=\"MsoNormal\"><span style=\"font-family: 'Times New Roman'\">\u00a0<\/span><\/p>\n<p style=\"margin: 0cm 0cm 0.0001pt 53.4pt; text-align: justify; text-indent: -18pt\" class=\"ListParagraphCxSpFirst\"><!--[if !supportLists]--><strong><span style=\"font-family: 'Times New Roman'\">2.<span style=\"font-weight: normal; font-stretch: normal; font-size: 7pt; line-height: normal\">\u00a0\u00a0\u00a0\u00a0\u00a0 <\/span><\/span><\/strong><!--[endif]--><strong><span style=\"font-family: 'Times New Roman'\">La vida consagrada, testimonio vivo del estilo de Jes\u00fas<\/span><\/strong><\/p>\n<p style=\"margin: 0cm 0cm 0.0001pt 53.4pt; text-align: justify\" class=\"ListParagraphCxSpLast\"><span style=\"font-family: 'Times New Roman'\">\u00a0<\/span><\/p>\n<p style=\"margin-bottom: 0.0001pt; text-align: justify; text-indent: 35.4pt\" class=\"MsoNormal\"><span style=\"font-family: 'Times New Roman'\">El A\u00f1o Vocacional Diocesano se inscribe en el marco m\u00e1s universal del a\u00f1o dedicado a la Vida Consagrada en la Iglesia. Lejos de ser una distracci\u00f3n para esta iniciativa, quiero que sea una oportunidad para redescubrir m\u00e1s hondamente el lugar que ocupa la vida consagrada en la Iglesia y cu\u00e1l es su aporte a la vida diocesana.<\/span><\/p>\n<p style=\"margin-bottom: 0.0001pt; text-align: justify; text-indent: 35.4pt\" class=\"MsoNormal\"><span style=\"font-family: 'Times New Roman'\">Desde sus inicios, y a\u00fan antes, nuestra di\u00f3cesis ha sido marcada por la presencia y la labor pastoral de diferentes \u00f3rdenes y congregaciones religiosas, a las cuales expresamos nuestra gratitud m\u00e1s sincera y nuestro reconocimiento.<\/span><\/p>\n<p style=\"margin-bottom: 0.0001pt; text-align: justify\" class=\"MsoNormal\"><span style=\"font-family: 'Times New Roman'\">\u00a0\u00a0\u00a0\u00a0\u00a0\u00a0\u00a0\u00a0\u00a0\u00a0\u00a0 Los religiosos y las religiosas, que tanto han sembrado en la rica historia de nuestra di\u00f3cesis, son un testimonio elocuente del llamado del Se\u00f1or y de la respuesta incondicional a ese llamado. En ellos se percibe con claridad que su vida ha sido transformada a partir de la irrupci\u00f3n del amor de Dios en su camino. El llamado ha cambiado sus proyectos y los ha colocado en la senda de la entrega y del servicio. Sin su s\u00ed generoso y entusiasta, no hubiera sido posible que la semilla del evangelio llegara a nuestras tierras y germinara en nuestros corazones.<\/span><\/p>\n<p style=\"margin-bottom: 0.0001pt; text-align: justify\" class=\"MsoNormal\"><span style=\"font-family: 'Times New Roman'\">\u00a0<\/span><\/p>\n<p style=\"margin: 0cm 0cm 0.0001pt 53.4pt; text-align: justify; text-indent: -18pt\" class=\"ListParagraphCxSpFirst\"><!--[if !supportLists]--><strong><span style=\"font-family: 'Times New Roman'\">3.<span style=\"font-weight: normal; font-stretch: normal; font-size: 7pt; line-height: normal\">\u00a0\u00a0\u00a0\u00a0\u00a0 <\/span><\/span><\/strong><!--[endif]--><strong><span style=\"font-family: 'Times New Roman'\">La vocaci\u00f3n, un estilo de vida que se aprende en la familia<\/span><\/strong><\/p>\n<p style=\"margin: 0cm 0cm 0.0001pt 53.4pt; text-align: justify\" class=\"ListParagraphCxSpLast\"><span style=\"font-family: 'Times New Roman'\">\u00a0<\/span><\/p>\n<p style=\"margin-bottom: 0.0001pt; text-align: justify; text-indent: 35.4pt\" class=\"MsoNormal\"><span style=\"font-family: 'Times New Roman'\">El a\u00f1o vocacional al que estoy convocando tambi\u00e9n se inscribe en un tiempo muy especial para las familias. La Asamblea Extraordinaria del S\u00ednodo de los Obispos, celebrado en Roma en Octubre pasado y la pr\u00f3xima Asamblea Ordinaria, a celebrarse en 2015, han puesto la realidad de la familia en el centro de la preocupaci\u00f3n de la Iglesia. Y ocupar\u00e1 nuestra atenci\u00f3n durante estos pr\u00f3ximos tiempos.<\/span><\/p>\n<p style=\"margin-bottom: 0.0001pt; text-align: justify; text-indent: 35.4pt\" class=\"MsoNormal\"><span style=\"font-family: 'Times New Roman'\">Creo que estamos viviendo un momento m\u00e1s que oportuno para preguntarnos sobre el proyecto de Dios sobre la familia, uno de los \u00e1mbitos espec\u00edficos de la realizaci\u00f3n de la vocaci\u00f3n laical. La formaci\u00f3n de una familia no responde solamente a una cuesti\u00f3n natural, cultural o sociol\u00f3gica. Para quienes creemos en Jes\u00fas, la familia es fruto de un llamado, es consecuencia de un proyecto, de un sue\u00f1o de Dios sobre las personas; es un modo concreto para vivir el seguimiento de Jes\u00fas. Es un punto de partida, desde el cual la vocaci\u00f3n bautismal, la vocaci\u00f3n laical, se proyecta hacia la sociedad toda, buscando transformarla hasta que pueda alcanzar su plenitud en Cristo.<\/span><\/p>\n<p style=\"margin-bottom: 0.0001pt; text-align: justify; text-indent: 35.4pt\" class=\"MsoNormal\"><span style=\"font-family: 'Times New Roman'\">La familia es tambi\u00e9n el espacio donde los chicos y los j\u00f3venes se van formando en una cultura vocacional, en la conciencia que la vida les viene dada gratuitamente y que corresponde preguntarle a Dios respecto del modo de realizarla. No son los hijos quienes deciden el futuro a su antojo, dej\u00e1ndose guiar por la simple conveniencia del momento, o por la inercia de quien sencillamente se deja arrastrar por la vida. Tampoco a los padres les corresponde imponer a sus hijos tal o cual camino, esta o aquella profesi\u00f3n, sea expl\u00edcitamente o por medio de las m\u00e1s variadas estrategias. Generar una cultura vocacional en la familia no es transmitir a los hijos deseos frustrados, no es sobrecargarlos con aquello que nos puede entusiasmar en un momento determinado o que nos gusta a nosotros, no es condicionar el afecto a lo que ellos vayan a decidir. El futuro de la vida de un joven ya est\u00e1 presente en el coraz\u00f3n de Dios y solamente la intimidad con Dios puede revelarnos ese secreto para nuestra felicidad. <\/span><\/p>\n<p style=\"margin-bottom: 0.0001pt; text-align: justify; text-indent: 35.4pt\" class=\"MsoNormal\"><span style=\"font-family: 'Times New Roman'\">Cada familia, desde su realidad, con sus luchas y sus dificultades, puede ofrecer este hermoso regalo a los m\u00e1s j\u00f3venes, poni\u00e9ndolos en una posici\u00f3n de escucha, siguiendo la sabidur\u00eda del viejo El\u00ed, quien aconsej\u00f3 al joven Samuel con estas palabras: \u201c<em>Si escuchas que te llaman otra vez, responde: habla Se\u00f1or, que tu siervo escucha<\/em>\u201d (1 Sam 3,9). A los padres, a los abuelos, a los t\u00edos y t\u00edas, a los padrinos y madrinas de bautismo y de confirmaci\u00f3n, a los catequistas, los invito a aprender y a asumir esta antigua actitud sapiencial, que consiste en ayudar a los j\u00f3venes a cultivar el silencio y la escucha, \u00e1mbito propicio para que resuene la  Palabra, que llama y env\u00eda.<\/span><\/p>\n<p style=\"margin-bottom: 0.0001pt; text-align: justify; text-indent: 35.4pt\" class=\"MsoNormal\"><span style=\"font-family: 'Times New Roman'\">\u00a0<\/span><\/p>\n<p style=\"margin: 0cm 0cm 0.0001pt 53.4pt; text-align: justify; text-indent: -18pt\" class=\"ListParagraphCxSpFirst\"><!--[if !supportLists]--><strong><span style=\"font-family: 'Times New Roman'\">4.<span style=\"font-weight: normal; font-stretch: normal; font-size: 7pt; line-height: normal\">\u00a0\u00a0\u00a0\u00a0\u00a0 <\/span><\/span><\/strong><!--[endif]--><strong><span style=\"font-family: 'Times New Roman'\">La belleza de la vocaci\u00f3n sacerdotal<\/span><\/strong><\/p>\n<p style=\"margin: 0cm 0cm 0.0001pt 53.4pt; text-align: justify\" class=\"ListParagraphCxSpLast\"><span style=\"font-family: 'Times New Roman'\">\u00a0<\/span><\/p>\n<p style=\"margin-bottom: 0.0001pt; text-align: justify; text-indent: 35.4pt\" class=\"MsoNormal\"><span style=\"font-family: 'Times New Roman'\">Recordando el testimonio magn\u00edfico de Samuel, gran profeta del Antiguo Testamento, no podemos dejar pasar una oportunidad as\u00ed sin dejar de fomentar intensamente en nuestras comunidades la vocaci\u00f3n al sacerdocio. Esta es una tarea de toda la comunidad. En primer lugar del Obispo y de los sacerdotes. Nosotros, queridos hermanos sacerdotes, estamos llamados a renovar nuestra vida y nuestra entrega, y a testimoniar la belleza de la vocaci\u00f3n sacerdotal, la alegr\u00eda de haber sido llamados y tambi\u00e9n a mostrar que es posible una respuesta sencilla y generosa.<\/span><\/p>\n<p style=\"margin-bottom: 0.0001pt; text-align: justify; text-indent: 35.4pt\" class=\"MsoNormal\"><span style=\"font-family: 'Times New Roman'\">Ahora bien, siendo una tarea principal de los sacerdotes, esta es una misi\u00f3n encomendada a toda la Iglesia: \u201c<em>rueguen al due\u00f1o de los sembrados que env\u00ede operarios para la cosecha<\/em>\u201d (Lc 10,2). Comenzando por la oraci\u00f3n y siguiendo por otras iniciativas concretas, no dejemos de mostrar y de presentar a la comunidad el sobrio esplendor de la vocaci\u00f3n sacerdotal, seg\u00fan las palabras del Eclesi\u00e1stico en su homenaje al Sumo Sacerdote Sim\u00f3n, Hijo de On\u00edas: \u201c<em>Qu\u00e9 glorioso era, rodeado de su pueblo, cuando sal\u00eda detr\u00e1s del velo!<\/em>(Eclo 50,5). Es conmovedora la descripci\u00f3n lit\u00fargica de la identidad m\u00e1s honda del sacerdote: aquel que est\u00e1 y que vive entre Dios y su pueblo.<\/span><\/p>\n<p style=\"margin-bottom: 0.0001pt; text-align: justify; text-indent: 35.4pt\" class=\"MsoNormal\"><span style=\"font-family: 'Times New Roman'\">Habiendo subrayado el valor y la sobria belleza de la vocaci\u00f3n sacerdotal, les escribo especialmente a ustedes, queridos j\u00f3venes: no dejen de considerar esta posibilidad en sus vidas. La di\u00f3cesis necesita de sacerdotes. Y es seguro que Dios sigue llamando. Por eso, no se limiten a considerar solamente aquello que les propone su entorno. An\u00edmense a preguntarle a Dios que quiere de ustedes. No se dejen enga\u00f1ar por innumerables voces que afirman que el sacerdocio est\u00e1 en extinci\u00f3n o que no vale la pena tenerlo en cuenta, porque es un camino de frustraci\u00f3n y de amargura. Con sencillez de coraz\u00f3n, observen m\u00e1s bien aquellas figuras sacerdotales luminosas, que a\u00fan en medio de sus limitaciones y debilidades, viven la alegr\u00eda su condici\u00f3n de ministros del Se\u00f1or.<\/span><\/p>\n<p style=\"margin-bottom: 0.0001pt; text-align: justify; text-indent: 35.4pt\" class=\"MsoNormal\"><span style=\"font-family: 'Times New Roman'\">\u00a0<\/span><\/p>\n<p style=\"margin: 0cm 0cm 0.0001pt 53.4pt; text-align: justify; text-indent: -18pt\" class=\"ListParagraph\"><!--[if !supportLists]--><strong><span style=\"font-family: 'Times New Roman'\">5.<span style=\"font-weight: normal; font-stretch: normal; font-size: 7pt; line-height: normal\">\u00a0\u00a0\u00a0\u00a0\u00a0 <\/span><\/span><\/strong><!--[endif]--><strong><span style=\"font-family: 'Times New Roman'\">Conclusi\u00f3n<\/span><\/strong><\/p>\n<p style=\"margin-bottom: 0.0001pt; text-align: justify\" class=\"MsoNormal\"><span style=\"font-family: 'Times New Roman'\">\u00a0\u00a0\u00a0\u00a0\u00a0\u00a0\u00a0\u00a0\u00a0\u00a0\u00a0 Sin llamado, sin escucha, sin docilidad no hay misi\u00f3n. No hay Iglesia en salida. No hay quien anuncie la alegr\u00eda del evangelio. Estamos en camino, con el ardiente deseo de ser una Iglesia abierta y misionera, prof\u00e9tica y servidora. Para poder lograrlo, tenemos que volver a las fuentes, o mejor, a la \u00fanica fuente de aguas frescas y seguras: Jesucristo. \u00c9l sigue amando y sigue llamando a los que \u00c9l quiere, a los que \u00c9l ama, para asociarlos a su misi\u00f3n de anunciar que el Reino de Dios est\u00e1 cerca.<\/span><\/p>\n<p style=\"margin-bottom: 0.0001pt; text-align: justify\" class=\"MsoNormal\"><span style=\"font-family: 'Times New Roman'\">\u00a0\u00a0\u00a0\u00a0\u00a0\u00a0\u00a0\u00a0\u00a0\u00a0\u00a0 \u00a0Partiendo de esta premisa, nuestra tarea debe ser concreta y permanente. Los ancianos y enfermos ya nos est\u00e1n ayudando con su oraci\u00f3n y su dolor ofrecido. El Equipo de Pastoral Vocacional Diocesano pronto les har\u00e1 llegar algunas sugerencias pr\u00e1cticas para hacer m\u00e1s efectivo y provechoso este tiempo en las parroquias, en las capillas, en los distintos grupos y movimientos. Cada comunidad podr\u00e1 discernir y ensayar sus propias iniciativas. Lo importante es que podamos crear un ambiente de escucha y de respuesta generosa.<\/span><\/p>\n<p style=\"margin-bottom: 0.0001pt; text-align: justify\" class=\"MsoNormal\"><span style=\"font-family: 'Times New Roman'\">\u00a0\u00a0\u00a0\u00a0\u00a0\u00a0\u00a0\u00a0\u00a0\u00a0\u00a0 Con la certeza de que Dios no abandona nunca a su pueblo y con la confianza puesta en la maternal intercesi\u00f3n de Mar\u00eda, Madre Inmaculada, los saludo afectuosamente en Jesucristo y les deseo a todos y a cada uno una feliz navidad y un fecundo a\u00f1o nuevo vocacional!<\/span><\/p>\n<p style=\"margin-bottom: 0.0001pt; text-align: justify\" class=\"MsoNormal\"><span style=\"font-family: 'Times New Roman'\">8 de Diciembre de 2014, Solemnidad de la Inmaculada Concepci\u00f3n de Mar\u00eda.<\/span><\/p>\n<p style=\"margin-bottom: 0.0001pt; text-align: justify\" class=\"MsoNormal\"><span style=\"font-family: 'Times New Roman'\">\u00a0<\/span><span style=\"font-family: 'Times New Roman'; text-align: right; line-height: 1.3em\">\u00a0<\/span><\/p>\n<p style=\"margin-bottom: 0.0001pt; text-align: right\" class=\"MsoNormal\" align=\"right\"><span style=\"font-family: 'Times New Roman'\">+ Mons. \u00c1ngel Jos\u00e9 Mac\u00edn<\/span><\/p>\n<p style=\"margin-bottom: 0.0001pt; text-align: right\" class=\"MsoNormal\" align=\"right\"><span style=\"font-family: 'Times New Roman'\">Obispo de Reconquista<\/span><\/p>\n","protected":false},"excerpt":{"rendered":"<div class=\"mh-excerpt\"><div style=\"text-align: center\"><img loading=\"lazy\" decoding=\"async\" src=\"https:\/\/fbcdn-sphotos-f-a.akamaihd.net\/hphotos-ak-xpa1\/v\/t1.0-9\/1477541_527877120642117_849803888_n.jpg?oh=fd847958b898901ac1e9aa9d53cf7351&#038;oe=55105454&#038;__gda__=1427135527_52e1b5b783b1898b852bbd22b0b11ba1\" border=\"0\" width=\"261\" height=\"400\" \/><\/div>\n<div style=\"text-align: center\">\u00a0<strong style=\"text-align: center; line-height: 1.3em\">\u201cLLAM\u00d3 A LOS QUE \u00c9L QUISO\u201d (Mc 3,13)<span style=\"line-height: 1.3em\">\u00a0<\/span><\/strong><\/div>\n<div><\/div>\n<div style=\"text-align: justify\">\n<p style=\"margin-bottom: 0.0001pt; text-indent: 35.4pt\" class=\"MsoNormal\"><span style=\"font-family: 'Times New Roman'\">Meses atr\u00e1s, al comenzar la cuaresma y mediante la Carta Pastoral \u201c<em>Llamado, Despojo y Env\u00edo<\/em>\u201d, los invitaba a asumir una profunda actitud de escucha de la Palabra, sugerencia que renuevo fervientemente. Ahora les propongo profundizar en el primero de los t\u00e9rminos: el llamado, como misterio del amor de Dios. \u201c<em>Llam\u00f3 a los que \u00c9l quiso<\/em>\u201d significa que, en el principio de nuestra vida, existe un profundo misterio de amor. Esa fue la certeza m\u00e1s clara que compartimos en la \u00faltima Asamblea Diocesana.<\/span><\/p>\n<p style=\"margin-bottom: 0.0001pt; text-indent: 35.4pt\" class=\"MsoNormal\"><span style=\"font-family: 'Times New Roman'\">Mientras seguimos buscando juntos los senderos m\u00e1s apropiados para caminar, despoj\u00e1ndonos de aquello que nos sobra o nos molesta, y llevar la alegr\u00eda del Evangelio a todos los rincones de la Di\u00f3cesis, me parece indispensable que profundicemos en nuestra posici\u00f3n fundamental, en nuestro punto de apoyo m\u00e1s firme: es Jes\u00fas quien nos llama y es Jes\u00fas quien nos env\u00eda. Toda iniciativa pastoral deber\u00e1 recomenzar siempre y en cada circunstancia desde esta convicci\u00f3n. Para disponer del tiempo necesario para afianzar esta certeza\u00a0convoco a un \u201cA\u00f1o Vocacional Diocesano\u201d, a iniciarse el 19 de Marzo de 2015, solemnidad de San Jos\u00e9, Patrono de la Di\u00f3cesis y que concluir\u00e1 el 27 de Diciembre de 2015, con la fiesta de San Juan Evangelista, segundo patrono de nuestra querida Iglesia Particular.<\/span><\/p>\n<\/div>\n<div>\n<\/div>","protected":false},"author":1,"featured_media":0,"comment_status":"open","ping_status":"open","sticky":false,"template":"","format":"standard","meta":{"footnotes":""},"categories":[28],"tags":[],"class_list":["post-1009","post","type-post","status-publish","format-standard","hentry","category-latest-news"],"_links":{"self":[{"href":"https:\/\/www.obispadorqta.org.ar\/v3\/wp-json\/wp\/v2\/posts\/1009","targetHints":{"allow":["GET"]}}],"collection":[{"href":"https:\/\/www.obispadorqta.org.ar\/v3\/wp-json\/wp\/v2\/posts"}],"about":[{"href":"https:\/\/www.obispadorqta.org.ar\/v3\/wp-json\/wp\/v2\/types\/post"}],"author":[{"embeddable":true,"href":"https:\/\/www.obispadorqta.org.ar\/v3\/wp-json\/wp\/v2\/users\/1"}],"replies":[{"embeddable":true,"href":"https:\/\/www.obispadorqta.org.ar\/v3\/wp-json\/wp\/v2\/comments?post=1009"}],"version-history":[{"count":0,"href":"https:\/\/www.obispadorqta.org.ar\/v3\/wp-json\/wp\/v2\/posts\/1009\/revisions"}],"wp:attachment":[{"href":"https:\/\/www.obispadorqta.org.ar\/v3\/wp-json\/wp\/v2\/media?parent=1009"}],"wp:term":[{"taxonomy":"category","embeddable":true,"href":"https:\/\/www.obispadorqta.org.ar\/v3\/wp-json\/wp\/v2\/categories?post=1009"},{"taxonomy":"post_tag","embeddable":true,"href":"https:\/\/www.obispadorqta.org.ar\/v3\/wp-json\/wp\/v2\/tags?post=1009"}],"curies":[{"name":"wp","href":"https:\/\/api.w.org\/{rel}","templated":true}]}}