{"id":1011,"date":"2014-12-15T13:34:08","date_gmt":"2014-12-15T13:34:08","guid":{"rendered":"http:\/\/www.obispadorqta.org.ar\/v3\/la-cruz-de-san-damian-bendecida-por-el-papa-visita-nuestra-diocesis\/"},"modified":"2014-12-15T13:34:08","modified_gmt":"2014-12-15T13:34:08","slug":"la-cruz-de-san-damian-bendecida-por-el-papa-visita-nuestra-diocesis","status":"publish","type":"post","link":"https:\/\/www.obispadorqta.org.ar\/v3\/la-cruz-de-san-damian-bendecida-por-el-papa-visita-nuestra-diocesis\/","title":{"rendered":"La Cruz de San Dami\u00e1n, bendecida por el Papa visita nuestra Di\u00f3cesis"},"content":{"rendered":"<div style=\"text-align: center\"><img loading=\"lazy\" decoding=\"async\" src=\"https:\/\/scontent-a-mia.xx.fbcdn.net\/hphotos-xaf1\/v\/t1.0-9\/10430452_820621537995699_6479960445182211386_n.jpg?oh=999ab85274d751828b116a59d332b54e&#038;oe=55065767\" border=\"0\" width=\"350\" height=\"137\" \/><\/div>\n<div style=\"text-align: center\">\u00a0<\/div>\n<div style=\"font-family: Verdana, Arial, Helvetica, sans-serif; font-size: 10px; font-style: normal; line-height: normal; text-align: center\">\n<div>\n<div align=\"justify\"><font color=\"#000000\">La<strong> Cruz de San Dami\u00e1n<\/strong> que el papa Francisco\u00a0bendijo y entreg\u00f3\u00a0a los j\u00f3venes argentinos durante la Jornada Mundial de la Juventud (JMJ) en R\u00edo de Janeiro, <strong>arriba hoy a nuestra Di\u00f3cesis.<\/strong> El crucifijo permanecer\u00e1 7 d\u00edas entre nosotros y recorrer\u00e1 distintos lugares de nuestra di\u00f3cesis. \u00a0Se trata de una iniciativa impulsada por la\u00a0Comisi\u00f3n Nacional de Pastoral de Juventud\u00a0para salir al encuentro de los j\u00f3venes. <\/font> <\/div>\n<p><font color=\"#000000\"><br \/><\/font><\/p>\n<div align=\"left\"><u><strong><font color=\"#000000\">ITINERARIO:<\/font><\/strong><\/u><\/p>\n<p><font color=\"#000000\"><strong>LUNES 15-12<\/strong>\u00a0\u00a0\u00a0 \u00a0\u00a0 Llegada\u00a0 desde Basail.\u00a0 Visita al encuentro de Presbiterio.\u00a0\u00a0\u00a0\u00a0\u00a0\u00a0\u00a0\u00a0\u00a0\u00a0\u00a0\u00a0\u00a0\u00a0\u00a0\u00a0\u00a0\u00a0\u00a0 <\/font><br \/><font color=\"#000000\">\u00a0\u00a0\u00a0 \u00a0\u00a0\u00a0 \u00a0\u00a0\u00a0\u00a0\u00a0\u00a0\u00a0\u00a0\u00a0\u00a0\u00a0\u00a0\u00a0\u00a0\u00a0\u00a0\u00a0\u00a0\u00a0\u00a0\u00a0 Por la tarde: 18:30 hs Barrio San Francisco \u2013 Reconquista <\/font><\/div>\n<div align=\"left\">\u00a0<\/div>\n<div align=\"left\"><font color=\"#000000\"><strong>Martes 16-12\u00a0\u00a0\u00a0\u00a0<\/strong>\u00a0\u00a0 Por la ma\u00f1ana: Villa Ocampo <\/font><br \/><font color=\"#000000\">\u00a0\u00a0\u00a0\u00a0\u00a0\u00a0\u00a0\u00a0\u00a0\u00a0\u00a0\u00a0\u00a0\u00a0\u00a0\u00a0\u00a0\u00a0\u00a0\u00a0\u00a0\u00a0\u00a0\u00a0\u00a0\u00a0\u00a0\u00a0\u00a0 Por la tarde: Villa Guillermina <\/font><\/div>\n<div align=\"left\">\u00a0<\/div>\n<div align=\"left\"><font color=\"#000000\"><strong>Mi\u00e9rcoles 17-12<\/strong>\u00a0\u00a0 Por la ma\u00f1ana: Hospital Central Reconquista <\/font><br \/><font color=\"#000000\">\u00a0\u00a0\u00a0\u00a0\u00a0\u00a0\u00a0\u00a0\u00a0\u00a0\u00a0\u00a0\u00a0\u00a0\u00a0\u00a0\u00a0\u00a0\u00a0\u00a0\u00a0\u00a0\u00a0\u00a0\u00a0\u00a0\u00a0\u00a0\u00a0 Por la tarde: C\u00e1rcel Reconquista <\/font><\/div>\n<div align=\"left\">\u00a0<\/div>\n<div align=\"left\"><font color=\"#000000\"><strong>Jueves 18-12<\/strong>\u00a0\u00a0\u00a0\u00a0\u00a0\u00a0 Por la ma\u00f1ana: Casa Buen Samaritano &#8211; Malabrigo <\/font><br \/><font color=\"#000000\">\u00a0\u00a0\u00a0\u00a0\u00a0\u00a0\u00a0\u00a0\u00a0\u00a0\u00a0\u00a0\u00a0\u00a0\u00a0\u00a0\u00a0\u00a0\u00a0\u00a0\u00a0\u00a0\u00a0\u00a0\u00a0\u00a0\u00a0\u00a0\u00a0 Por la tarde:\u00a0\u00a0 Romang <\/font><\/div>\n<div align=\"left\">\u00a0<\/div>\n<div align=\"left\"><font color=\"#000000\"><strong>Viernes 19-12\u00a0<\/strong>\u00a0\u00a0\u00a0\u00a0 Por la ma\u00f1ana: Fort\u00edn Olmos <\/font><br \/><font color=\"#000000\">\u00a0\u00a0\u00a0\u00a0\u00a0\u00a0\u00a0\u00a0\u00a0\u00a0\u00a0\u00a0\u00a0\u00a0\u00a0\u00a0\u00a0\u00a0\u00a0\u00a0\u00a0\u00a0\u00a0\u00a0\u00a0\u00a0\u00a0\u00a0\u00a0 Por la tarde: 17 hs Intiyaco \/\u00a0 19 hs Los T\u00e1banos <\/font><\/div>\n<div align=\"left\">\u00a0<\/div>\n<\/div>\n<div align=\"left\"><font color=\"#000000\"><strong>S\u00e1bado 20-12\u00a0\u00a0<\/strong>\u00a0\u00a0\u00a0 Por la ma\u00f1ana: C\u00e1rcel Santa Felicia &#8211; Vera <\/font><br \/><font color=\"#000000\">\u00a0\u00a0\u00a0\u00a0\u00a0\u00a0\u00a0\u00a0\u00a0\u00a0\u00a0\u00a0\u00a0\u00a0\u00a0\u00a0\u00a0\u00a0\u00a0\u00a0\u00a0\u00a0\u00a0\u00a0\u00a0\u00a0\u00a0\u00a0\u00a0 Por la tarde: Bicicleteada por la ciudad de Reconquista (Horario a confirmar)<\/font><\/div>\n<div align=\"left\">\u00a0<\/div>\n<div align=\"left\"><font color=\"#000000\"><strong>Domingo 21-12<\/strong>\u00a0\u00a0\u00a0 Por la ma\u00f1ana: 8:30 Barrio Belgrano \/ 10 hs Barrio Don Pedro <\/font><br \/><font color=\"#000000\">\u00a0\u00a0\u00a0\u00a0\u00a0\u00a0\u00a0\u00a0\u00a0\u00a0\u00a0\u00a0\u00a0\u00a0\u00a0\u00a0\u00a0\u00a0\u00a0\u00a0\u00a0\u00a0\u00a0\u00a0\u00a0\u00a0\u00a0\u00a0\u00a0 Festival Musical en Avellaneda <\/font><\/div>\n<div align=\"left\">\u00a0<\/div>\n<div align=\"left\"><font color=\"#000000\"><strong>LUNES 22-12\u00a0<\/strong>\u00a0\u00a0\u00a0\u00a0\u00a0 Despedida y entrega de la cruz a la Di\u00f3cesis de San Roque (Saenz Pe\u00f1a &#8211; Chaco) <\/font><\/div>\n<div align=\"left\">\u00a0<\/div>\n<div style=\"text-align: center\"><img loading=\"lazy\" decoding=\"async\" src=\"https:\/\/fbcdn-sphotos-d-a.akamaihd.net\/hphotos-ak-xap1\/v\/t1.0-9\/10850201_829563260434860_3826688805486682674_n.jpg?oh=4d593100890b098cf187eb319885a45b&#038;oe=5508F4F0&#038;__gda__=1429986860_9308991b74c4f817b2ab90837354ae59\" border=\"0\" width=\"320\" height=\"221\" \/><\/div>\n<div style=\"text-align: center\">\u00a0<\/div>\n<div style=\"text-align: center\"><img loading=\"lazy\" decoding=\"async\" src=\"https:\/\/scontent-b-mia.xx.fbcdn.net\/hphotos-xpf1\/v\/t1.0-9\/10846115_831955613528958_1555531329637533939_n.jpg?oh=99ee70c9554de37ee8e3e00b1e058031&#038;oe=54FFF345\" border=\"0\" width=\"250\" height=\"349\" align=\"middle\" \/> <\/div>\n<div align=\"left\"><\/div>\n<div align=\"left\">\u00a0<\/div>\n<\/div>\n","protected":false},"excerpt":{"rendered":"<div class=\"mh-excerpt\"><div style=\"text-align: center\"><img loading=\"lazy\" decoding=\"async\" src=\"https:\/\/scontent-a-mia.xx.fbcdn.net\/hphotos-xaf1\/v\/t1.0-9\/10430452_820621537995699_6479960445182211386_n.jpg?oh=999ab85274d751828b116a59d332b54e&#038;oe=55065767\" border=\"0\" width=\"350\" height=\"137\" \/><\/div>\n<div style=\"text-align: center\">\u00a0<\/div>\n<div style=\"font-family: Verdana, Arial, Helvetica, sans-serif; font-size: 10px; font-style: normal; line-height: normal; text-align: center\">\n<div>\n<div align=\"justify\"><font color=\"#000000\">La<strong> Cruz de San Dami\u00e1n<\/strong> que el papa Francisco\u00a0bendijo y entreg\u00f3\u00a0a los j\u00f3venes argentinos durante la Jornada Mundial de la Juventud (JMJ) en R\u00edo de Janeiro, <strong>arriba hoy a nuestra Di\u00f3cesis.<\/strong> El crucifijo permanecer\u00e1 7 d\u00edas entre nosotros y recorrer\u00e1 distintos lugares de nuestra di\u00f3cesis. \u00a0Se trata de una iniciativa impulsada por la\u00a0Comisi\u00f3n Nacional de Pastoral de Juventud\u00a0para salir al encuentro de los j\u00f3venes. <\/font><\/p>\n<\/div>","protected":false},"author":1,"featured_media":0,"comment_status":"open","ping_status":"open","sticky":false,"template":"","format":"standard","meta":{"footnotes":""},"categories":[28],"tags":[],"class_list":["post-1011","post","type-post","status-publish","format-standard","hentry","category-latest-news"],"_links":{"self":[{"href":"https:\/\/www.obispadorqta.org.ar\/v3\/wp-json\/wp\/v2\/posts\/1011","targetHints":{"allow":["GET"]}}],"collection":[{"href":"https:\/\/www.obispadorqta.org.ar\/v3\/wp-json\/wp\/v2\/posts"}],"about":[{"href":"https:\/\/www.obispadorqta.org.ar\/v3\/wp-json\/wp\/v2\/types\/post"}],"author":[{"embeddable":true,"href":"https:\/\/www.obispadorqta.org.ar\/v3\/wp-json\/wp\/v2\/users\/1"}],"replies":[{"embeddable":true,"href":"https:\/\/www.obispadorqta.org.ar\/v3\/wp-json\/wp\/v2\/comments?post=1011"}],"version-history":[{"count":0,"href":"https:\/\/www.obispadorqta.org.ar\/v3\/wp-json\/wp\/v2\/posts\/1011\/revisions"}],"wp:attachment":[{"href":"https:\/\/www.obispadorqta.org.ar\/v3\/wp-json\/wp\/v2\/media?parent=1011"}],"wp:term":[{"taxonomy":"category","embeddable":true,"href":"https:\/\/www.obispadorqta.org.ar\/v3\/wp-json\/wp\/v2\/categories?post=1011"},{"taxonomy":"post_tag","embeddable":true,"href":"https:\/\/www.obispadorqta.org.ar\/v3\/wp-json\/wp\/v2\/tags?post=1011"}],"curies":[{"name":"wp","href":"https:\/\/api.w.org\/{rel}","templated":true}]}}