{"id":1012,"date":"2014-12-17T14:37:46","date_gmt":"2014-12-17T14:37:46","guid":{"rendered":"http:\/\/www.obispadorqta.org.ar\/v3\/lectoradovarios\/"},"modified":"2014-12-17T14:37:46","modified_gmt":"2014-12-17T14:37:46","slug":"lectoradovarios","status":"publish","type":"post","link":"https:\/\/www.obispadorqta.org.ar\/v3\/lectoradovarios\/","title":{"rendered":"Lectorado de los seminaristas Andr\u00e9s Vicente y Adri\u00e1n Fun"},"content":{"rendered":"<div style=\"text-align: center\"><img loading=\"lazy\" decoding=\"async\" src=\"https:\/\/scontent-b-mia.xx.fbcdn.net\/hphotos-xap1\/t31.0-8\/p600x600\/1502245_531390693624093_729618830_o.jpg\" border=\"0\" width=\"184\" height=\"250\" \/><img loading=\"lazy\" decoding=\"async\" src=\"https:\/\/fbcdn-sphotos-f-a.akamaihd.net\/hphotos-ak-ash2\/v\/t1.0-9\/547845_423416867754810_1655082474_n.jpg?oh=6a327babfa3fafc699d92949fefee646&#038;oe=55073998&#038;__gda__=1425992511_a7d2f7e9cd25e889e3e20fe40e2d601a\" border=\"0\" width=\"190\" height=\"250\" \/><span style=\"line-height: 1.3em\">\u00a0<\/span><\/div>\n<div>\u00a0<\/div>\n<div>\u00a0<span style=\"text-align: justify; line-height: 1.3em\">Este domingo 21 de diciembre, a las 20 hs., los seminaristas Adri\u00e1n Fun y Andr\u00e9s Vicente recibir\u00e1n el ministerio del lectorado, en una celebraci\u00f3n presidida por el Obispo Diocesano, Mons. \u00c1ngel Jos\u00e9 Mac\u00edn.<\/span><\/div>\n<p style=\"text-align: justify\" class=\"MsoNormal\">Dicho evento tendr\u00e1 lugar en la Parroquia \u201cNuestra Se\u00f1ora de la Merced\u201d de Avellaneda.<\/p>\n<p style=\"text-align: justify\" class=\"MsoNormal\">Invitamos a orar por la fidelidad de Adri\u00e1n y Andr\u00e9s al llamado del Se\u00f1or y por el aumento y la perseverancia de las vocaciones sacerdotales.<\/p>\n","protected":false},"excerpt":{"rendered":"<div class=\"mh-excerpt\"><p>\u00a0 \u00a0 \u00a0Este domingo 21 de diciembre, a las 20 hs., los seminaristas Adri\u00e1n Fun y Andr\u00e9s Vicente recibir\u00e1n el ministerio del lectorado, en una <a class=\"mh-excerpt-more\" href=\"https:\/\/www.obispadorqta.org.ar\/v3\/lectoradovarios\/\" title=\"Lectorado de los seminaristas Andr\u00e9s Vicente y Adri\u00e1n Fun\">[&#8230;]<\/a><\/p>\n<\/div>","protected":false},"author":1,"featured_media":0,"comment_status":"open","ping_status":"open","sticky":false,"template":"","format":"standard","meta":{"footnotes":""},"categories":[28],"tags":[],"class_list":["post-1012","post","type-post","status-publish","format-standard","hentry","category-latest-news"],"_links":{"self":[{"href":"https:\/\/www.obispadorqta.org.ar\/v3\/wp-json\/wp\/v2\/posts\/1012","targetHints":{"allow":["GET"]}}],"collection":[{"href":"https:\/\/www.obispadorqta.org.ar\/v3\/wp-json\/wp\/v2\/posts"}],"about":[{"href":"https:\/\/www.obispadorqta.org.ar\/v3\/wp-json\/wp\/v2\/types\/post"}],"author":[{"embeddable":true,"href":"https:\/\/www.obispadorqta.org.ar\/v3\/wp-json\/wp\/v2\/users\/1"}],"replies":[{"embeddable":true,"href":"https:\/\/www.obispadorqta.org.ar\/v3\/wp-json\/wp\/v2\/comments?post=1012"}],"version-history":[{"count":0,"href":"https:\/\/www.obispadorqta.org.ar\/v3\/wp-json\/wp\/v2\/posts\/1012\/revisions"}],"wp:attachment":[{"href":"https:\/\/www.obispadorqta.org.ar\/v3\/wp-json\/wp\/v2\/media?parent=1012"}],"wp:term":[{"taxonomy":"category","embeddable":true,"href":"https:\/\/www.obispadorqta.org.ar\/v3\/wp-json\/wp\/v2\/categories?post=1012"},{"taxonomy":"post_tag","embeddable":true,"href":"https:\/\/www.obispadorqta.org.ar\/v3\/wp-json\/wp\/v2\/tags?post=1012"}],"curies":[{"name":"wp","href":"https:\/\/api.w.org\/{rel}","templated":true}]}}