{"id":1015,"date":"2014-12-24T14:46:42","date_gmt":"2014-12-24T14:46:42","guid":{"rendered":"http:\/\/www.obispadorqta.org.ar\/v3\/institucion-en-el-ministerio-del-acolitado\/"},"modified":"2014-12-24T14:46:42","modified_gmt":"2014-12-24T14:46:42","slug":"institucion-en-el-ministerio-del-acolitado","status":"publish","type":"post","link":"https:\/\/www.obispadorqta.org.ar\/v3\/institucion-en-el-ministerio-del-acolitado\/","title":{"rendered":"Instituci\u00f3n en el Ministerio del Acolitado"},"content":{"rendered":"<p>\u00a0<img loading=\"lazy\" decoding=\"async\" src=\"https:\/\/scontent-a-mia.xx.fbcdn.net\/hphotos-xap1\/v\/t1.0-9\/539838_423416917754805_761704428_n.jpg?oh=31a4c588a3f62effde0e1b4f996cbdf4&#038;oe=55463F0F\" border=\"0\" width=\"183\" height=\"228\" align=\"left\" \/><\/p>\n<p><img loading=\"lazy\" decoding=\"async\" src=\"https:\/\/fbcdn-sphotos-e-a.akamaihd.net\/hphotos-ak-xap1\/v\/t1.0-9\/922944_423416851088145_923179697_n.jpg?oh=682596081c4c031a9136ff36a0ae7cb0&#038;oe=553B9585&#038;__gda__=1426386861_168ce3b9c867e3203b288724dd7493b3\" border=\"0\" width=\"180\" height=\"222\" \/> <\/p>\n<div style=\"text-align: center\">\n<div align=\"justify\">Este domingo<strong> 27 de diciembre, a las 20 hs.<\/strong>, los seminaristas <strong>Luciano Sebasti\u00e1n Molina y Germ\u00e1n Acevedo<\/strong> recibir\u00e1n el Ministerio del Acolitado en una celebraci\u00f3n presidida por el Obispo Diocesano, Mons. \u00c1ngel Jos\u00e9 Mac\u00edn.<\/div>\n<div align=\"justify\">\u00a0<\/div>\n<div align=\"justify\">Dicho evento tendr\u00e1 lugar en la Vicar\u00eda \u201cSanta Mar\u00eda Goretti\u201d de Arroyo Ceibal, Parroquia de Villa Ocampo.<\/div>\n<div align=\"justify\">\u00a0<\/div>\n<div align=\"justify\">Invitamos a acompa\u00f1ar con su presencia y oraci\u00f3n a Luciano y Germ\u00e1n en este gran acontecimiento de sus vidas y que el Se\u00f1or bendiga sus caminos hacia el sacerdocio e interceda para que hay abundantes y santas vocaciones en la Iglesia diocesana.<\/div>\n<\/p><\/div>\n","protected":false},"excerpt":{"rendered":"<div class=\"mh-excerpt\"><p>\u00a0 Este domingo 27 de diciembre, a las 20 hs., los seminaristas Luciano Sebasti\u00e1n Molina y Germ\u00e1n Acevedo recibir\u00e1n el Ministerio del Acolitado en una <a class=\"mh-excerpt-more\" href=\"https:\/\/www.obispadorqta.org.ar\/v3\/institucion-en-el-ministerio-del-acolitado\/\" title=\"Instituci\u00f3n en el Ministerio del Acolitado\">[&#8230;]<\/a><\/p>\n<\/div>","protected":false},"author":1,"featured_media":0,"comment_status":"open","ping_status":"open","sticky":false,"template":"","format":"standard","meta":{"footnotes":""},"categories":[28],"tags":[],"class_list":["post-1015","post","type-post","status-publish","format-standard","hentry","category-latest-news"],"_links":{"self":[{"href":"https:\/\/www.obispadorqta.org.ar\/v3\/wp-json\/wp\/v2\/posts\/1015","targetHints":{"allow":["GET"]}}],"collection":[{"href":"https:\/\/www.obispadorqta.org.ar\/v3\/wp-json\/wp\/v2\/posts"}],"about":[{"href":"https:\/\/www.obispadorqta.org.ar\/v3\/wp-json\/wp\/v2\/types\/post"}],"author":[{"embeddable":true,"href":"https:\/\/www.obispadorqta.org.ar\/v3\/wp-json\/wp\/v2\/users\/1"}],"replies":[{"embeddable":true,"href":"https:\/\/www.obispadorqta.org.ar\/v3\/wp-json\/wp\/v2\/comments?post=1015"}],"version-history":[{"count":0,"href":"https:\/\/www.obispadorqta.org.ar\/v3\/wp-json\/wp\/v2\/posts\/1015\/revisions"}],"wp:attachment":[{"href":"https:\/\/www.obispadorqta.org.ar\/v3\/wp-json\/wp\/v2\/media?parent=1015"}],"wp:term":[{"taxonomy":"category","embeddable":true,"href":"https:\/\/www.obispadorqta.org.ar\/v3\/wp-json\/wp\/v2\/categories?post=1015"},{"taxonomy":"post_tag","embeddable":true,"href":"https:\/\/www.obispadorqta.org.ar\/v3\/wp-json\/wp\/v2\/tags?post=1015"}],"curies":[{"name":"wp","href":"https:\/\/api.w.org\/{rel}","templated":true}]}}