{"id":1018,"date":"2015-01-09T10:52:01","date_gmt":"2015-01-09T10:52:01","guid":{"rendered":"http:\/\/www.obispadorqta.org.ar\/v3\/veranomisiones\/"},"modified":"2015-01-09T10:52:01","modified_gmt":"2015-01-09T10:52:01","slug":"veranomisiones","status":"publish","type":"post","link":"https:\/\/www.obispadorqta.org.ar\/v3\/veranomisiones\/","title":{"rendered":"Misiones de verano"},"content":{"rendered":"<p style=\"text-align: justify\" class=\"MsoNormal\">Durante el mes de enero se est\u00e1n llevando a cabo varias experiencias de misi\u00f3n en nuestra di\u00f3cesis. Dichas experiencias no solo se est\u00e1n realizando en el interno de la di\u00f3cesis, tambi\u00e9n hay grupos que han ido a misionar a otros lugares fuera de la di\u00f3cesis. <\/p>\n<p style=\"text-align: justify\" class=\"MsoNormal\">A su vez, han venido misioneros de otras Iglesias Particulares a visitar algunas de nuestras comunidades.<\/p>\n<p style=\"text-align: justify\" class=\"MsoNormal\">Por sus particularidades, destacamos la misi\u00f3n vocacional que se est\u00e1 desarrollando en Colonia Duran, con la presencia de nuestros seminaristas y de 18 j\u00f3venes de distintas parroquias.<\/p>\n<p style=\"text-align: justify\" class=\"MsoNormal\">Recemos por los frutos de esta acci\u00f3n misionera.<\/p>\n","protected":false},"excerpt":{"rendered":"<div class=\"mh-excerpt\"><p>Durante el mes de enero se est\u00e1n llevando a cabo varias experiencias de misi\u00f3n en nuestra di\u00f3cesis. Dichas experiencias no solo se est\u00e1n realizando en <a class=\"mh-excerpt-more\" href=\"https:\/\/www.obispadorqta.org.ar\/v3\/veranomisiones\/\" title=\"Misiones de verano\">[&#8230;]<\/a><\/p>\n<\/div>","protected":false},"author":1,"featured_media":0,"comment_status":"open","ping_status":"open","sticky":false,"template":"","format":"standard","meta":{"footnotes":""},"categories":[28],"tags":[],"class_list":["post-1018","post","type-post","status-publish","format-standard","hentry","category-latest-news"],"_links":{"self":[{"href":"https:\/\/www.obispadorqta.org.ar\/v3\/wp-json\/wp\/v2\/posts\/1018","targetHints":{"allow":["GET"]}}],"collection":[{"href":"https:\/\/www.obispadorqta.org.ar\/v3\/wp-json\/wp\/v2\/posts"}],"about":[{"href":"https:\/\/www.obispadorqta.org.ar\/v3\/wp-json\/wp\/v2\/types\/post"}],"author":[{"embeddable":true,"href":"https:\/\/www.obispadorqta.org.ar\/v3\/wp-json\/wp\/v2\/users\/1"}],"replies":[{"embeddable":true,"href":"https:\/\/www.obispadorqta.org.ar\/v3\/wp-json\/wp\/v2\/comments?post=1018"}],"version-history":[{"count":0,"href":"https:\/\/www.obispadorqta.org.ar\/v3\/wp-json\/wp\/v2\/posts\/1018\/revisions"}],"wp:attachment":[{"href":"https:\/\/www.obispadorqta.org.ar\/v3\/wp-json\/wp\/v2\/media?parent=1018"}],"wp:term":[{"taxonomy":"category","embeddable":true,"href":"https:\/\/www.obispadorqta.org.ar\/v3\/wp-json\/wp\/v2\/categories?post=1018"},{"taxonomy":"post_tag","embeddable":true,"href":"https:\/\/www.obispadorqta.org.ar\/v3\/wp-json\/wp\/v2\/tags?post=1018"}],"curies":[{"name":"wp","href":"https:\/\/api.w.org\/{rel}","templated":true}]}}