{"id":1020,"date":"2015-01-12T23:07:46","date_gmt":"2015-01-12T23:07:46","guid":{"rendered":"http:\/\/www.obispadorqta.org.ar\/v3\/prensacaritas\/"},"modified":"2015-01-12T23:07:46","modified_gmt":"2015-01-12T23:07:46","slug":"prensacaritas","status":"publish","type":"post","link":"https:\/\/www.obispadorqta.org.ar\/v3\/prensacaritas\/","title":{"rendered":"Comunicado de Prensa C\u00e1ritas Diocesana"},"content":{"rendered":"<div style=\"text-align: center\"><img loading=\"lazy\" decoding=\"async\" src=\"https:\/\/scontent-a-mia.xx.fbcdn.net\/hphotos-xpa1\/v\/t1.0-9\/10924780_735151213248039_386668804042178783_n.jpg?oh=f533814211d9c8c9bd68ac7c8ac4d726&#038;oe=5536E715\" border=\"0\" width=\"239\" height=\"300\" \/><\/div>\n<div style=\"text-align: center\">\u00a0<\/div>\n<div style=\"text-align: justify\">\n<div style=\"text-align: center\"><strong>AYUDA SOLIDARIA<\/strong><\/div>\n<div style=\"text-align: center\">\u00a0<\/div>\n<div style=\"text-align: justify\">C\u00e1ritas Diocesana comunica que, ante la emergencia h\u00eddrica que afecta buena parte de nuestra Di\u00f3cesis, y considerando que en estos \u00faltimos d\u00edas la situaci\u00f3n fue empeorando, tanto en lo que se refiere a la alimentaci\u00f3n como a la salud de las personas de algunos barrios y zonas rurales, se invita a la comunidad a sumarse solidariamente, colaborando con art\u00edculos comestibles y de limpieza, que se detallan a continuaci\u00f3n: <strong>ACEITE, HARINA, ARROZ, AZ\u00daCAR, FIDEOS, YERBA, EXTRACTO DE TOMATE, GRASA, LAVANDINA Y JAB\u00d3N EN PAN.<\/strong> Por el momento, solo se solicitan alimentos b\u00e1sicos y tambi\u00e9n calzados para ni\u00f1os. Por ahora, no se pide ropa ni otros elementos.<\/div>\n<div style=\"text-align: justify\"> <\/div>\n<div>Las donaciones se recibir\u00e1n en la \u201cSede Diocesana\u201d, ubicada en calle Mitre N\u00ba 289, los d\u00edas Martes 13, Mi\u00e9rcoles 14, Jueves 15, Viernes 16 y S\u00e1bado 17; para los d\u00edas h\u00e1biles de 08.00 a 20.00 horas y el d\u00eda s\u00e1bado de 08.00 a 12.00 \u00fanicamente. En otras localidades que se sumen a esta iniciativa, se dar\u00e1 a conocer por los medios locales el lugar de recepci\u00f3n de las donaciones.<\/div>\n<div>\u00a0<\/div>\n<div>Siguiendo el Protocolo del \u00c1rea de Emergencias de C\u00e1ritas Diocesana, se clasificar\u00e1n los recursos solicitados y se entregar\u00e1n, en base a los datos recolectados previamente, a familias afectadas, para poder responder organizada y responsablemente a esta situaci\u00f3n.<\/div>\n<div>Agradecemos su compromiso solidario de toda la comunidad.<\/div>\n<div><\/div>\n<div>C\u00e1ritas Diocesana<span style=\"white-space: pre\" class=\"Apple-tab-span\">\t<\/span><\/div>\n<div>Di\u00f3cesis de Reconquista<\/div>\n<div><\/div>\n<\/div>\n","protected":false},"excerpt":{"rendered":"<div class=\"mh-excerpt\"><div style=\"text-align: center\"><img loading=\"lazy\" decoding=\"async\" src=\"https:\/\/scontent-a-mia.xx.fbcdn.net\/hphotos-xpa1\/v\/t1.0-9\/10924780_735151213248039_386668804042178783_n.jpg?oh=f533814211d9c8c9bd68ac7c8ac4d726&#038;oe=5536E715\" border=\"0\" width=\"239\" height=\"300\" \/><\/div>\n<div style=\"text-align: center\">\u00a0<\/div>\n<div style=\"text-align: justify\">\n<div style=\"text-align: center\"><strong>AYUDA SOLIDARIA<\/strong><\/div>\n<div style=\"text-align: center\">\u00a0<\/div>\n<div style=\"text-align: justify\">C\u00e1ritas Diocesana comunica que, ante la emergencia h\u00eddrica que afecta buena parte de nuestra Di\u00f3cesis, y considerando que en estos \u00faltimos d\u00edas la situaci\u00f3n fue empeorando, tanto en lo que se refiere a la alimentaci\u00f3n como a la salud de las personas de algunos barrios y zonas rurales, se invita a la comunidad a sumarse solidariamente, colaborando con art\u00edculos comestibles y de limpieza, que se detallan a continuaci\u00f3n: <strong>ACEITE, HARINA, ARROZ, AZ\u00daCAR, FIDEOS, YERBA, EXTRACTO DE TOMATE, GRASA, LAVANDINA Y JAB\u00d3N EN PAN.<\/strong> Por el momento, solo se solicitan alimentos b\u00e1sicos y tambi\u00e9n calzados para ni\u00f1os. Por ahora, no se pide ropa ni otros elementos.<\/div>\n<div style=\"text-align: justify\">\n<\/div>","protected":false},"author":1,"featured_media":0,"comment_status":"open","ping_status":"open","sticky":false,"template":"","format":"standard","meta":{"footnotes":""},"categories":[28],"tags":[],"class_list":["post-1020","post","type-post","status-publish","format-standard","hentry","category-latest-news"],"_links":{"self":[{"href":"https:\/\/www.obispadorqta.org.ar\/v3\/wp-json\/wp\/v2\/posts\/1020","targetHints":{"allow":["GET"]}}],"collection":[{"href":"https:\/\/www.obispadorqta.org.ar\/v3\/wp-json\/wp\/v2\/posts"}],"about":[{"href":"https:\/\/www.obispadorqta.org.ar\/v3\/wp-json\/wp\/v2\/types\/post"}],"author":[{"embeddable":true,"href":"https:\/\/www.obispadorqta.org.ar\/v3\/wp-json\/wp\/v2\/users\/1"}],"replies":[{"embeddable":true,"href":"https:\/\/www.obispadorqta.org.ar\/v3\/wp-json\/wp\/v2\/comments?post=1020"}],"version-history":[{"count":0,"href":"https:\/\/www.obispadorqta.org.ar\/v3\/wp-json\/wp\/v2\/posts\/1020\/revisions"}],"wp:attachment":[{"href":"https:\/\/www.obispadorqta.org.ar\/v3\/wp-json\/wp\/v2\/media?parent=1020"}],"wp:term":[{"taxonomy":"category","embeddable":true,"href":"https:\/\/www.obispadorqta.org.ar\/v3\/wp-json\/wp\/v2\/categories?post=1020"},{"taxonomy":"post_tag","embeddable":true,"href":"https:\/\/www.obispadorqta.org.ar\/v3\/wp-json\/wp\/v2\/tags?post=1020"}],"curies":[{"name":"wp","href":"https:\/\/api.w.org\/{rel}","templated":true}]}}