{"id":1022,"date":"2015-01-22T12:37:18","date_gmt":"2015-01-22T12:37:18","guid":{"rendered":"http:\/\/www.obispadorqta.org.ar\/v3\/actividades-de-verano-para-jovenes\/"},"modified":"2015-01-22T12:37:18","modified_gmt":"2015-01-22T12:37:18","slug":"actividades-de-verano-para-jovenes","status":"publish","type":"post","link":"https:\/\/www.obispadorqta.org.ar\/v3\/actividades-de-verano-para-jovenes\/","title":{"rendered":"ACTIVIDADES DE VERANO PARA J\u00d3VENES"},"content":{"rendered":"<div style=\"font-family: Georgia,Times New Roman,Times,serif; font-size: 14px; font-style: normal; line-height: normal\">\n<div align=\"center\"><em>Para que tu veran<\/em><em>o sea diferente y encuentres motivos v\u00e1lidos para <\/em><\/div>\n<div align=\"center\"><em>caminar por las calles de tu pueblo y por los senderos de la vida.<\/em><\/div>\n<div align=\"center\">\u00a0<\/div>\n<div style=\"font-family: Arial,Helvetica,sans-serif; font-size: 12px; font-style: normal; line-height: normal\">\n<div style=\"text-align: center\"><img loading=\"lazy\" decoding=\"async\" src=\"http:\/\/www.acampadamalabrigo.com.ar\/images\/Acampada2014_001.jpg\" border=\"0\" width=\"378\" height=\"285\" \/><\/div>\n<p>\u00a0  <font color=\"#000000\"><strong style=\"font-size: 14px\">A) CURSO DE FORMACI\u00d3N HUMANA Y CRISTIANA:<\/strong>\u00a0 se realizar\u00e1 en la EFA de Esp\u00edn, <em>del lunes 2 al jueves 5 de febrero: para chicos y chicas de 15 a 17 a\u00f1os.<\/em><\/font><\/div>\n<div style=\"font-family: Arial,Helvetica,sans-serif; font-size: 12px; font-style: normal; line-height: normal\"><font color=\"#000000\">\u00a0<\/font><\/div>\n<div style=\"font-family: Arial,Helvetica,sans-serif; font-size: 12px; font-style: normal; line-height: normal\"><font color=\"#000000\">Se desarrollar\u00e1n y compartir\u00e1n personalmente y en grupo preguntas fundamentales para tu vida, como: \u00bfQui\u00e9n soy yo? \u00bfHacia d\u00f3nde voy? \u00bfExiste la felicidad y c\u00f3mo puedo alcanzarla? \u00bfLa amistad es posible y para qu\u00e9 sirve? \u00bfQu\u00e9 tiene que ver Dios con todo esto?&#8230;<\/font><\/div>\n<div style=\"font-family: Arial,Helvetica,sans-serif; font-size: 12px; font-style: normal; line-height: normal\"><font color=\"#000000\">\u00a0<\/font><\/div>\n<div style=\"font-family: Arial,Helvetica,sans-serif; font-size: 12px; font-style: normal; line-height: normal\"><font color=\"#000000\">Decid\u00edte y junt\u00e1 $ 50, m\u00e1s algunas otras cosas que te indicaremos durante el camino de preparaci\u00f3n. Es una buena oportunidad para darte un empuj\u00f3n por dentro y conocer otros chicos como vos.<\/font><\/div>\n<div style=\"font-family: Arial,Helvetica,sans-serif; font-size: 12px; font-style: normal; line-height: normal\"><font color=\"#000000\">\u00a0<\/font><\/div>\n<div style=\"font-family: Arial,Helvetica,sans-serif; font-size: 12px; font-style: normal; line-height: normal\"><font color=\"#000000\">Pon\u00e9te en contacto con las personas que te entregaron esta invitaci\u00f3n o tel. Irma 03482\/15522084. <\/font><\/div>\n<div style=\"font-family: Arial,Helvetica,sans-serif; font-size: 12px; font-style: normal; line-height: normal\">\u00a0<\/div>\n<div style=\"font-family: Arial,Helvetica,sans-serif; font-size: 12px; font-style: normal; line-height: normal\">\u00a0<\/div>\n<div align=\"justify\" style=\"font-family: Geneva,Arial,Helvetica,sans-serif; font-size: 12px; font-style: normal; line-height: normal\"><font color=\"#000000\"><strong style=\"font-size: 14px\">B) ACAMPADA JUVENIL DE MALABRIGO<\/strong>, para chicos y chicas mayores de 14 a\u00f1os. Se realizar\u00e1 en Malabrigo del <strong>viernes 6 al domingo 8 de febrero.<\/strong><\/font><\/div>\n<div align=\"justify\" style=\"font-family: Geneva,Arial,Helvetica,sans-serif; font-size: 12px; font-style: normal; line-height: normal\"><font color=\"#000000\">\u00a0<\/font><\/div>\n<div align=\"justify\" style=\"font-family: Geneva,Arial,Helvetica,sans-serif; font-size: 12px; font-style: normal; line-height: normal\"><font color=\"#000000\"><img loading=\"lazy\" decoding=\"async\" src=\"https:\/\/scontent-b-mia.xx.fbcdn.net\/hphotos-xpa1\/v\/t1.0-9\/10891898_10155040065135313_9041174263837412466_n.jpg?oh=d64c58632a32e57a523687fb1f1fb2d0&#038;oe=55652A6F\" border=\"0\" width=\"250\" height=\"178\" align=\"left\" \/>Se trata de un Encuentro masivo de j\u00f3venes, con las caracter\u00edsticas ya consolidadas en 20 a\u00f1os de experiencia. Hay que organizarse y venir con muchas ganas de compartir con cientos de j\u00f3venes de todo lado: cantando, escuchando, bailando, rezando, compartiendo experiencias y amistad\u2026<\/p>\n<p><strong>DATOS A TENER EN CUENTA PARA PARTICIPAR DEL ENCUENTRO <\/strong><\/font><\/div>\n<div align=\"justify\" style=\"font-family: Geneva,Arial,Helvetica,sans-serif; font-size: 12px; font-style: normal; line-height: normal\"><font color=\"#000000\"><u>EDAD:<\/u> Pueden participar j\u00f3venes desde los 13 a\u00f1os de edad.<\/font><\/div>\n<div align=\"justify\" style=\"font-family: Geneva,Arial,Helvetica,sans-serif; font-size: 12px; font-style: normal; line-height: normal\"><font color=\"#000000\">\u00a0<\/font><\/div>\n<div align=\"justify\" style=\"font-family: Geneva,Arial,Helvetica,sans-serif; font-size: 12px; font-style: normal; line-height: normal\"><font color=\"#000000\"><u>MONTO DE LA INSCRIPCI\u00d3N:<\/u> $ 120 (ciento veinte pesos) que incluyen: <br \/>\u00b7 cena del viernes;<br \/>\u00b7 desayuno, almuerzo y cena del s\u00e1bado;<br \/>\u00b7 desayuno y almuerzo del domingo;<br \/>\u00b7 y la participaci\u00f3n del encuentro.<\/font><\/div>\n<div align=\"justify\" style=\"font-family: Geneva,Arial,Helvetica,sans-serif; font-size: 12px; font-style: normal; line-height: normal\">\u00a0<\/div>\n<div align=\"justify\" style=\"font-family: Geneva,Arial,Helvetica,sans-serif; font-size: 12px; font-style: normal; line-height: normal\"><font color=\"#000000\"><u>LUGAR:<\/u> Parroquia Nuestra Se\u00f1ora del Huerto. Belgrano N\u00ba 1447 &#8211; Malabrigo (Santa Fe).<\/font><\/div>\n<div align=\"justify\" style=\"font-family: Geneva,Arial,Helvetica,sans-serif; font-size: 12px; font-style: normal; line-height: normal\">\u00a0<\/div>\n<div align=\"justify\" style=\"font-family: Geneva,Arial,Helvetica,sans-serif; font-size: 12px; font-style: normal; line-height: normal\"><font color=\"#000000\"><u>ELEMENTOS NECESARIO<\/u>S: Vaso, art\u00edculos para acampar (carpa, colchoneta, elementos personales, etc.), lona o manta para sentarse en los momentos de ense\u00f1anzas, bolsas pl\u00e1sticas para proteger las pertenencias personales en caso de lluvia.<\/font><\/div>\n<div align=\"justify\" style=\"font-family: Geneva,Arial,Helvetica,sans-serif; font-size: 12px; font-style: normal; line-height: normal\">\u00a0<\/div>\n<div align=\"justify\" style=\"font-family: Geneva,Arial,Helvetica,sans-serif; font-size: 12px; font-style: normal; line-height: normal\"><font color=\"#000000\"><u>CONSULTAS:<\/u>\u00a0 p\u00e1gina web www.acampadamalabrigo, a trav\u00e9s de nuestra p\u00e1gina en Facebook, o a los tel\u00e9fonos (03482) 45-4248 \/ 15-576625.<\/font><\/div>\n<div align=\"justify\" style=\"font-family: Geneva,Arial,Helvetica,sans-serif; font-size: 12px; font-style: normal; line-height: normal\">\u00a0<\/div>\n<div align=\"justify\" style=\"font-family: Geneva,Arial,Helvetica,sans-serif; font-size: 12px; font-style: normal; line-height: normal\"><font color=\"#000000\"><u>INSCRIPCIONES: <\/u>\u00danicamente podr\u00e1n ser realizadas mediante la pag. web, donde podr\u00e1s inscribir a toda tu delegaci\u00f3n con sus datos personales (esto har\u00e1 m\u00e1s eficiente y r\u00e1pido el proceso de acreditaci\u00f3n al llegar). <br \/><em><strong>Esperamos tu inscripci\u00f3n hasta el mi\u00e9rcoles 4 de febrero<\/strong><\/em><\/font><\/div>\n<div align=\"justify\" style=\"font-family: Geneva,Arial,Helvetica,sans-serif; font-size: 12px; font-style: normal; line-height: normal\">\u00a0<\/div>\n<div align=\"justify\" style=\"font-family: Geneva,Arial,Helvetica,sans-serif; font-size: 12px; font-style: normal; line-height: normal\"><font color=\"#000000\">Para mayores informaciones entra en la p\u00e1g. web: encontrar\u00e1s los detalles de la Acampada, su historia y la organizaci\u00f3n. <\/font><\/div>\n<div align=\"justify\" style=\"font-family: Geneva,Arial,Helvetica,sans-serif; font-size: 12px; font-style: normal; line-height: normal\">\u00a0<\/div>\n<div align=\"justify\" style=\"font-family: Geneva,Arial,Helvetica,sans-serif; font-size: 12px; font-style: normal; line-height: normal\"><font color=\"#000000\"><strong style=\"font-family: Geneva,Arial,Helvetica,sans-serif; font-size: 14px; font-style: normal\">C) TALLER DE INICIACI\u00d3N, PARA PREPARARSE COMO ANIMADORES Y AUXILIARES DE LA IAM (INFANCIA Y ADOLESCENCIA MISIONERA)<\/strong> que es una nueva manera de dar \u201ccatecismo\u201d a los chicos de 7 a 15 a\u00f1os, antes y despu\u00e9s de la catequesis de la Comuni\u00f3n.<\/font><\/div>\n<div align=\"justify\" style=\"font-family: Geneva,Arial,Helvetica,sans-serif; font-size: 12px; font-style: normal; line-height: normal\"><font color=\"#000000\">\u00a0<\/font><\/div>\n<div align=\"justify\" style=\"font-family: Geneva,Arial,Helvetica,sans-serif; font-size: 12px; font-style: normal; line-height: normal\"><font color=\"#000000\">Se realizar\u00e1 en Reconquista los d\u00edas domingo 15 y lunes 16 de febrero. (Feriado de carnaval)<\/font><\/div>\n<div align=\"justify\" style=\"font-family: Geneva,Arial,Helvetica,sans-serif; font-size: 12px; font-style: normal; line-height: normal\"><font color=\"#000000\">\u00a0<\/font><\/div>\n<div align=\"justify\" style=\"font-family: Geneva,Arial,Helvetica,sans-serif; font-size: 12px; font-style: normal; line-height: normal\"><font color=\"#000000\">Es para personas mayores de 16 a\u00f1os, y hasta madres y padres de familias y personas de esp\u00edritu juvenil, dispuestas a prepararse para guiar grupos de chicos y chicas y ayudarlos a crecer en el camino de la amistad con Jes\u00fas y con sus compa\u00f1eros de grupo.<\/font><\/div>\n<div align=\"justify\" style=\"font-family: Geneva,Arial,Helvetica,sans-serif; font-size: 12px; font-style: normal; line-height: normal\"><font color=\"#000000\">\u00a0<\/font><\/div>\n<div align=\"justify\" style=\"font-family: Geneva,Arial,Helvetica,sans-serif; font-size: 12px; font-style: normal; line-height: normal\"><font color=\"#000000\">Para crecer en la amistad hace falta un grupo y para guiar un grupo hace falta alguien mayor que lo sepa acompa\u00f1ar y animar. Vos pod\u00e9s ser la persona indicada, si te prepar\u00e1s un poco.<\/font><\/div>\n<div align=\"justify\" style=\"font-family: Geneva,Arial,Helvetica,sans-serif; font-size: 12px; font-style: normal; line-height: normal\"><font color=\"#000000\">\u00a0<\/font><\/div>\n<div align=\"justify\" style=\"font-family: Geneva,Arial,Helvetica,sans-serif; font-size: 12px; font-style: normal; line-height: normal\"><font color=\"#000000\">Anim\u00e1te, si quer\u00e9s ser \u00fatil: \u00a1Dios y la Comunidad te necesitan!<\/font><\/div>\n<div align=\"justify\" style=\"font-family: Geneva,Arial,Helvetica,sans-serif; font-size: 12px; font-style: normal; line-height: normal\"><font color=\"#000000\">\u00a0<\/font><\/div>\n<div align=\"justify\" style=\"font-family: Geneva,Arial,Helvetica,sans-serif; font-size: 12px; font-style: normal; line-height: normal\"><font color=\"#000000\">Habl\u00e1 pronto con alguien de la Parroquia que te pueda orientar o al tel. de Nadia 03482\/15600119. <\/font><\/div>\n<\/p><\/div>\n","protected":false},"excerpt":{"rendered":"<div class=\"mh-excerpt\"><div style=\"font-family: Georgia,Times New Roman,Times,serif; font-size: 14px; font-style: normal; line-height: normal\">\n<div align=\"center\"><em>Para que tu veran<\/em><em>o sea diferente y encuentres motivos v\u00e1lidos para <\/em><\/div>\n<div align=\"center\"><em>caminar por las calles de tu pueblo y por los senderos de la vida.<\/em><\/div>\n<div align=\"center\">\u00a0<\/div>\n<div style=\"font-family: Arial,Helvetica,sans-serif; font-size: 12px; font-style: normal; line-height: normal\">\n<div style=\"text-align: center\"><img loading=\"lazy\" decoding=\"async\" src=\"http:\/\/www.acampadamalabrigo.com.ar\/images\/Acampada2014_001.jpg\" border=\"0\" width=\"378\" height=\"285\" \/><\/div>\n<p>\u00a0 <\/p>\n<\/div>","protected":false},"author":1,"featured_media":0,"comment_status":"open","ping_status":"open","sticky":false,"template":"","format":"standard","meta":{"footnotes":""},"categories":[28],"tags":[],"class_list":["post-1022","post","type-post","status-publish","format-standard","hentry","category-latest-news"],"_links":{"self":[{"href":"https:\/\/www.obispadorqta.org.ar\/v3\/wp-json\/wp\/v2\/posts\/1022","targetHints":{"allow":["GET"]}}],"collection":[{"href":"https:\/\/www.obispadorqta.org.ar\/v3\/wp-json\/wp\/v2\/posts"}],"about":[{"href":"https:\/\/www.obispadorqta.org.ar\/v3\/wp-json\/wp\/v2\/types\/post"}],"author":[{"embeddable":true,"href":"https:\/\/www.obispadorqta.org.ar\/v3\/wp-json\/wp\/v2\/users\/1"}],"replies":[{"embeddable":true,"href":"https:\/\/www.obispadorqta.org.ar\/v3\/wp-json\/wp\/v2\/comments?post=1022"}],"version-history":[{"count":0,"href":"https:\/\/www.obispadorqta.org.ar\/v3\/wp-json\/wp\/v2\/posts\/1022\/revisions"}],"wp:attachment":[{"href":"https:\/\/www.obispadorqta.org.ar\/v3\/wp-json\/wp\/v2\/media?parent=1022"}],"wp:term":[{"taxonomy":"category","embeddable":true,"href":"https:\/\/www.obispadorqta.org.ar\/v3\/wp-json\/wp\/v2\/categories?post=1022"},{"taxonomy":"post_tag","embeddable":true,"href":"https:\/\/www.obispadorqta.org.ar\/v3\/wp-json\/wp\/v2\/tags?post=1022"}],"curies":[{"name":"wp","href":"https:\/\/api.w.org\/{rel}","templated":true}]}}