{"id":1023,"date":"2015-01-22T13:50:50","date_gmt":"2015-01-22T13:50:50","guid":{"rendered":"http:\/\/www.obispadorqta.org.ar\/v3\/los-obispos-piden-alcanzar-la-verdad-tras-la-muerte-del-fiscal-nisman\/"},"modified":"2015-01-22T13:50:50","modified_gmt":"2015-01-22T13:50:50","slug":"los-obispos-piden-alcanzar-la-verdad-tras-la-muerte-del-fiscal-nisman","status":"publish","type":"post","link":"https:\/\/www.obispadorqta.org.ar\/v3\/los-obispos-piden-alcanzar-la-verdad-tras-la-muerte-del-fiscal-nisman\/","title":{"rendered":"Los obispos piden alcanzar la verdad tras la muerte del fiscal Nisman"},"content":{"rendered":"<p><img loading=\"lazy\" decoding=\"async\" src=\"https:\/\/fbcdn-sphotos-f-a.akamaihd.net\/hphotos-ak-xfp1\/v\/t1.0-9\/10888385_739945406101953_1998199154638727113_n.jpg?oh=d4fa6379cc939c6a33e1be95bf8b81de&#038;oe=5522DAF3&#038;__gda__=1432768890_248edc94646ee6f436951036ccb76910\" border=\"0\" width=\"239\" height=\"173\" align=\"left\" \/><\/p>\n<p style=\"font-size: 12px\" align=\"justify\"><font color=\"#000000\">Buenos Aires (AICA): La Comisi\u00f3n Ejecutiva de la Conferencia Episcopal Argentina (CEA) manifest\u00f3 su \u00a8conmoci\u00f3n, perplejidad e incertidumbre\u00a8 ante la muerte del fiscal Alberto Nisman y realiz\u00f3 un llamado a las autoridades y a toda la dirigencia pol\u00edtica a poner \u00a8todo el esfuerzo, honestidad y capacidad investigativa\u00a8 para alcanzar la verdad sobre el deceso del magistrado. <\/font><\/p>\n<p>&nbsp;<\/p>\n<p>&nbsp;<\/p>\n<p>&nbsp;<\/p>\n<p><span style=\"color: #333333; font-family: TheSans,Arial; font-size: 14px; font-style: normal; font-variant: normal; letter-spacing: normal; line-height: 18px; text-align: start; text-indent: 0px; text-transform: none; white-space: normal; word-spacing: 0px; font-weight: bold; background-color: #ffffff\">Comunicado de la Comisi\u00f3n Ejecutiva<\/span><span style=\"color: #333333; font-family: TheSans,Arial; font-size: 14px; font-style: normal; font-variant: normal; font-weight: normal; letter-spacing: normal; line-height: 18px; text-align: start; text-indent: 0px; text-transform: none; white-space: normal; word-spacing: 0px; display: inline ! important; float: none; background-color: #ffffff\"><span class=\"Apple-converted-space\">\u00a0<\/span><\/span><br \/><em style=\"color: #333333; font-family: TheSans,Arial; font-size: 14px; font-variant: normal; font-weight: normal; letter-spacing: normal; line-height: 18px; text-align: start; text-indent: 0px; text-transform: none; white-space: normal; word-spacing: 0px; background-color: #ffffff\">Ante la muerte del se\u00f1or fiscal, doctor Natalio Alberto Nisman, los obispos expresamos en primer lugar nuestro afecto y oraci\u00f3n a su mam\u00e1 y a toda su familia, pidiendo al Buen Dios el consuelo de la fe. Sentimientos que hacemos extensivos a las personas cercanas a su afecto y trabajo.<span class=\"Apple-converted-space\">\u00a0<\/span><\/p>\n<p>Como pastores compartimos la conmoci\u00f3n, perplejidad e incertidumbre que en estos d\u00edas afectan a los argentinos. No obstante, confiamos en las instituciones de la Rep\u00fablica, para superar las sombras de impunidad que da\u00f1an la salud de la democracia.<span class=\"Apple-converted-space\">\u00a0<\/span><\/p>\n<p>Sentimos la necesidad de hacer un llamado a las autoridades y a toda la dirigencia pol\u00edtica a poner todo el esfuerzo, honestidad y capacidad investigativa, para alcanzar la verdad, \u00fanica base de la justicia.<span class=\"Apple-converted-space\">\u00a0<\/span><\/p>\n<p>Recordamos lo que dijimos oportunamente: \u201cDebemos enfrentar estos desaf\u00edos confiando en las reservas morales y en los profundos valores que son el sustento de nuestra convivencia, porque la falta de verdad despierta profunda desconfianza y termina da\u00f1ando el tejido social\u201d (Hac\u00eda un Bicentenario en Justicia y Solidaridad\u201d, 30).<span class=\"Apple-converted-space\">\u00a0<\/span><\/p>\n<p>Como Naci\u00f3n soberana necesitamos estar a la altura de las exigencias judiciales e institucionales, para que este doloroso acontecimiento sea esclarecido.<span class=\"Apple-converted-space\">\u00a0<\/span><\/p>\n<p>En estos momentos alentamos a mantener serenidad y cautela en los juicios, firmeza y perseverancia en la b\u00fasqueda de la verdad.<span class=\"Apple-converted-space\">\u00a0<\/span><\/p>\n<p>Invitamos a nuestro pueblo a intensificar la Oraci\u00f3n por la Patria en todas las comunidades, como as\u00ed tambi\u00e9n a los hermanos de otras confesiones cristianas y otros credos a permanecer unidos en la plegaria. Pedimos a los hombres y mujeres de buena voluntad a unir sus pensamientos a esta causa.<span class=\"Apple-converted-space\">\u00a0<\/span><\/p>\n<p>Con fe y esperanza, volvemos nuestra mirada a la Virgen de Luj\u00e1n, para que ella nos siga acompa\u00f1ando en la construcci\u00f3n de una Patria unida, justa y pacificada.<\/em><span style=\"color: #333333; font-family: TheSans,Arial; font-size: 14px; font-style: normal; font-variant: normal; font-weight: normal; letter-spacing: normal; line-height: 18px; text-align: start; text-indent: 0px; text-transform: none; white-space: normal; word-spacing: 0px; display: inline ! important; float: none; background-color: #ffffff\">+<\/span> <\/p>\n","protected":false},"excerpt":{"rendered":"<div class=\"mh-excerpt\"><p><img loading=\"lazy\" decoding=\"async\" src=\"https:\/\/fbcdn-sphotos-f-a.akamaihd.net\/hphotos-ak-xfp1\/v\/t1.0-9\/10888385_739945406101953_1998199154638727113_n.jpg?oh=d4fa6379cc939c6a33e1be95bf8b81de&#038;oe=5522DAF3&#038;__gda__=1432768890_248edc94646ee6f436951036ccb76910\" border=\"0\" width=\"239\" height=\"173\" align=\"left\" \/><\/p>\n<p style=\"font-size: 12px\" align=\"justify\"><font color=\"#000000\">Buenos Aires (AICA): La Comisi\u00f3n Ejecutiva de la Conferencia Episcopal Argentina (CEA) manifest\u00f3 su \u00a8conmoci\u00f3n, perplejidad e incertidumbre\u00a8 ante la muerte del fiscal Alberto Nisman y realiz\u00f3 un llamado a las autoridades y a toda la dirigencia pol\u00edtica a poner \u00a8todo el esfuerzo, honestidad y capacidad investigativa\u00a8 para alcanzar la verdad sobre el deceso del magistrado. <\/font><\/p>\n<\/div>","protected":false},"author":1,"featured_media":0,"comment_status":"open","ping_status":"open","sticky":false,"template":"","format":"standard","meta":{"footnotes":""},"categories":[28],"tags":[],"class_list":["post-1023","post","type-post","status-publish","format-standard","hentry","category-latest-news"],"_links":{"self":[{"href":"https:\/\/www.obispadorqta.org.ar\/v3\/wp-json\/wp\/v2\/posts\/1023","targetHints":{"allow":["GET"]}}],"collection":[{"href":"https:\/\/www.obispadorqta.org.ar\/v3\/wp-json\/wp\/v2\/posts"}],"about":[{"href":"https:\/\/www.obispadorqta.org.ar\/v3\/wp-json\/wp\/v2\/types\/post"}],"author":[{"embeddable":true,"href":"https:\/\/www.obispadorqta.org.ar\/v3\/wp-json\/wp\/v2\/users\/1"}],"replies":[{"embeddable":true,"href":"https:\/\/www.obispadorqta.org.ar\/v3\/wp-json\/wp\/v2\/comments?post=1023"}],"version-history":[{"count":0,"href":"https:\/\/www.obispadorqta.org.ar\/v3\/wp-json\/wp\/v2\/posts\/1023\/revisions"}],"wp:attachment":[{"href":"https:\/\/www.obispadorqta.org.ar\/v3\/wp-json\/wp\/v2\/media?parent=1023"}],"wp:term":[{"taxonomy":"category","embeddable":true,"href":"https:\/\/www.obispadorqta.org.ar\/v3\/wp-json\/wp\/v2\/categories?post=1023"},{"taxonomy":"post_tag","embeddable":true,"href":"https:\/\/www.obispadorqta.org.ar\/v3\/wp-json\/wp\/v2\/tags?post=1023"}],"curies":[{"name":"wp","href":"https:\/\/api.w.org\/{rel}","templated":true}]}}