{"id":1024,"date":"2015-01-29T13:05:22","date_gmt":"2015-01-29T13:05:22","guid":{"rendered":"http:\/\/www.obispadorqta.org.ar\/v3\/toma-de-posesion-administrador-parroquial\/"},"modified":"2015-01-29T13:05:22","modified_gmt":"2015-01-29T13:05:22","slug":"toma-de-posesion-administrador-parroquial","status":"publish","type":"post","link":"https:\/\/www.obispadorqta.org.ar\/v3\/toma-de-posesion-administrador-parroquial\/","title":{"rendered":"Toma de Posesi\u00f3n Administrador Parroquial"},"content":{"rendered":"<p><!--[if gte mso 9]><xml>  <o:OfficeDocumentSettings>   <o:AllowPNG\/>  <\/o:OfficeDocumentSettings> <\/xml><![endif]-->  <\/p>\n<p style=\"margin-bottom: 0.0001pt; line-height: normal; background: none repeat scroll 0% 0% white\" class=\"MsoNormal\" align=\"justify\">&nbsp;<\/p>\n<div style=\"text-align: center\"><img loading=\"lazy\" decoding=\"async\" src=\"https:\/\/scontent-b-mia.xx.fbcdn.net\/hphotos-xpf1\/v\/t1.0-9\/1969312_707036932726134_6139953323258471611_n.jpg?oh=825b0caae27a9490f2fa3b52c53ae1a2&#038;oe=55601012\" border=\"0\" width=\"371\" height=\"255\" \/><\/div>\n<p>&nbsp;<\/p>\n<p align=\"justify\"><font color=\"#000000\">Con mucha alegr\u00eda comunicamos que el pr\u00f3ximo <strong>domingo 01 de febrero de 2015<\/strong>, Mons. \u00c1ngel Jos\u00e9 Mac\u00edn, presidir\u00e1 la celebraci\u00f3n de la Santa Misa con motivo del inicio en el desempe\u00f1o de <u>Administrador Parroquial<\/u> de la Parroquia \u201cSagrado Coraz\u00f3n de Jes\u00fas\u201d de Villa Ana del<strong> Pbro. Jos\u00e9 Reinaldo Ben\u00edtez<\/strong><\/font><\/p>\n<p align=\"justify\"><font color=\"#000000\"><strong>La Eucarist\u00eda comenzar\u00e1 a las 19 horas<\/strong> en la misma sede de la parroquia.<\/font><\/p>\n<p align=\"justify\"><font color=\"#000000\">Invitamos a la Iglesia diocesana a acompa\u00f1ar al querido Pueblo de Dios de Villa Ana, dar la bienvenida al nuevo administrador parroquial y a unirnos en las intenciones del Padre Jos\u00e9 Reinaldo para que por medio del Esp\u00edritu Santo pueda cumplir con alegr\u00eda su nueva misi\u00f3n, para que encuentre acogida y apoyo en la toda la comunidad local y diocesana. <\/font><\/p>\n<p> <font color=\"#000000\">El Pbro. Jos\u00e9 Reinaldo Ben\u00edtez, de 63 a\u00f1os de edad, naci\u00f3 el 04 de julio de 1951 en la zona de Florencia. Fue ordenado sacerdote el 09 de diciembre de 1992.<br \/><\/font><\/p>\n<p align=\"justify\"><font color=\"#000000\">Actualmente pertenece al presbiterio de la Arquidi\u00f3cesis de Rosario, donde se desempe\u00f1\u00f3 como P\u00e1rroco de la Parroquia \u201cSan Pedro Ap\u00f3stol\u201d, de la ciudad de Casilda y Administrador Parroquial de sendas comunidades parroquiales.<\/font><em><\/em>  <\/p>\n","protected":false},"excerpt":{"rendered":"<div class=\"mh-excerpt\"><p><!--[if gte mso 9]><xml>  <o:OfficeDocumentSettings>   <o:AllowPNG\/>  <\/o:OfficeDocumentSettings> <\/xml><![endif]-->  <\/p>\n<p style=\"margin-bottom: 0.0001pt; line-height: normal; background: none repeat scroll 0% 0% white\" class=\"MsoNormal\" align=\"justify\">&nbsp;<\/p>\n<div style=\"text-align: center\"><img loading=\"lazy\" decoding=\"async\" src=\"https:\/\/scontent-b-mia.xx.fbcdn.net\/hphotos-xpf1\/v\/t1.0-9\/1969312_707036932726134_6139953323258471611_n.jpg?oh=825b0caae27a9490f2fa3b52c53ae1a2&#038;oe=55601012\" border=\"0\" width=\"371\" height=\"255\" \/><\/div>\n<p>&nbsp;<\/p>\n<p align=\"justify\"><font color=\"#000000\">Con mucha alegr\u00eda comunicamos que el pr\u00f3ximo <strong>domingo 01 de febrero de 2015<\/strong>, Mons. \u00c1ngel Jos\u00e9 Mac\u00edn, presidir\u00e1 la celebraci\u00f3n de la Santa Misa con motivo del inicio en el desempe\u00f1o de <u>Administrador Parroquial<\/u> de la Parroquia \u201cSagrado Coraz\u00f3n de Jes\u00fas\u201d de Villa Ana del<strong> Pbro. Jos\u00e9 Reinaldo Ben\u00edtez<\/strong><\/font><\/p>\n<p align=\"justify\"><font color=\"#000000\"><strong>La Eucarist\u00eda comenzar\u00e1 a las 19 horas<\/strong> en la misma sede de la parroquia.<\/font><\/p>\n<p align=\"justify\"><font color=\"#000000\">Invitamos a la Iglesia diocesana a acompa\u00f1ar al querido Pueblo de Dios de Villa Ana, dar la bienvenida al nuevo administrador parroquial y a unirnos en las intenciones del Padre Jos\u00e9 Reinaldo para que por medio del Esp\u00edritu Santo pueda cumplir con alegr\u00eda su nueva misi\u00f3n, para que encuentre acogida y apoyo en la toda la comunidad local y diocesana. <\/font><\/p>\n<\/div>","protected":false},"author":1,"featured_media":0,"comment_status":"open","ping_status":"open","sticky":false,"template":"","format":"standard","meta":{"footnotes":""},"categories":[28],"tags":[],"class_list":["post-1024","post","type-post","status-publish","format-standard","hentry","category-latest-news"],"_links":{"self":[{"href":"https:\/\/www.obispadorqta.org.ar\/v3\/wp-json\/wp\/v2\/posts\/1024","targetHints":{"allow":["GET"]}}],"collection":[{"href":"https:\/\/www.obispadorqta.org.ar\/v3\/wp-json\/wp\/v2\/posts"}],"about":[{"href":"https:\/\/www.obispadorqta.org.ar\/v3\/wp-json\/wp\/v2\/types\/post"}],"author":[{"embeddable":true,"href":"https:\/\/www.obispadorqta.org.ar\/v3\/wp-json\/wp\/v2\/users\/1"}],"replies":[{"embeddable":true,"href":"https:\/\/www.obispadorqta.org.ar\/v3\/wp-json\/wp\/v2\/comments?post=1024"}],"version-history":[{"count":0,"href":"https:\/\/www.obispadorqta.org.ar\/v3\/wp-json\/wp\/v2\/posts\/1024\/revisions"}],"wp:attachment":[{"href":"https:\/\/www.obispadorqta.org.ar\/v3\/wp-json\/wp\/v2\/media?parent=1024"}],"wp:term":[{"taxonomy":"category","embeddable":true,"href":"https:\/\/www.obispadorqta.org.ar\/v3\/wp-json\/wp\/v2\/categories?post=1024"},{"taxonomy":"post_tag","embeddable":true,"href":"https:\/\/www.obispadorqta.org.ar\/v3\/wp-json\/wp\/v2\/tags?post=1024"}],"curies":[{"name":"wp","href":"https:\/\/api.w.org\/{rel}","templated":true}]}}