{"id":1025,"date":"2015-02-02T14:58:00","date_gmt":"2015-02-02T14:58:00","guid":{"rendered":"http:\/\/www.obispadorqta.org.ar\/v3\/benitesadministrador\/"},"modified":"2015-02-02T14:58:00","modified_gmt":"2015-02-02T14:58:00","slug":"benitesadministrador","status":"publish","type":"post","link":"https:\/\/www.obispadorqta.org.ar\/v3\/benitesadministrador\/","title":{"rendered":"Toma de Posesi\u00f3n del Pbro. Jos\u00e9 Reinaldo Ben\u00edtez"},"content":{"rendered":"<div style=\"text-align: center\"><img loading=\"lazy\" decoding=\"async\" src=\"https:\/\/scontent-b-lga.xx.fbcdn.net\/hphotos-xpf1\/v\/t1.0-9\/10268518_745647408865086_5461038739329148134_n.jpg?oh=f6b9ad0078e9ed5921602eacaf6a6cc5&#038;oe=55562ED7\" border=\"0\" width=\"400\" height=\"300\" \/><\/div>\n<div>\u00a0<\/div>\n<div style=\"text-align: justify\">En la tarde de ayer, domingo 01 de febrero, se llevo a cabo la toma de posesi\u00f3n del Pbro. Jos\u00e9 Reinaldo Ben\u00edtez como administrado parroquial de la parroquia \u201cSagrado Coraz\u00f3n de Jes\u00fas\u201d de la localidad de Villa Ana, cuya celebraci\u00f3n fue presidida por Mons. \u00c1ngel Jos\u00e9 Mac\u00edn y concelebrada por un grupo de sacerdotes diocesanos y religiosos.\u00a0<\/div>\n<div style=\"text-align: justify\"><\/div>\n<div style=\"text-align: justify\">El nuevo administrador fue recibido en la \u201cVirgen del Camino\u201d y se realizo el ingreso a la localidad en una caravana que contaba con la presencia de sacerdotes diocesanos, religiosas y distintas delegaciones de parroquias vecinas a la localidad, que se sumaron a la comunidad que asisti\u00f3 en gran n\u00famero a este acontecimiento. Luego se procedi\u00f3 a realizar la correspondiente celebraci\u00f3n y toma de posesi\u00f3n del nuevo administrador parroquial.<\/div>\n<div style=\"text-align: justify\"><\/div>\n<div style=\"text-align: justify\">Se vivieron diversos momentos en el desarrollo de la celebraci\u00f3n, donde prim\u00f3 la alegr\u00eda y la emoci\u00f3n de una comunidad que ve\u00eda los frutos de sus oraciones y pedidos por un pastor que continu\u00e9 la obra de aquellos que dejaron su huella en Villa Ana, como lo fueron los Presb\u00edteros Armando Yacuzzi y Marcelino Cainelli.<\/div>\n<div style=\"text-align: justify\"><\/div>\n<div style=\"text-align: justify\">En los umbrales del inicio del a\u00f1o vocacional diocesano, invitamos a todos a seguir orando por el aumento y la perseverancia de las vocaciones sacerdotales.<\/div>\n<div style=\"text-align: justify\">\u00a0<\/div>\n<div style=\"text-align: center\"><img loading=\"lazy\" decoding=\"async\" src=\"https:\/\/fbcdn-sphotos-f-a.akamaihd.net\/hphotos-ak-prn1\/v\/t1.0-9\/10502239_745647452198415_1914349982441492289_n.jpg?oh=0fd63f13a7fd9814e369744b82c11ee8&#038;oe=556C23FE&#038;__gda__=1432314949_8e8dd9d9dfae1a62920f3e0d1df856c5\" border=\"0\" width=\"400\" height=\"300\" \/>\u00a0<\/div>\n<div style=\"text-align: center\"><img loading=\"lazy\" decoding=\"async\" src=\"https:\/\/scontent-b-lga.xx.fbcdn.net\/hphotos-xaf1\/v\/t1.0-9\/10959493_745647375531756_3781977459049855536_n.jpg?oh=140024547671d784e4fde0c900ecb0d8&#038;oe=556D516B\" border=\"0\" width=\"400\" height=\"300\" \/><\/div>\n<div style=\"text-align: center\"><img loading=\"lazy\" decoding=\"async\" src=\"https:\/\/scontent-b-lga.xx.fbcdn.net\/hphotos-xpf1\/v\/t1.0-9\/1604952_745647562198404_6128376240335715032_n.jpg?oh=74606e64c036e02dca0b1ca4897891e7&#038;oe=55619D1C\" border=\"0\" width=\"400\" height=\"300\" \/>\u00a0<\/div>\n<div style=\"text-align: center\"><img loading=\"lazy\" decoding=\"async\" src=\"https:\/\/scontent-b-lga.xx.fbcdn.net\/hphotos-xap1\/v\/t1.0-9\/10959335_745647162198444_1430915168400056280_n.jpg?oh=fcf7b2bf379a773fe485a4223a59e77f&#038;oe=555BB9B7\" border=\"0\" width=\"300\" height=\"400\" \/>\u00a0<\/div>\n","protected":false},"excerpt":{"rendered":"<div class=\"mh-excerpt\"><div style=\"text-align: center\"><img loading=\"lazy\" decoding=\"async\" src=\"https:\/\/scontent-b-lga.xx.fbcdn.net\/hphotos-xpf1\/v\/t1.0-9\/10268518_745647408865086_5461038739329148134_n.jpg?oh=f6b9ad0078e9ed5921602eacaf6a6cc5&#038;oe=55562ED7\" border=\"0\" width=\"400\" height=\"300\" \/><\/div>\n<div>\u00a0<\/div>\n<\/div>","protected":false},"author":1,"featured_media":0,"comment_status":"open","ping_status":"open","sticky":false,"template":"","format":"standard","meta":{"footnotes":""},"categories":[28],"tags":[],"class_list":["post-1025","post","type-post","status-publish","format-standard","hentry","category-latest-news"],"_links":{"self":[{"href":"https:\/\/www.obispadorqta.org.ar\/v3\/wp-json\/wp\/v2\/posts\/1025","targetHints":{"allow":["GET"]}}],"collection":[{"href":"https:\/\/www.obispadorqta.org.ar\/v3\/wp-json\/wp\/v2\/posts"}],"about":[{"href":"https:\/\/www.obispadorqta.org.ar\/v3\/wp-json\/wp\/v2\/types\/post"}],"author":[{"embeddable":true,"href":"https:\/\/www.obispadorqta.org.ar\/v3\/wp-json\/wp\/v2\/users\/1"}],"replies":[{"embeddable":true,"href":"https:\/\/www.obispadorqta.org.ar\/v3\/wp-json\/wp\/v2\/comments?post=1025"}],"version-history":[{"count":0,"href":"https:\/\/www.obispadorqta.org.ar\/v3\/wp-json\/wp\/v2\/posts\/1025\/revisions"}],"wp:attachment":[{"href":"https:\/\/www.obispadorqta.org.ar\/v3\/wp-json\/wp\/v2\/media?parent=1025"}],"wp:term":[{"taxonomy":"category","embeddable":true,"href":"https:\/\/www.obispadorqta.org.ar\/v3\/wp-json\/wp\/v2\/categories?post=1025"},{"taxonomy":"post_tag","embeddable":true,"href":"https:\/\/www.obispadorqta.org.ar\/v3\/wp-json\/wp\/v2\/tags?post=1025"}],"curies":[{"name":"wp","href":"https:\/\/api.w.org\/{rel}","templated":true}]}}