{"id":1026,"date":"2015-02-03T15:02:20","date_gmt":"2015-02-03T15:02:20","guid":{"rendered":"http:\/\/www.obispadorqta.org.ar\/v3\/bodasrogelio\/"},"modified":"2015-02-03T15:02:20","modified_gmt":"2015-02-03T15:02:20","slug":"bodasrogelio","status":"publish","type":"post","link":"https:\/\/www.obispadorqta.org.ar\/v3\/bodasrogelio\/","title":{"rendered":"Bodas de oro sacerdotales del Pbro. Rogelio Bosch"},"content":{"rendered":"<div style=\"text-align: center\"><img loading=\"lazy\" decoding=\"async\" src=\"https:\/\/fbcdn-sphotos-g-a.akamaihd.net\/hphotos-ak-prn1\/v\/t1.0-9\/1016477_746115968818230_4305488684099672343_n.jpg?oh=57551f313269740e42363e5a661eb051&#038;oe=5551F774&#038;__gda__=1431801165_cef84c4d59d3fd6480dfd590cbdb862b\" border=\"0\" width=\"283\" height=\"400\" \/><\/div>\n<div>\u00a0<\/div>\n<div style=\"text-align: justify\">\u00a0El d\u00eda 06 de febrero del corriente a\u00f1o se cumplen los 50 a\u00f1os de la ordenaci\u00f3n sacerdotal del Pbro. Rogelio Bosch, ocasi\u00f3n por la cual invitamos a todos a compartir la alegr\u00eda y acompa\u00f1ar al padre Rogelio en este momento tan especial de su vida sacerdotal, agradeciendo a Dios por el don del sacerdocio en el las distintas celebraciones que se realizar\u00e1n por este acontecimiento.<\/div>\n<div style=\"text-align: justify\"><\/div>\n<div style=\"text-align: justify\">Las mismas son:<\/div>\n<div style=\"text-align: justify\"><\/div>\n<div style=\"text-align: justify\">S\u00e1bado 07 de febrero: 20 horas Misa en el templo parroquial de la ciudad de Villa Ocampo.<\/div>\n<div style=\"text-align: justify\"><\/div>\n<div style=\"text-align: justify\">Mi\u00e9rcoles 11, jueves 12 y viernes 13 de febrero a las 20 horas, Triduo vocacional en el templo parroquial de la localidad de Florencia.<\/div>\n<div style=\"text-align: justify\"><\/div>\n<div style=\"text-align: justify\">S\u00e1bado 14 de febrero a las 20 horas, misa presidida por el Obispo Diocesano, Mons. \u00c1ngel Jos\u00e9 Mac\u00edn en el templo parroquial de la localidad de Florencia, al finalizar la misma, compartiremos una cena a la canasta.<\/div>\n<div style=\"text-align: justify\"><\/div>\n<div style=\"text-align: justify\">Lunes 09 de marzo, celebraci\u00f3n con los sacerdotes en El Jacarand\u00e1.<\/div>\n<div style=\"text-align: justify\">\u00a0\u201cYo soy el buen Pastor. El buen Pastor da su vida por las ovejas.\u201d(Jn. 10,11)<\/div>\n<div style=\"text-align: justify\"><\/div>\n<div style=\"text-align: justify\">Mi Camino recorrido:<\/div>\n<div style=\"text-align: justify\">El 2 de Febrero de 1939, nac\u00ed en la Colonia Las Mercedes, Villa Ocampo.<\/div>\n<div style=\"text-align: justify\">En 1952 ingres\u00e9 al Seminario de Guadalupe, Santa Fe.<\/div>\n<div style=\"text-align: justify\">Termin\u00e9 los estudios el a\u00f1o 1965. Monse\u00f1or Iriarte me Orden\u00f3 Sacerdote en la Parroquia de Villa Ocampo el 6 de Febrero de 1965.<\/div>\n<div style=\"text-align: justify\">Parroquias que recorr\u00ed como Vicario:2 a\u00f1os y medio en Malabrigo, 2 a\u00f1os y medio en Vera y 5 a\u00f1os y medio en Villa Ocampo.<\/div>\n<div style=\"text-align: justify\">Como P\u00e1rroco:9 a\u00f1os y medio en Intiyaco. Un a\u00f1o de estudios en Buenos Aires. 7 a\u00f1os en Romang. 7 a\u00f1os en Vera. 9 meses en la Parroquia San Roque. 7 a\u00f1os en la Parroquia de Alejandra,y desde el 18 de Junio del 2010 en la Parroquia de Florencia<\/div>\n<div style=\"text-align: justify\"><\/div>\n<div style=\"text-align: justify\">\u00bfCu\u00e1l es la experiencia que me queda de este tiempo recorrido?<\/div>\n<div style=\"text-align: justify\">\u201cLo lindo que me anim\u00f3 a seguir trabajando, es el recuerdo y los saludos que recibo de la gente den las Parroquias recorridas: -\u201cLo recordamos Padre, lo extra\u00f1amos, nos acordamos siempre de Usted, vuelva por ac\u00e1, etc.\u201d\u00a0<\/div>\n<div style=\"text-align: justify\">Son muchas las experiencias lindas vividas&#8230; lo negativo siempre es menor, comparado con los logros&#8230;<\/div>\n<div style=\"text-align: justify\"><\/div>\n<div style=\"text-align: justify\">Por eso, mi actitud principal es agradecer a Dios su acompa\u00f1amiento&#8230;<\/div>\n<div style=\"text-align: justify\">Agradecer a mi familia, mis amigos y a todas las comunidades por las que he pasado&#8230;<\/div>\n<div style=\"text-align: justify\"><\/div>\n<div style=\"text-align: justify\">\u00a1Gracias&#8230;Muchas gracias&#8230;!!<\/div>\n<div style=\"text-align: justify\">y&#8230;mi Bendici\u00f3n para todos&#8230;\u201d<\/div>\n<div style=\"text-align: justify\"><\/div>\n<div style=\"text-align: justify\">Padre Rogelio Bosch<\/div>\n<div style=\"text-align: justify\"><\/div>\n<div style=\"text-align: justify\">\u00a0<\/div>\n<div><\/div>\n","protected":false},"excerpt":{"rendered":"<div class=\"mh-excerpt\"><div style=\"text-align: center\"><img loading=\"lazy\" decoding=\"async\" src=\"https:\/\/fbcdn-sphotos-g-a.akamaihd.net\/hphotos-ak-prn1\/v\/t1.0-9\/1016477_746115968818230_4305488684099672343_n.jpg?oh=57551f313269740e42363e5a661eb051&#038;oe=5551F774&#038;__gda__=1431801165_cef84c4d59d3fd6480dfd590cbdb862b\" border=\"0\" width=\"283\" height=\"400\" \/><\/div>\n<div>\u00a0<\/div>\n<div style=\"text-align: justify\">\u00a0El d\u00eda 06 de febrero del corriente a\u00f1o se cumplen los 50 a\u00f1os de la ordenaci\u00f3n sacerdotal del Pbro. Rogelio Bosch, ocasi\u00f3n por la cual invitamos a todos a compartir la alegr\u00eda y acompa\u00f1ar al padre Rogelio en este momento tan especial de su vida sacerdotal, agradeciendo a Dios por el don del sacerdocio en el las distintas celebraciones que se realizar\u00e1n por este acontecimiento.<\/div>\n<div style=\"text-align: justify\"><\/div>\n<div style=\"text-align: justify\">Las mismas son:<\/div>\n<div style=\"text-align: justify\"><\/div>\n<div style=\"text-align: justify\">S\u00e1bado 07 de febrero: 20 horas Misa en el templo parroquial de la ciudad de Villa Ocampo.<\/div>\n<div style=\"text-align: justify\"><\/div>\n<div style=\"text-align: justify\">Mi\u00e9rcoles 11, jueves 12 y viernes 13 de febrero a las 20 horas, Triduo vocacional en el templo parroquial de la localidad de Florencia.<\/div>\n<div style=\"text-align: justify\"><\/div>\n<div style=\"text-align: justify\">S\u00e1bado 14 de febrero a las 20 horas, misa presidida por el Obispo Diocesano, Mons. \u00c1ngel Jos\u00e9 Mac\u00edn en el templo parroquial de la localidad de Florencia, al finalizar la misma, compartiremos una cena a la canasta.<\/div>\n<div style=\"text-align: justify\"><\/div>\n<div style=\"text-align: justify\">Lunes 09 de marzo, celebraci\u00f3n con los sacerdotes en El Jacarand\u00e1.<\/div>\n<\/div>","protected":false},"author":1,"featured_media":0,"comment_status":"open","ping_status":"open","sticky":false,"template":"","format":"standard","meta":{"footnotes":""},"categories":[28],"tags":[],"class_list":["post-1026","post","type-post","status-publish","format-standard","hentry","category-latest-news"],"_links":{"self":[{"href":"https:\/\/www.obispadorqta.org.ar\/v3\/wp-json\/wp\/v2\/posts\/1026","targetHints":{"allow":["GET"]}}],"collection":[{"href":"https:\/\/www.obispadorqta.org.ar\/v3\/wp-json\/wp\/v2\/posts"}],"about":[{"href":"https:\/\/www.obispadorqta.org.ar\/v3\/wp-json\/wp\/v2\/types\/post"}],"author":[{"embeddable":true,"href":"https:\/\/www.obispadorqta.org.ar\/v3\/wp-json\/wp\/v2\/users\/1"}],"replies":[{"embeddable":true,"href":"https:\/\/www.obispadorqta.org.ar\/v3\/wp-json\/wp\/v2\/comments?post=1026"}],"version-history":[{"count":0,"href":"https:\/\/www.obispadorqta.org.ar\/v3\/wp-json\/wp\/v2\/posts\/1026\/revisions"}],"wp:attachment":[{"href":"https:\/\/www.obispadorqta.org.ar\/v3\/wp-json\/wp\/v2\/media?parent=1026"}],"wp:term":[{"taxonomy":"category","embeddable":true,"href":"https:\/\/www.obispadorqta.org.ar\/v3\/wp-json\/wp\/v2\/categories?post=1026"},{"taxonomy":"post_tag","embeddable":true,"href":"https:\/\/www.obispadorqta.org.ar\/v3\/wp-json\/wp\/v2\/tags?post=1026"}],"curies":[{"name":"wp","href":"https:\/\/api.w.org\/{rel}","templated":true}]}}