{"id":1027,"date":"2015-02-06T21:09:15","date_gmt":"2015-02-06T21:09:15","guid":{"rendered":"http:\/\/www.obispadorqta.org.ar\/v3\/cuaresma2015\/"},"modified":"2015-02-06T21:09:15","modified_gmt":"2015-02-06T21:09:15","slug":"cuaresma2015","status":"publish","type":"post","link":"https:\/\/www.obispadorqta.org.ar\/v3\/cuaresma2015\/","title":{"rendered":"Mensaje para la Cuaresma 2015"},"content":{"rendered":"<div style=\"text-align: center\"><img loading=\"lazy\" decoding=\"async\" src=\"https:\/\/fbcdn-sphotos-c-a.akamaihd.net\/hphotos-ak-xfp1\/v\/t1.0-9\/p296x100\/10959432_747794261983734_8759850262657068370_n.jpg?oh=b6532188e4dc9cdc99e068daa357f4e8&#038;oe=554A1F08&#038;__gda__=1432661560_7a17734616e3f1bd1471cf748992ab11\" border=\"0\" width=\"261\" height=\"400\" \/><\/div>\n<div style=\"text-align: justify\">\u00a0Mensaje para la Cuaresma 2015<\/div>\n<div style=\"text-align: justify\">A\u00f1o Vocacional Diocesano<\/div>\n<div style=\"text-align: justify\"><\/div>\n<div style=\"text-align: justify\"><\/div>\n<div style=\"text-align: justify\">\u201c\u2026Convi\u00e9rtanse y crean en la Buena Noticia\u201d (Mc 1,15)<\/div>\n<div style=\"text-align: justify\"><\/div>\n<div style=\"text-align: justify\">Son \u00e9stas de las primeras palabras de Jes\u00fas seg\u00fan el evangelio de Marcos, obra que nos acompa\u00f1ar\u00e1 durante los domingos de cuaresma y durante todo el a\u00f1o lit\u00fargico. La cuaresma es tiempo de conversi\u00f3n, tanto de la mente como del coraz\u00f3n. Es recepci\u00f3n alegre de la buena noticia de Jesucristo. Es aceptaci\u00f3n gozosa de esa novedad absoluta que trae la Pascua en nuestras vidas.<\/div>\n<div style=\"text-align: justify\">La conversi\u00f3n es un don de Dios, que se recibe en el encuentro personal con \u00c9l. Es una experiencia personal \u00fanica, que nos impulsa a un camino diferente. Es tambi\u00e9n una experiencia comunitaria, de salida, de encuentro y de comuni\u00f3n con el otro. Es, finalmente, reconocimiento de nuestra realidad y respuesta esperanzada ante la misma, sostenida por la fuerza transformadora de la Pascua.<\/div>\n<div style=\"text-align: justify\">Este a\u00f1o, el tiempo de cuaresma nos encuentra ocupados en varias cosas, tanto en lo que se refiere a nuestra vida personal como al quehacer eclesial. Con este mensaje, no quisiera agregar una cosa m\u00e1s. Simplemente invitarlos a vivir con hondura y plenitud este tiempo que el Se\u00f1or nos regala, antesala permanente de la salida misionera. Lo resumo en tres palabras, que tienen mucho que ver con la vida espiritual de cada cristiano: reconocimiento, discernimiento y compromiso.<\/div>\n<div style=\"text-align: justify\"><\/div>\n<div style=\"text-align: justify\">Reconocimiento: ante todo, quisiera recordar que durante la cuaresma, vamos a iniciar el \u201cA\u00f1o Vocacional Diocesano\u201d, en estrecha conexi\u00f3n con el A\u00f1o de la Vida Consagrada. Pongamos nuestra atenci\u00f3n para ver con qu\u00e9 nos quiere sorprender Dios. Tratemos de profundizar el silencio, la oraci\u00f3n, la escucha, para descubrir lo que Dios quiere de nosotros. Y ayudemos a generar este clima y buena predisposici\u00f3n vocacional en nuestras familias y en nuestros ambientes. Toda conversi\u00f3n aut\u00e9ntica comienza con el reconocimiento de la posici\u00f3n en la que estamos ante Dios y con la escucha de la Palabra, de la voz del Se\u00f1or que ilumina nuestra vida.<\/div>\n<div style=\"text-align: justify\"><\/div>\n<div style=\"text-align: justify\">Discernimiento: tambi\u00e9n la cuaresma es tiempo especial de discernimiento, esta vez de un modo particular para las familias. Durante la misma, podemos participar de la encuesta preparatoria a la Asamblea Ordinaria del S\u00ednodo sobre la Familia, un modo concreto de \u201cver\u201d el querer de Dios en nuestras vidas. Se trata de una ocasi\u00f3n m\u00e1s que propicia para que miremos nuestras familias, para que podamos confrontar nuestra realidad con el proyecto de Dios, para analizar hondamente de qu\u00e9 cosas tenemos que despojarnos, que cosas tenemos que cambiar, para llegar mejor con la Buena Noticia de Jes\u00fas a las diferentes realidades que vive la familia de nuestro tiempo. Tratemos de participar activamente de este evento. Nuestra palabra es importante. Nuestra opini\u00f3n vale mucho y forma parte del camino de conversi\u00f3n que toda la Iglesia quiere recorrer.<\/div>\n<div style=\"text-align: justify\"><\/div>\n<div style=\"text-align: justify\">Compromiso: no quisiera que descuidemos el aspecto pr\u00e1ctico y concreto de la conversi\u00f3n. Uno de los grandes riesgos en la vida cristiana es vivir la fe sin un compromiso concreto, sin una proyecci\u00f3n social de la buena noticia que recibimos. En eso nos puede ayudar la colecta del uno por ciento, una iniciativa ya arraigada en nuestra Iglesia Particular, la cual manifiesta de un modo muy simple y efectivo nuestro camino penitencial. No hay conversi\u00f3n aut\u00e9ntica sin una salida sincera hacia el otro. No hay conversi\u00f3n sin solidaridad efectiva. No hay conversi\u00f3n sin despojo alegre de aquello que puede ayudar a otros.<\/div>\n<div style=\"text-align: justify\"><\/div>\n<div style=\"text-align: justify\">Reconocimiento, discernimiento y compromiso. Tres palabras para vivir un tiempo de renovaci\u00f3n interior, que nos conduzca a la alegr\u00eda permanente de la Pascua. A todos les deseo una santa cuaresma y una Feliz Pascua de Resurrecci\u00f3n!<\/div>\n<div style=\"text-align: justify\"><\/div>\n<div style=\"text-align: justify\">Mons. \u00c1ngel Jos\u00e9 Mac\u00edn<\/div>\n<div style=\"text-align: justify\">Obispo de Reconquista<\/div>\n<div style=\"text-align: justify\"><\/div>\n<div>\u00a0<\/div>\n<div>\u00a0<\/div>\n","protected":false},"excerpt":{"rendered":"<div class=\"mh-excerpt\"><p>\u00a0Mensaje para la Cuaresma 2015 A\u00f1o Vocacional Diocesano \u201c\u2026Convi\u00e9rtanse y crean en la Buena Noticia\u201d (Mc 1,15) Son \u00e9stas de las primeras palabras de Jes\u00fas <a class=\"mh-excerpt-more\" href=\"https:\/\/www.obispadorqta.org.ar\/v3\/cuaresma2015\/\" title=\"Mensaje para la Cuaresma 2015\">[&#8230;]<\/a><\/p>\n<\/div>","protected":false},"author":1,"featured_media":0,"comment_status":"open","ping_status":"open","sticky":false,"template":"","format":"standard","meta":{"footnotes":""},"categories":[28],"tags":[],"class_list":["post-1027","post","type-post","status-publish","format-standard","hentry","category-latest-news"],"_links":{"self":[{"href":"https:\/\/www.obispadorqta.org.ar\/v3\/wp-json\/wp\/v2\/posts\/1027","targetHints":{"allow":["GET"]}}],"collection":[{"href":"https:\/\/www.obispadorqta.org.ar\/v3\/wp-json\/wp\/v2\/posts"}],"about":[{"href":"https:\/\/www.obispadorqta.org.ar\/v3\/wp-json\/wp\/v2\/types\/post"}],"author":[{"embeddable":true,"href":"https:\/\/www.obispadorqta.org.ar\/v3\/wp-json\/wp\/v2\/users\/1"}],"replies":[{"embeddable":true,"href":"https:\/\/www.obispadorqta.org.ar\/v3\/wp-json\/wp\/v2\/comments?post=1027"}],"version-history":[{"count":0,"href":"https:\/\/www.obispadorqta.org.ar\/v3\/wp-json\/wp\/v2\/posts\/1027\/revisions"}],"wp:attachment":[{"href":"https:\/\/www.obispadorqta.org.ar\/v3\/wp-json\/wp\/v2\/media?parent=1027"}],"wp:term":[{"taxonomy":"category","embeddable":true,"href":"https:\/\/www.obispadorqta.org.ar\/v3\/wp-json\/wp\/v2\/categories?post=1027"},{"taxonomy":"post_tag","embeddable":true,"href":"https:\/\/www.obispadorqta.org.ar\/v3\/wp-json\/wp\/v2\/tags?post=1027"}],"curies":[{"name":"wp","href":"https:\/\/api.w.org\/{rel}","templated":true}]}}