{"id":1029,"date":"2015-02-18T13:17:05","date_gmt":"2015-02-18T13:17:05","guid":{"rendered":"http:\/\/www.obispadorqta.org.ar\/v3\/comunicado-de-la-comision-nacional-de-justicia-y-paz\/"},"modified":"2015-02-18T13:17:05","modified_gmt":"2015-02-18T13:17:05","slug":"comunicado-de-la-comision-nacional-de-justicia-y-paz","status":"publish","type":"post","link":"https:\/\/www.obispadorqta.org.ar\/v3\/comunicado-de-la-comision-nacional-de-justicia-y-paz\/","title":{"rendered":"Comunicado de la Comisi\u00f3n Nacional de Justicia y Paz"},"content":{"rendered":"<div style=\"text-align: center\"><img loading=\"lazy\" decoding=\"async\" src=\"http:\/\/www.justiciaypaz.org\/wp-content\/uploads\/2013\/05\/logo_cnjp.jpg\" border=\"0\" width=\"265\" height=\"74\" align=\"middle\" \/><br \/>\u00a0<\/div>\n<div style=\"text-align: center\">\n<div align=\"justify\"><font color=\"#000000\">El pasado 21 de enero, ante la muerte del Fiscal Alberto Nisman, la Comisi\u00f3n Nacional de Justicia y Paz manifest\u00f3 sus sentimientos de cercan\u00eda a la familia, estupor, consternaci\u00f3n, dolor, y su reclamo de un completo esclarecimiento del hecho, su pedido de serenidad a la poblaci\u00f3n y su reclamo de verdad y justicia respecto de esa muerte, de las denuncias realizadas por el fiscal fallecido y del atentado terrorista contra la AMIA.<\/font><\/p>\n<p><font color=\"#000000\">Magistrados judiciales y el Ministerio P\u00fablico convocan a una marcha en silencio para el pr\u00f3ximo mi\u00e9rcoles 18 de febrero en homenaje al fiscal muerto en tr\u00e1gicas circunstancias, en demanda de paz, seguridad y justicia, y en el entendimiento de que se trata de un acto no partidario, de hondo sentido y valor republicano.<\/font><\/p>\n<p><font color=\"#000000\">La Comisi\u00f3n Nacional de Justicia y Paz hace p\u00fablica su adhesi\u00f3n e invita adem\u00e1s a los creyentes a sumar su oraci\u00f3n al Se\u00f1or de la Historia pidiendo para nuestra Patria paz, justicia y verdad.<\/font><\/div>\n<p><font style=\"font-size: 14px\" color=\"#000000\"><br \/>La Comisi\u00f3n\u00a0 de Justicia y Paz de la di\u00f3cesis de Reconquista, suscribe<br \/>este comunicado e insta a los fieles cristianos a comprometerse a favor de la verdad y la justicia, orando por el esclarecimiento de este hecho y de otros hechos ocurridos en nuestra zona.<\/font><\/div>\n","protected":false},"excerpt":{"rendered":"<div class=\"mh-excerpt\"><p>\u00a0 El pasado 21 de enero, ante la muerte del Fiscal Alberto Nisman, la Comisi\u00f3n Nacional de Justicia y Paz manifest\u00f3 sus sentimientos de cercan\u00eda <a class=\"mh-excerpt-more\" href=\"https:\/\/www.obispadorqta.org.ar\/v3\/comunicado-de-la-comision-nacional-de-justicia-y-paz\/\" title=\"Comunicado de la Comisi\u00f3n Nacional de Justicia y Paz\">[&#8230;]<\/a><\/p>\n<\/div>","protected":false},"author":1,"featured_media":0,"comment_status":"open","ping_status":"open","sticky":false,"template":"","format":"standard","meta":{"footnotes":""},"categories":[28],"tags":[],"class_list":["post-1029","post","type-post","status-publish","format-standard","hentry","category-latest-news"],"_links":{"self":[{"href":"https:\/\/www.obispadorqta.org.ar\/v3\/wp-json\/wp\/v2\/posts\/1029","targetHints":{"allow":["GET"]}}],"collection":[{"href":"https:\/\/www.obispadorqta.org.ar\/v3\/wp-json\/wp\/v2\/posts"}],"about":[{"href":"https:\/\/www.obispadorqta.org.ar\/v3\/wp-json\/wp\/v2\/types\/post"}],"author":[{"embeddable":true,"href":"https:\/\/www.obispadorqta.org.ar\/v3\/wp-json\/wp\/v2\/users\/1"}],"replies":[{"embeddable":true,"href":"https:\/\/www.obispadorqta.org.ar\/v3\/wp-json\/wp\/v2\/comments?post=1029"}],"version-history":[{"count":0,"href":"https:\/\/www.obispadorqta.org.ar\/v3\/wp-json\/wp\/v2\/posts\/1029\/revisions"}],"wp:attachment":[{"href":"https:\/\/www.obispadorqta.org.ar\/v3\/wp-json\/wp\/v2\/media?parent=1029"}],"wp:term":[{"taxonomy":"category","embeddable":true,"href":"https:\/\/www.obispadorqta.org.ar\/v3\/wp-json\/wp\/v2\/categories?post=1029"},{"taxonomy":"post_tag","embeddable":true,"href":"https:\/\/www.obispadorqta.org.ar\/v3\/wp-json\/wp\/v2\/tags?post=1029"}],"curies":[{"name":"wp","href":"https:\/\/api.w.org\/{rel}","templated":true}]}}