{"id":1035,"date":"2015-03-10T15:16:13","date_gmt":"2015-03-10T15:16:13","guid":{"rendered":"http:\/\/www.obispadorqta.org.ar\/v3\/prensafabianramos\/"},"modified":"2015-03-10T15:16:13","modified_gmt":"2015-03-10T15:16:13","slug":"prensafabianramos","status":"publish","type":"post","link":"https:\/\/www.obispadorqta.org.ar\/v3\/prensafabianramos\/","title":{"rendered":"Comunicado de Prensa"},"content":{"rendered":"<div style=\"text-align: justify\">El Obispado de Reconquista comunica que el Padre Fabi\u00e1n Ramos, Cura P\u00e1rroco de La Sarita, ha sido intervenido quir\u00fargicamente en un centro m\u00e9dico de la ciudad de Rosario el d\u00eda lunes 09 de marzo, con resultado satisfactorio. Luego tuvo una descompensaci\u00f3n de la cual se va reponiendo favorablemente.<\/div>\n<div style=\"text-align: justify\"><\/div>\n<div style=\"text-align: justify\">Invitamos a seguir rezando por su pronta recuperaci\u00f3n.<\/div>\n<div style=\"text-align: justify\"><\/div>\n<div><\/div>\n","protected":false},"excerpt":{"rendered":"<div class=\"mh-excerpt\"><p>El Obispado de Reconquista comunica que el Padre Fabi\u00e1n Ramos, Cura P\u00e1rroco de La Sarita, ha sido intervenido quir\u00fargicamente en un centro m\u00e9dico de la <a class=\"mh-excerpt-more\" href=\"https:\/\/www.obispadorqta.org.ar\/v3\/prensafabianramos\/\" title=\"Comunicado de Prensa\">[&#8230;]<\/a><\/p>\n<\/div>","protected":false},"author":1,"featured_media":0,"comment_status":"open","ping_status":"open","sticky":false,"template":"","format":"standard","meta":{"footnotes":""},"categories":[28],"tags":[],"class_list":["post-1035","post","type-post","status-publish","format-standard","hentry","category-latest-news"],"_links":{"self":[{"href":"https:\/\/www.obispadorqta.org.ar\/v3\/wp-json\/wp\/v2\/posts\/1035","targetHints":{"allow":["GET"]}}],"collection":[{"href":"https:\/\/www.obispadorqta.org.ar\/v3\/wp-json\/wp\/v2\/posts"}],"about":[{"href":"https:\/\/www.obispadorqta.org.ar\/v3\/wp-json\/wp\/v2\/types\/post"}],"author":[{"embeddable":true,"href":"https:\/\/www.obispadorqta.org.ar\/v3\/wp-json\/wp\/v2\/users\/1"}],"replies":[{"embeddable":true,"href":"https:\/\/www.obispadorqta.org.ar\/v3\/wp-json\/wp\/v2\/comments?post=1035"}],"version-history":[{"count":0,"href":"https:\/\/www.obispadorqta.org.ar\/v3\/wp-json\/wp\/v2\/posts\/1035\/revisions"}],"wp:attachment":[{"href":"https:\/\/www.obispadorqta.org.ar\/v3\/wp-json\/wp\/v2\/media?parent=1035"}],"wp:term":[{"taxonomy":"category","embeddable":true,"href":"https:\/\/www.obispadorqta.org.ar\/v3\/wp-json\/wp\/v2\/categories?post=1035"},{"taxonomy":"post_tag","embeddable":true,"href":"https:\/\/www.obispadorqta.org.ar\/v3\/wp-json\/wp\/v2\/tags?post=1035"}],"curies":[{"name":"wp","href":"https:\/\/api.w.org\/{rel}","templated":true}]}}