{"id":1036,"date":"2015-03-12T11:49:37","date_gmt":"2015-03-12T11:49:37","guid":{"rendered":"http:\/\/www.obispadorqta.org.ar\/v3\/padretinoarce\/"},"modified":"2015-03-12T11:49:37","modified_gmt":"2015-03-12T11:49:37","slug":"padretinoarce","status":"publish","type":"post","link":"https:\/\/www.obispadorqta.org.ar\/v3\/padretinoarce\/","title":{"rendered":"Fallecimiento de Fray Faustino Arce OSM"},"content":{"rendered":"<div style=\"text-align: center\"><img loading=\"lazy\" decoding=\"async\" src=\"https:\/\/fbcdn-sphotos-f-a.akamaihd.net\/hphotos-ak-xfp1\/v\/t1.0-9\/11048710_766722100090950_2938361529504375046_n.jpg?oh=4cd9adb096e270cadff3d5192993dfe0&#038;oe=55B828A4&#038;__gda__=1434176813_fc8964a72ad5f0ddbbc7f54993840dfa\" border=\"0\" width=\"400\" height=\"386\" \/><\/div>\n<div><\/div>\n<div>Comunicamos que en noche del 11 de marzo, falleci\u00f3 Fray Faustino Arce por una afecci\u00f3n card\u00edaca. El Padre Tino, como era conocido, se encontraba residiendo temporariamente en Avellaneda, en casa de sus familiares, en un per\u00edodo de descanso y recuperaci\u00f3n prepar\u00e1ndose para su pr\u00f3ximo destino pastoral, despu\u00e9s que la Orden de los Siervos de Mar\u00eda, a fines del a\u00f1o pasado, cerrara la comunidad Soledad de Mar\u00eda de Villa Devoto, Buenos Aires, donde ejerci\u00f3 su ministerio sacerdotal en estos \u00faltimos a\u00f1os.<\/div>\n<div>El P. Tino era oriundo del Paraje La Selva. Luego su familia se traslad\u00f3 a Avellaneda, donde complet\u00f3 sus estudios iniciales. Actualmente ten\u00eda 60 a\u00f1os. Adem\u00e1s de pasar por varias comunidades de los Siervos de Mar\u00eda en Argentina y Chile tambi\u00e9n trabaj\u00f3 en nuestra Di\u00f3cesis en diferentes momentos de su vida como sacerdote.<\/div>\n<div>Sus restos est\u00e1n siendo velados en la sala de la Cooperativa de servicios p\u00fablico de sepelios, calle 14 n\u00ba 827 de la ciudad de Avellaneda. A las 17 hs en el Templo Parroquial,se realizar\u00e1 Misa de cuerpo presente y posteriormente, sus restos ser\u00e1n inhumados en el cementerio local.<\/div>\n<div>Nos unimos a la familia de Tino y a toda la comunidad servita en este momento de dolor y elevamos una plegaria a Dios, Padre Misericordioso, por el eterno descanso de Tino.<\/div>\n<div><\/div>\n","protected":false},"excerpt":{"rendered":"<div class=\"mh-excerpt\"><p>Comunicamos que en noche del 11 de marzo, falleci\u00f3 Fray Faustino Arce por una afecci\u00f3n card\u00edaca. El Padre Tino, como era conocido, se encontraba residiendo <a class=\"mh-excerpt-more\" href=\"https:\/\/www.obispadorqta.org.ar\/v3\/padretinoarce\/\" title=\"Fallecimiento de Fray Faustino Arce OSM\">[&#8230;]<\/a><\/p>\n<\/div>","protected":false},"author":1,"featured_media":0,"comment_status":"open","ping_status":"open","sticky":false,"template":"","format":"standard","meta":{"footnotes":""},"categories":[28],"tags":[],"class_list":["post-1036","post","type-post","status-publish","format-standard","hentry","category-latest-news"],"_links":{"self":[{"href":"https:\/\/www.obispadorqta.org.ar\/v3\/wp-json\/wp\/v2\/posts\/1036","targetHints":{"allow":["GET"]}}],"collection":[{"href":"https:\/\/www.obispadorqta.org.ar\/v3\/wp-json\/wp\/v2\/posts"}],"about":[{"href":"https:\/\/www.obispadorqta.org.ar\/v3\/wp-json\/wp\/v2\/types\/post"}],"author":[{"embeddable":true,"href":"https:\/\/www.obispadorqta.org.ar\/v3\/wp-json\/wp\/v2\/users\/1"}],"replies":[{"embeddable":true,"href":"https:\/\/www.obispadorqta.org.ar\/v3\/wp-json\/wp\/v2\/comments?post=1036"}],"version-history":[{"count":0,"href":"https:\/\/www.obispadorqta.org.ar\/v3\/wp-json\/wp\/v2\/posts\/1036\/revisions"}],"wp:attachment":[{"href":"https:\/\/www.obispadorqta.org.ar\/v3\/wp-json\/wp\/v2\/media?parent=1036"}],"wp:term":[{"taxonomy":"category","embeddable":true,"href":"https:\/\/www.obispadorqta.org.ar\/v3\/wp-json\/wp\/v2\/categories?post=1036"},{"taxonomy":"post_tag","embeddable":true,"href":"https:\/\/www.obispadorqta.org.ar\/v3\/wp-json\/wp\/v2\/tags?post=1036"}],"curies":[{"name":"wp","href":"https:\/\/api.w.org\/{rel}","templated":true}]}}