{"id":1037,"date":"2015-03-12T12:53:28","date_gmt":"2015-03-12T12:53:28","guid":{"rendered":"http:\/\/www.obispadorqta.org.ar\/v3\/sedioca-seminario-diocesano-de-catequesis\/"},"modified":"2015-03-12T12:53:28","modified_gmt":"2015-03-12T12:53:28","slug":"sedioca-seminario-diocesano-de-catequesis","status":"publish","type":"post","link":"https:\/\/www.obispadorqta.org.ar\/v3\/sedioca-seminario-diocesano-de-catequesis\/","title":{"rendered":"SEDIOCA &#8211; Seminario Diocesano de Catequesis"},"content":{"rendered":"<div style=\"text-align: center\"><img loading=\"lazy\" decoding=\"async\" src=\"http:\/\/www.editorialclaretiana.com\/internacional\/?q=sites\/default\/files\/imagecache\/uc_thumbnail\/Catequesis%20familiar.jpg\" border=\"0\" width=\"220\" height=\"220\" \/><\/div>\n<div style=\"text-align: center\">\u00a0<\/div>\n<p><font color=\"#000000\">Recordamos a todos los catequistas de la Di\u00f3cesis, que este s\u00e1bado 14 de marzo se realiza el SEDIOCA con el lema\u00a0\u201cCatequistas alegres para la Nueva Evangelizaci\u00f3n\u201d, siguiendo el esp\u00edritu del Papa Francisco que nos invita a tener \u201cuna nueva etapa evangelizadora marcada por la alegr\u00eda\u201d (EG 1). <br \/><\/font> <font color=\"#000000\">La jornada comenzar\u00e1 a las 8:00 y se concluir\u00e1 a las 17:00 hs con la celebraci\u00f3n de la Santa Misa. El lugar es el Instituto Reconquista. El almuerzo es a la canasta y habr\u00e1 un servicio de agua caliente y bebidas durante el d\u00eda.<br \/>\u00a0<br \/>Como lo anunciamos anteriormente, necesitamos el nombre de un referente por parroquia, para encontrarnos cada dos o tres meses, y evaluar la marcha de la nueva Catequesis Familiar, como el camino de toda la catequesis. Para ello vamos a necesitar tel\u00e9fonos y direcciones de correo electr\u00f3nico de estos referentes, que los traigan ese d\u00eda.<br \/>\u00a0<br \/>Los saludamos cercanamente en el Se\u00f1or.<\/font><\/p>\n","protected":false},"excerpt":{"rendered":"<div class=\"mh-excerpt\"><div style=\"text-align: center\"><img loading=\"lazy\" decoding=\"async\" src=\"http:\/\/www.editorialclaretiana.com\/internacional\/?q=sites\/default\/files\/imagecache\/uc_thumbnail\/Catequesis%20familiar.jpg\" border=\"0\" width=\"220\" height=\"220\" \/><\/div>\n<div style=\"text-align: center\">\u00a0<\/div>\n<p><font color=\"#000000\">Recordamos a todos los catequistas de la Di\u00f3cesis, que este s\u00e1bado 14 de marzo se realiza el SEDIOCA con el lema\u00a0\u201cCatequistas alegres para la Nueva Evangelizaci\u00f3n\u201d, siguiendo el esp\u00edritu del Papa Francisco que nos invita a tener \u201cuna nueva etapa evangelizadora marcada por la alegr\u00eda\u201d (EG 1). <br \/><\/font><\/p>\n<\/div>","protected":false},"author":1,"featured_media":0,"comment_status":"open","ping_status":"open","sticky":false,"template":"","format":"standard","meta":{"footnotes":""},"categories":[28],"tags":[],"class_list":["post-1037","post","type-post","status-publish","format-standard","hentry","category-latest-news"],"_links":{"self":[{"href":"https:\/\/www.obispadorqta.org.ar\/v3\/wp-json\/wp\/v2\/posts\/1037","targetHints":{"allow":["GET"]}}],"collection":[{"href":"https:\/\/www.obispadorqta.org.ar\/v3\/wp-json\/wp\/v2\/posts"}],"about":[{"href":"https:\/\/www.obispadorqta.org.ar\/v3\/wp-json\/wp\/v2\/types\/post"}],"author":[{"embeddable":true,"href":"https:\/\/www.obispadorqta.org.ar\/v3\/wp-json\/wp\/v2\/users\/1"}],"replies":[{"embeddable":true,"href":"https:\/\/www.obispadorqta.org.ar\/v3\/wp-json\/wp\/v2\/comments?post=1037"}],"version-history":[{"count":0,"href":"https:\/\/www.obispadorqta.org.ar\/v3\/wp-json\/wp\/v2\/posts\/1037\/revisions"}],"wp:attachment":[{"href":"https:\/\/www.obispadorqta.org.ar\/v3\/wp-json\/wp\/v2\/media?parent=1037"}],"wp:term":[{"taxonomy":"category","embeddable":true,"href":"https:\/\/www.obispadorqta.org.ar\/v3\/wp-json\/wp\/v2\/categories?post=1037"},{"taxonomy":"post_tag","embeddable":true,"href":"https:\/\/www.obispadorqta.org.ar\/v3\/wp-json\/wp\/v2\/tags?post=1037"}],"curies":[{"name":"wp","href":"https:\/\/api.w.org\/{rel}","templated":true}]}}