{"id":1040,"date":"2015-03-19T11:54:18","date_gmt":"2015-03-19T11:54:18","guid":{"rendered":"http:\/\/www.obispadorqta.org.ar\/v3\/19-de-marzo-dia-de-san-jose-apertura-del-ano-vocacional-diocesano\/"},"modified":"2015-03-19T11:54:18","modified_gmt":"2015-03-19T11:54:18","slug":"19-de-marzo-dia-de-san-jose-apertura-del-ano-vocacional-diocesano","status":"publish","type":"post","link":"https:\/\/www.obispadorqta.org.ar\/v3\/19-de-marzo-dia-de-san-jose-apertura-del-ano-vocacional-diocesano\/","title":{"rendered":"19 de Marzo: D\u00eda de San Jos\u00e9 &#8211; Apertura del A\u00f1o Vocacional Diocesano"},"content":{"rendered":"<div style=\"font-family: Verdana,Arial,Helvetica,sans-serif; font-size: 10px; font-style: normal; line-height: normal; text-align: center\">\n<div align=\"justify\">\n<div style=\"text-align: center\"><img loading=\"lazy\" decoding=\"async\" src=\"https:\/\/fbcdn-sphotos-g-a.akamaihd.net\/hphotos-ak-xaf1\/v\/t1.0-9\/11081428_771623422934151_6263577354161253022_n.jpg?oh=7022dc1a37bc00f427b126e849b66db2&#038;oe=55700476&#038;__gda__=1438037959_585bb43b4d836388fbc0b005912bc685\" border=\"0\" width=\"219\" height=\"324\" \/><\/div>\n<\/p><\/div>\n<div align=\"justify\"><font style=\"font-family: Verdana,Arial,Helvetica,sans-serif; font-size: 10px; font-style: normal; line-height: normal\" color=\"#000000\">Hoy, jueves 19 de marzo, se celebrar\u00e1 la misa en honor a <strong>San Jos\u00e9, Patrono de nuestra Di\u00f3cesis y la apertura oficial del A\u00f1o Vocacional Diocesano.<\/strong><\/font><\/div>\n<div align=\"justify\">\u00a0<\/div>\n<div align=\"justify\"><font style=\"font-family: Verdana,Arial,Helvetica,sans-serif; font-size: 10px; font-style: normal; line-height: normal\" color=\"#000000\">La celebraci\u00f3n eucar\u00edstica ser\u00e1 presidida por nuestro Obispo Diocesano, Mons. \u00c1ngel Jos\u00e9 Mac\u00edn, <\/font><font style=\"font-family: Verdana,Arial,Helvetica,sans-serif; font-size: 10px; font-style: normal; line-height: normal\" color=\"#000000\"><font style=\"font-family: Verdana,Arial,Helvetica,sans-serif; font-size: 10px; font-style: normal; line-height: normal\" color=\"#000000\">a las 20:15 <\/font>en la Iglesia Catedral de Reconquista.-<\/p>\n<p>Se invita a todas las comunidades a participar con gozo y alegr\u00eda de esta gran fiesta que celebramos como Iglesia de Reconquista.<\/font><\/div>\n<p><u><strong>Oraci\u00f3n por las Vocaciones<\/strong><\/u><br \/>Se\u00f1or Jes\u00fas,<br \/>desde tu coraz\u00f3n compasivo,<br \/>mira nuestra Iglesia Diocesana de Reconquista<br \/>y renueva en sus j\u00f3venes el deseo de seguirte.<br \/>Porque necesitamos:<br \/>Sacerdotes que te hagan presente<br \/>en los sacramentos y en la Palabra.<br \/>Consagrados que anticipen<br \/>con sus vida tu Reino.<br \/>Laicos que, comprometidos,<br \/>den testimonio de tu amor.<br \/>Y misioneros que anuncien <br \/>tu Buena noticia de salvaci\u00f3n <br \/>M\u00e1s all\u00e1 de nuestra di\u00f3cesis.<br \/>T\u00fa, que vives y reinas por los siglos de los siglos.<br \/>Am\u00e9n<br \/>Mar\u00eda, Madre de las vocaciones,<br \/>Ruega por nosotros\u00a0 <\/div>\n","protected":false},"excerpt":{"rendered":"<div class=\"mh-excerpt\"><div style=\"font-family: Verdana,Arial,Helvetica,sans-serif; font-size: 10px; font-style: normal; line-height: normal; text-align: center\">\n<div align=\"justify\">\n<div style=\"text-align: center\"><img loading=\"lazy\" decoding=\"async\" src=\"https:\/\/fbcdn-sphotos-g-a.akamaihd.net\/hphotos-ak-xaf1\/v\/t1.0-9\/11081428_771623422934151_6263577354161253022_n.jpg?oh=7022dc1a37bc00f427b126e849b66db2&#038;oe=55700476&#038;__gda__=1438037959_585bb43b4d836388fbc0b005912bc685\" border=\"0\" width=\"219\" height=\"324\" \/><\/div>\n<\/div>","protected":false},"author":1,"featured_media":0,"comment_status":"open","ping_status":"open","sticky":false,"template":"","format":"standard","meta":{"footnotes":""},"categories":[28],"tags":[],"class_list":["post-1040","post","type-post","status-publish","format-standard","hentry","category-latest-news"],"_links":{"self":[{"href":"https:\/\/www.obispadorqta.org.ar\/v3\/wp-json\/wp\/v2\/posts\/1040","targetHints":{"allow":["GET"]}}],"collection":[{"href":"https:\/\/www.obispadorqta.org.ar\/v3\/wp-json\/wp\/v2\/posts"}],"about":[{"href":"https:\/\/www.obispadorqta.org.ar\/v3\/wp-json\/wp\/v2\/types\/post"}],"author":[{"embeddable":true,"href":"https:\/\/www.obispadorqta.org.ar\/v3\/wp-json\/wp\/v2\/users\/1"}],"replies":[{"embeddable":true,"href":"https:\/\/www.obispadorqta.org.ar\/v3\/wp-json\/wp\/v2\/comments?post=1040"}],"version-history":[{"count":0,"href":"https:\/\/www.obispadorqta.org.ar\/v3\/wp-json\/wp\/v2\/posts\/1040\/revisions"}],"wp:attachment":[{"href":"https:\/\/www.obispadorqta.org.ar\/v3\/wp-json\/wp\/v2\/media?parent=1040"}],"wp:term":[{"taxonomy":"category","embeddable":true,"href":"https:\/\/www.obispadorqta.org.ar\/v3\/wp-json\/wp\/v2\/categories?post=1040"},{"taxonomy":"post_tag","embeddable":true,"href":"https:\/\/www.obispadorqta.org.ar\/v3\/wp-json\/wp\/v2\/tags?post=1040"}],"curies":[{"name":"wp","href":"https:\/\/api.w.org\/{rel}","templated":true}]}}