{"id":1041,"date":"2015-03-19T15:01:26","date_gmt":"2015-03-19T15:01:26","guid":{"rendered":"http:\/\/www.obispadorqta.org.ar\/v3\/elecciones2015\/"},"modified":"2015-03-19T15:01:26","modified_gmt":"2015-03-19T15:01:26","slug":"elecciones2015","status":"publish","type":"post","link":"https:\/\/www.obispadorqta.org.ar\/v3\/elecciones2015\/","title":{"rendered":"El episcopado emiti\u00f3 un documento sobre las elecciones, \u201cexigencia de compromiso ciudadano\u201d"},"content":{"rendered":"<p align=\"center\"><img loading=\"lazy\" decoding=\"async\" src=\"http:\/\/www.aica.org\/images\/16911.jpg?t=1426777327\" border=\"0\" width=\"400\" height=\"267\" \/> <\/p>\n<p>&nbsp;<\/p>\n<p align=\"justify\">\u00a0Al t\u00e9rmino de su 170\u00aa reuni\u00f3n, los obispos de la Comisi\u00f3n Permanente de  la Conferencia Episcopal Argentina, en cabezados por su presidente,  monse\u00f1or Jos\u00e9 Mar\u00eda Arancedo, arzobispo de Santa Fe, hicieron p\u00fablico  este mediod\u00eda de un documento en el que expresan algunas reflexiones  sobre los pr\u00f3ximo actos electorales que se efectuar\u00e1n en el orden  nacional, provincial y local a lo largo del a\u00f1o en curso. <\/p>\n<p>Del documento lleva por t\u00edtulo <em><span style=\"font-weight: bold\">\u201cLas elecciones, exigencia de compromiso ciudadano\u201d<\/span><\/em>, y agrega una frase del papa Francisco: \u201cCiudadanos responsables en el seno de un pueblo\u201d.  <\/p>\n<p>A continuaci\u00f3n ofrecemos algunos de los p\u00e1rrafos m\u00e1s destacados. <\/p>\n<p>\u201cDespu\u00e9s de m\u00e1s de treinta a\u00f1os de vida democr\u00e1tica ininterrumpida y  en v\u00edsperas del Bicentenario de la Independencia, este a\u00f1o 2015 est\u00e1  marcado por una serie de actos electorales en todos los niveles  (nacional, provincial y municipal). En tal contexto, nos parece oportuno  compartir algunas reflexiones con nuestros hermanos argentinos\u201d.  <\/p>\n<p>\u201cNo hemos de reducir el ejercicio democr\u00e1tico s\u00f3lo a la cuesti\u00f3n  electoral cada dos a\u00f1os, sino asumir cada d\u00eda la necesaria participaci\u00f3n  ciudadana\u201d <\/p>\n<p>\u201cEl proceso electoral es una preciosa oportunidad para un debate  c\u00edvico acerca del presente y del futuro que deseamos para la Argentina\u201d <\/p>\n<p>\u201cEn temas importantes y permanentes, sea posible acordar entre los  distintos partidos y sectores sociales pol\u00edticas de Estado que se  desarrollen m\u00e1s all\u00e1 de los cambios de gobierno, de manera que las  leg\u00edtimas iniciativas que cada nuevo candidato proponga implementar, no  signifiquen hacer tierra arrasada y abandonar todo lo hecho hasta ese  momento\u201d.  <\/p>\n<p>\u201cLa elecci\u00f3n presidencial, con toda su importancia, no debe ocultar  la relevancia de las elecciones en otros niveles, y en particular la de  legisladores\u201d <\/p>\n<p>\u201cAl ponerse de relieve las diversidades entre propuestas, candidatos  e ideolog\u00edas, no debe hacernos perder de vista lo que nos une. El Papa  nos invita a mirar nuestros v\u00ednculos m\u00e1s all\u00e1 de leg\u00edtimas pertenencias  partidarias o de sector. Por eso nos dice que \u201cconvertirse en pueblo es  todav\u00eda m\u00e1s, y requiere un proceso constante en el cual cada nueva  generaci\u00f3n se ve involucrada. Es un trabajo lento y arduo que exige  querer integrarse y aprender a hacerlo hasta desarrollar una cultura del  encuentro en una pluriforme armon\u00eda\u201d (Francisco, El gozo del Evangelio,  N\u00b0 220)\u201d. <\/p>\n<p>\u201cLas elecciones de este a\u00f1o, deber\u00eda ser un momento propicio para  iniciar un examen de conciencia colectivo, y para proponernos como  sociedad metas exigentes, que nos estimulen a crecer en la cultura del  di\u00e1logo y el encuentro\u201d.  <\/p>\n<p>\u201cLa responsabilidad es de todos. Nadie podr\u00eda excusarse  razonablemente de participar, seg\u00fan sus posibilidades, en el esfuerzo de  seguir afianzando una mejor convivencia en nuestra Patria.\u201d <\/p>\n<p><span style=\"font-weight: bold\">Texto completo del documento \u201cLas elecciones, exigencia de compromiso ciudadano\u201d.<\/span> <\/p>\n<p>\u201cCiudadanos responsables en el seno de un pueblo\u201d (Papa Francisco) <\/p>\n<p>1. Despu\u00e9s de m\u00e1s de treinta a\u00f1os de vida democr\u00e1tica ininterrumpida  y en v\u00edsperas del Bicentenario de la Independencia, este a\u00f1o 2015 est\u00e1  marcado por una serie de actos electorales en todos los niveles  (nacional, provincial y municipal). En tal contexto, nos parece oportuno  compartir algunas reflexiones con nuestros hermanos argentinos. <\/p>\n<p>2. Las elecciones peri\u00f3dicas y la alternancia en el ejercicio de las  funciones de gobierno son elementos normales y al mismo tiempo  indispensables de la vida republicana. Como tales, no habr\u00edan de  encender violencias o generar enfrentamientos irreductibles, sino ser  ocasi\u00f3n para un sano ejercicio de las libertades pol\u00edticas y civiles.  Tambi\u00e9n deber\u00edan ser una oportunidad para fortalecer un mayor compromiso  de todos los ciudadanos con lo p\u00fablico. No hemos de reducir el  ejercicio democr\u00e1tico s\u00f3lo a la cuesti\u00f3n electoral cada dos a\u00f1os, sino  asumir cada d\u00eda la necesaria participaci\u00f3n ciudadana. <\/p>\n<p>3. El proceso electoral es una preciosa oportunidad para un debate  c\u00edvico acerca del presente y del futuro que deseamos para la Argentina.  Es necesario crecer en madurez para que un cambio de autoridades no  signifique una crisis sino una alternativa normal de la vida  democr\u00e1tica. <\/p>\n<p>Invitamos a los candidatos que intervengan en las campa\u00f1as  electorales para que ofrezcan sus propuestas, sin incurrir en  agresiones. Que se traten con respeto y cordialidad por cuanto no son  enemigos, sino adversarios circunstanciales que puedan continuar  dialogando y trabajando juntos para el bien com\u00fan, al d\u00eda siguiente de  la elecci\u00f3n. No pedimos un imposible. <\/p>\n<p>4. Reiteramos lo expresado en \u201cHacia un Bicentenario en Justicia y  Solidaridad (2010-2016)\u201d: \u201cla calidad de vida de las personas est\u00e1  fuertemente vinculada a la salud de las instituciones de la  Constituci\u00f3n, cuyo deficiente funcionamiento produce un alto costo  social. Resulta imprescindible asegurar la independencia del poder  judicial y la plena vigencia de la divisi\u00f3n de los poderes republicanos  en el seno de la democracia\u201d (N\u00b0 35). Nos parece importante afirmar y  reconocer que hay una diferencia sustantiva entre el Estado y el  Gobierno, y tanto m\u00e1s entre el Estado, los partidos y las personas. Si  queremos que los cambios de gobernantes no impliquen ignorar leg\u00edtimos  logros, debi\u00e9ramos alcanzar un adecuado nivel de madurez c\u00edvica, donde: <\/p>\n<p>4.1. en temas importantes y permanentes, sea posible acordar entre  los distintos partidos y sectores sociales pol\u00edticas de Estado que se  desarrollen m\u00e1s all\u00e1 de los cambios de gobierno, de manera que las  leg\u00edtimas iniciativas que cada nuevo candidato proponga implementar, no  signifiquen hacer tierra arrasada y abandonar todo lo hecho hasta ese  momento. Puede ayudar a ese objetivo que algunas de esas pol\u00edticas hayan  sido previamente acordadas entre quienes se postulan a los cargos  p\u00fablicos. Pensamos en algunos objetivos que deber\u00edan ser compartidos por  todos, como: la superaci\u00f3n de la marginaci\u00f3n y la pobreza extrema; la  desnutrici\u00f3n infantil; la generaci\u00f3n de fuentes de trabajo; el respeto  de los derechos humanos y la defensa de la vida desde la concepci\u00f3n  hasta la muerte natural; el fortalecimiento de una educaci\u00f3n inclusiva y  de calidad; la lucha contra el narcotr\u00e1fico y la trata de personas; la  disminuci\u00f3n de la inflaci\u00f3n que impide el crecimiento y erosiona  gravemente los ingresos de los m\u00e1s pobres; la transparencia en la  administraci\u00f3n p\u00fablica y la lucha contra toda forma de corrupci\u00f3n. <\/p>\n<p>4.2. el acceso al Gobierno no implique la designaci\u00f3n o contrataci\u00f3n  adicional de personal perteneciente a un partido o sector. Es  indispensable dotar a la Administraci\u00f3n P\u00fablica de un cuerpo profesional  y permanente de funcionarios que ingresen y asciendan en atenci\u00f3n al  m\u00e9rito y no a las afinidades ideol\u00f3gicas. <\/p>\n<p>4.3. se pueda pensar en el largo plazo y no solamente en el r\u00e9dito  pol\u00edtico inmediato. Por ejemplo, en obras p\u00fablicas de envergadura cuya  concreci\u00f3n demande un tiempo prolongado, que probablemente no sean  terminadas por el gobierno que las comience, pero son indispensables  para el desarrollo del pa\u00eds. Tambi\u00e9n lo referido al endeudamiento  externo necesita de acuerdos para una gesti\u00f3n exitosa y eficaz. <\/p>\n<p>5. La elecci\u00f3n de gobernantes, en los poderes ejecutivos y  legislativos de todos los niveles, no debe ser el resultado del  \u201cmarketing\u201d. Queremos exhortar a los ciudadanos a un ejercicio de  elecci\u00f3n responsable, donde se eval\u00fae a los candidatos no por su imagen  medi\u00e1tica sino: <\/p>\n<p>5.1. por la honestidad e integridad de las personas, tomando en  cuenta su trayectoria, los valores vividos y no solamente declamados. La  Argentina ha conocido gobernantes que no usaron la funci\u00f3n p\u00fablica como  una ocasi\u00f3n para su enriquecimiento personal o el beneficio de sus  amigos, sino como un verdadero servicio, a\u00fan a costa de su propio  patrimonio. <\/p>\n<p>Podemos aplicar a nuestro pa\u00eds lo que el papa Francisco ha dicho  hace pocas semanas en su visita a las Filipinas: \u00abes m\u00e1s necesario ahora  que nunca que los l\u00edderes pol\u00edticos se distingan por su honestidad,  integridad y compromiso con el bien com\u00fan\u201d 1. <\/p>\n<p>5.2. por la capacidad y la idoneidad para la funci\u00f3n. No se trata  \u00fanicamente de pergaminos acad\u00e9micos -que muchas veces tambi\u00e9n son  necesarios- sino de una preparaci\u00f3n personal adecuada, y de exhibir el  respaldo de equipos de gobierno que puedan hacerse cargo con competencia  de la complejidad de la administraci\u00f3n del Estado o de la tarea  legislativa. <\/p>\n<p>5.3. por las propuestas y las ideas. En caso de candidatos que ya  han ejercido funciones p\u00fablicas: se habr\u00e1 de tener en cuenta el empe\u00f1o  que han puesto en cumplir con sus promesas. Es necesario que cada  candidato haga conocer con claridad y detalle lo que se propone impulsar  y realizar. En este sentido, nos parece indispensable que se organicen  debates serios y a fondo, donde se puedan confrontar propuestas y  proyectos. Es inaceptable evadir el debate de ideas y plataformas. <\/p>\n<p>5.4. por la voluntad y capacidad de di\u00e1logo. Dialogar y escuchar al  otro no es signo de debilidad, sino de grandeza. Es importante reconocer  que los otros tambi\u00e9n tienen algo que decir y aportar, y estar  dispuestos a trabajar juntos por el bien com\u00fan. <\/p>\n<p>6. La elecci\u00f3n presidencial, con toda su importancia, no debe  ocultar la relevancia de las elecciones en otros niveles, y en  particular la de legisladores. La Naci\u00f3n exige fortalecer su calidad  institucional en el proceso legislativo, para que el Congreso sea un  \u00e1mbito de verdadera discusi\u00f3n de ideas y b\u00fasqueda del bien com\u00fan. <\/p>\n<p>Al ponerse de relieve las diversidades entre propuestas, candidatos e  ideolog\u00edas, no debe hacernos perder de vista lo que nos une. El Papa  nos invita a mirar nuestros v\u00ednculos m\u00e1s all\u00e1 de leg\u00edtimas pertenencias  partidarias o de sector. Por eso nos dice que \u201cconvertirse en pueblo es  todav\u00eda m\u00e1s, y requiere un proceso constante en el cual cada nueva  generaci\u00f3n se ve involucrada. Es un trabajo lento y arduo que exige  querer integrarse y aprender a hacerlo hasta desarrollar una cultura del  encuentro en una pluriforme armon\u00eda\u201d (Francisco, El gozo del Evangelio,  N\u00b0 220). <\/p>\n<p>7. Estamos en v\u00edsperas del Bicentenario de la Independencia. Los  aniversarios importantes, como \u00e9ste, son ocasi\u00f3n para mirar hacia atr\u00e1s  el camino recorrido: \u00bfqu\u00e9 hemos hecho los argentinos con nuestro pa\u00eds? Y  tambi\u00e9n mirar con esperanza hacia el futuro: \u00bfde qu\u00e9 debemos liberarnos  a\u00fan, qu\u00e9 cadenas nos atan todav\u00eda impidi\u00e9ndonos ser mejores como  pueblo? \u00bfQu\u00e9 lugar ocupamos y qu\u00e9 lugar queremos ocupar, como Naci\u00f3n  independiente y soberana, en el contexto internacional? \u00bfQu\u00e9 relaciones  deseamos cultivar a nivel regional y latinoamericano en el contexto de  la Patria Grande? \u00bfQu\u00e9 podemos ofrecer al mundo para que nuestro pa\u00eds  sea un lugar m\u00e1s semejante a lo que Dios sue\u00f1a para la humanidad? <\/p>\n<p>8. Las elecciones de este a\u00f1o, deber\u00edan ser un momento propicio para  iniciar un examen de conciencia colectivo, y para proponernos como  sociedad metas exigentes, que nos estimulen a crecer en la cultura del  di\u00e1logo y el encuentro. <\/p>\n<p>9. La responsabilidad es de todos. Nadie podr\u00eda excusarse  razonablemente de participar, seg\u00fan sus posibilidades, en el esfuerzo de  seguir afianzando una mejor convivencia en nuestra Patria. Convivencia  que debe sustentarse en los valores de verdad y justicia, de libertad,  solidaridad y reconciliaci\u00f3n, en orden al crecimiento de la amistad  social. Como fieles de Cristo, miembros de su Iglesia, ofrecemos nuestro  compromiso y nuestra plegaria. Que la Virgen Madre de Dios y madre  nuestra nos sostenga para alcanzar estos horizontes, con humildad y  perseverancia. <\/p>\n<p>Firman: Los Obispos participantes de la 170\u00b0 Reuni\u00f3n de la Comisi\u00f3n  Permanente de la Conferencia Episcopal Argentina, Buenos Aires, 18 de  marzo de 2015.+ <\/p>\n<p align=\"justify\">&nbsp;<\/p>\n<p align=\"justify\">Fuente: AICA <\/p>\n","protected":false},"excerpt":{"rendered":"<div class=\"mh-excerpt\"><p align=\"center\"><img loading=\"lazy\" decoding=\"async\" src=\"http:\/\/www.aica.org\/images\/16911.jpg?t=1426777327\" border=\"0\" width=\"400\" height=\"267\" \/> <\/p>\n<p>&nbsp;<\/p>\n<\/div>","protected":false},"author":1,"featured_media":0,"comment_status":"open","ping_status":"open","sticky":false,"template":"","format":"standard","meta":{"footnotes":""},"categories":[28],"tags":[],"class_list":["post-1041","post","type-post","status-publish","format-standard","hentry","category-latest-news"],"_links":{"self":[{"href":"https:\/\/www.obispadorqta.org.ar\/v3\/wp-json\/wp\/v2\/posts\/1041","targetHints":{"allow":["GET"]}}],"collection":[{"href":"https:\/\/www.obispadorqta.org.ar\/v3\/wp-json\/wp\/v2\/posts"}],"about":[{"href":"https:\/\/www.obispadorqta.org.ar\/v3\/wp-json\/wp\/v2\/types\/post"}],"author":[{"embeddable":true,"href":"https:\/\/www.obispadorqta.org.ar\/v3\/wp-json\/wp\/v2\/users\/1"}],"replies":[{"embeddable":true,"href":"https:\/\/www.obispadorqta.org.ar\/v3\/wp-json\/wp\/v2\/comments?post=1041"}],"version-history":[{"count":0,"href":"https:\/\/www.obispadorqta.org.ar\/v3\/wp-json\/wp\/v2\/posts\/1041\/revisions"}],"wp:attachment":[{"href":"https:\/\/www.obispadorqta.org.ar\/v3\/wp-json\/wp\/v2\/media?parent=1041"}],"wp:term":[{"taxonomy":"category","embeddable":true,"href":"https:\/\/www.obispadorqta.org.ar\/v3\/wp-json\/wp\/v2\/categories?post=1041"},{"taxonomy":"post_tag","embeddable":true,"href":"https:\/\/www.obispadorqta.org.ar\/v3\/wp-json\/wp\/v2\/tags?post=1041"}],"curies":[{"name":"wp","href":"https:\/\/api.w.org\/{rel}","templated":true}]}}