{"id":1042,"date":"2015-03-20T11:43:02","date_gmt":"2015-03-20T11:43:02","guid":{"rendered":"http:\/\/www.obispadorqta.org.ar\/v3\/nuevo-consejo-de-asuntos-economicos-de-la-diocesis\/"},"modified":"2015-03-20T11:43:02","modified_gmt":"2015-03-20T11:43:02","slug":"nuevo-consejo-de-asuntos-economicos-de-la-diocesis","status":"publish","type":"post","link":"https:\/\/www.obispadorqta.org.ar\/v3\/nuevo-consejo-de-asuntos-economicos-de-la-diocesis\/","title":{"rendered":"Nuevo Consejo Diocesano"},"content":{"rendered":"<p><!--[if gte mso 9]><xml>  <o:OfficeDocumentSettings>   <o:AllowPNG\/>  <\/o:OfficeDocumentSettings> <\/xml><![endif]--><!--[if gte mso 9]><xml>  <o:OfficeDocumentSettings>   <o:AllowPNG\/>  <\/o:OfficeDocumentSettings> <\/xml><![endif]-->  <\/p>\n<div style=\"text-align: center\"><img loading=\"lazy\" decoding=\"async\" src=\"https:\/\/fbcdn-sphotos-e-a.akamaihd.net\/hphotos-ak-xpf1\/v\/t1.0-9\/11081249_772106096219217_5847680847908134911_n.jpg?oh=33d1ec178d948abcf9051fbf3e31ee25&#038;oe=55BB6D50&#038;__gda__=1437810234_ffd9df52dac0ec4105e0cf7202c250f3\" border=\"0\" width=\"403\" height=\"113\" \/><\/div>\n<p style=\"text-align: justify\" class=\"MsoNormal\"><span><font color=\"#000000\"> En la celebraci\u00f3n de la Eucarist\u00eda del pr\u00f3ximo 22 de Marzo, a las 20 hs., en la Iglesia Catedral de Reconquista, el Obispo Diocesano, Mons. \u00c1ngel Jos\u00e9 Mac\u00edn, tomar\u00e1 juramento de fidelidad a los miembros del nuevo <strong>Consejo de Asuntos Econ\u00f3micos<\/strong> de la Di\u00f3cesis de Reconquista.<\/font><\/span><\/p>\n<p style=\"text-align: justify\" class=\"MsoNormal\"><font color=\"#000000\"><span>En dicha celebraci\u00f3n, tambi\u00e9n se har\u00e1 un sencillo reconocimiento a quienes han sido miembros del Consejo precedente, tanto a quienes est\u00e1n con nosotros como tambi\u00e9n a aquellos que ya partieron hacia la Casa del Padre.<\/span><\/font><\/p>\n<p style=\"text-align: justify\" class=\"MsoNormal\"><font color=\"#000000\"><span>El car\u00e1cter p\u00fablico de este evento y la realizaci\u00f3n del mismo en el marco de la celebraci\u00f3n del \u00faltimo Domingo de Cuaresma quiere poner de manifiesto nuestro deseo de seguir caminando hacia una <strong>aut\u00e9ntica conversi\u00f3n pastoral, que sea la base de una Iglesia en salida.<\/strong> Adem\u00e1s, se quiere poner de manifiesto el valor de contar con este organismo de consulta previsto por el C\u00f3digo de Derecho Can\u00f3nico vigente, como as\u00ed tambi\u00e9n el compromiso de caminar hacia <strong>una mayor transparencia y austeridad en el manejo de los recursos econ\u00f3micos y la necesaria corresponsabilidad de todos para la gesti\u00f3n de fondos, que siempre deben tener como meta la obra evangelizadora y la caridad con los m\u00e1s pobres<\/strong>.<\/span><\/font>  <\/p>\n","protected":false},"excerpt":{"rendered":"<div class=\"mh-excerpt\"><p><!--[if gte mso 9]><xml>  <o:OfficeDocumentSettings>   <o:AllowPNG\/>  <\/o:OfficeDocumentSettings> <\/xml><![endif]--><!--[if gte mso 9]><xml>  <o:OfficeDocumentSettings>   <o:AllowPNG\/>  <\/o:OfficeDocumentSettings> <\/xml><![endif]-->  <\/p>\n<div style=\"text-align: center\"><img loading=\"lazy\" decoding=\"async\" src=\"https:\/\/fbcdn-sphotos-e-a.akamaihd.net\/hphotos-ak-xpf1\/v\/t1.0-9\/11081249_772106096219217_5847680847908134911_n.jpg?oh=33d1ec178d948abcf9051fbf3e31ee25&#038;oe=55BB6D50&#038;__gda__=1437810234_ffd9df52dac0ec4105e0cf7202c250f3\" border=\"0\" width=\"403\" height=\"113\" \/><\/div>\n<p style=\"text-align: justify\" class=\"MsoNormal\"><span><font color=\"#000000\"> En la celebraci\u00f3n de la Eucarist\u00eda del pr\u00f3ximo 22 de Marzo, a las 20 hs., en la Iglesia Catedral de Reconquista, el Obispo Diocesano, Mons. \u00c1ngel Jos\u00e9 Mac\u00edn, tomar\u00e1 juramento de fidelidad a los miembros del nuevo <strong>Consejo de Asuntos Econ\u00f3micos<\/strong> de la Di\u00f3cesis de Reconquista.<\/font><\/span><\/p>\n<\/div>","protected":false},"author":1,"featured_media":0,"comment_status":"open","ping_status":"open","sticky":false,"template":"","format":"standard","meta":{"footnotes":""},"categories":[28],"tags":[],"class_list":["post-1042","post","type-post","status-publish","format-standard","hentry","category-latest-news"],"_links":{"self":[{"href":"https:\/\/www.obispadorqta.org.ar\/v3\/wp-json\/wp\/v2\/posts\/1042","targetHints":{"allow":["GET"]}}],"collection":[{"href":"https:\/\/www.obispadorqta.org.ar\/v3\/wp-json\/wp\/v2\/posts"}],"about":[{"href":"https:\/\/www.obispadorqta.org.ar\/v3\/wp-json\/wp\/v2\/types\/post"}],"author":[{"embeddable":true,"href":"https:\/\/www.obispadorqta.org.ar\/v3\/wp-json\/wp\/v2\/users\/1"}],"replies":[{"embeddable":true,"href":"https:\/\/www.obispadorqta.org.ar\/v3\/wp-json\/wp\/v2\/comments?post=1042"}],"version-history":[{"count":0,"href":"https:\/\/www.obispadorqta.org.ar\/v3\/wp-json\/wp\/v2\/posts\/1042\/revisions"}],"wp:attachment":[{"href":"https:\/\/www.obispadorqta.org.ar\/v3\/wp-json\/wp\/v2\/media?parent=1042"}],"wp:term":[{"taxonomy":"category","embeddable":true,"href":"https:\/\/www.obispadorqta.org.ar\/v3\/wp-json\/wp\/v2\/categories?post=1042"},{"taxonomy":"post_tag","embeddable":true,"href":"https:\/\/www.obispadorqta.org.ar\/v3\/wp-json\/wp\/v2\/tags?post=1042"}],"curies":[{"name":"wp","href":"https:\/\/api.w.org\/{rel}","templated":true}]}}