{"id":1046,"date":"2015-04-02T21:18:33","date_gmt":"2015-04-02T21:18:33","guid":{"rendered":"http:\/\/www.obispadorqta.org.ar\/v3\/misacrismalll\/"},"modified":"2015-04-02T21:18:33","modified_gmt":"2015-04-02T21:18:33","slug":"misacrismalll","status":"publish","type":"post","link":"https:\/\/www.obispadorqta.org.ar\/v3\/misacrismalll\/","title":{"rendered":"Misa Crismal"},"content":{"rendered":"<div style=\"text-align: center\"><img loading=\"lazy\" decoding=\"async\" src=\"https:\/\/scontent-mia.xx.fbcdn.net\/hphotos-xpf1\/v\/t1.0-9\/11081198_779219842174509_890655865859201475_n.jpg?oh=6f3f8a2a35b66508c4662c26b998634d&#038;oe=55A09BE3\" border=\"0\" width=\"300\" height=\"400\" \/>\u00a0<\/div>\n<div>\u00a0<\/div>\n<div>En la noche del Mi\u00e9rcoles Santo se llev\u00f3 a cabo la celebraci\u00f3n de la Misa Crismal presidida por el Obispo Diocesano, Mons. Dr. \u00c1ngel Jos\u00e9 Mac\u00edn y concelebrada por la gran mayor\u00eda de los Sacerdotes diocesanos y Religiosos de nuestra Di\u00f3cesis.<\/div>\n<div>\u00a0<\/div>\n<div>En esta celebraci\u00f3n se consagr\u00f3 el Santo Crisma y se bendijo los restantes \u00f3leos, de los catec\u00famenos y de los enfermos. Adem\u00e1s qued\u00f3 expresada la comuni\u00f3n del Obispo con sus Sacerdotes, quienes renovaron las promesas de su ordenaci\u00f3n.<\/div>\n<div style=\"text-align: center\">\u00a0<img loading=\"lazy\" decoding=\"async\" src=\"https:\/\/scontent-mia.xx.fbcdn.net\/hphotos-xap1\/v\/t1.0-9\/10428494_779220262174467_5738888364995807985_n.jpg?oh=7b193968a55386ab65fcd362c78fc6bf&#038;oe=55A24E9A\" border=\"0\" width=\"400\" height=\"300\" \/><span style=\"font-size: 12.1599998474121px; line-height: 1.3em\">\u00a0<\/span><\/div>\n<div>La emoci\u00f3n siempre se hace presente al momento en que el Obispo Di\u00f3cesano hace entrega de los \u00f3leos a los p\u00e1rrocos de toda la Di\u00f3cesis, y que esta vez tambi\u00e9n se hizo entrega de estolas y la r\u00e9plica de una cruz con motivo del a\u00f1o vocacional recientemente iniciado; asimismo la gente retribuye en diversas manifestaciones su afecto y agradecimiento a sus sacerdotes.<\/div>\n<div>\u00a0<\/div>\n<div style=\"text-align: center\"><img loading=\"lazy\" decoding=\"async\" src=\"https:\/\/fbcdn-sphotos-c-a.akamaihd.net\/hphotos-ak-xfa1\/v\/t1.0-9\/11102704_779220442174449_6179311605434218087_n.jpg?oh=e8b8749dfbdbff3b6b2b5136be4a8484&#038;oe=559AADC3&#038;__gda__=1436403957_8b54860028ca9e3f4aa4f6e609fd44cd\" border=\"0\" width=\"400\" height=\"300\" \/>\u00a0<\/div>\n<div style=\"text-align: center\"><img loading=\"lazy\" decoding=\"async\" src=\"https:\/\/fbcdn-sphotos-g-a.akamaihd.net\/hphotos-ak-xpa1\/v\/t1.0-9\/11079614_779222148840945_5246770835789089320_n.jpg?oh=3550bedcd6feb9f5dcdbb11e2710a3d7&#038;oe=55AE3E9F&#038;__gda__=1437646375_71dd0cf00f1ecde333b08234183df6b3\" border=\"0\" width=\"400\" height=\"300\" \/>\u00a0<\/div>\n<div style=\"text-align: center\">\u00a0<\/div>\n<div style=\"text-align: left\">Para ver m\u00e1s fotos hace click\u00a0<a href=\"https:\/\/www.facebook.com\/media\/set\/?set=a.779216592174834.1073741841.100002595011706&#038;type=1&#038;l=01c7fdaa39\">AQU\u00cd<\/a><\/div>\n<div style=\"text-align: left\">\u00a0<\/div>\n<div style=\"text-align: left\"><\/div>\n","protected":false},"excerpt":{"rendered":"<div class=\"mh-excerpt\"><div style=\"text-align: center\"><img loading=\"lazy\" decoding=\"async\" src=\"https:\/\/scontent-mia.xx.fbcdn.net\/hphotos-xpf1\/v\/t1.0-9\/11081198_779219842174509_890655865859201475_n.jpg?oh=6f3f8a2a35b66508c4662c26b998634d&#038;oe=55A09BE3\" border=\"0\" width=\"300\" height=\"400\" \/>\u00a0<\/div>\n<div>\u00a0<\/div>\n<div>En la noche del Mi\u00e9rcoles Santo se llev\u00f3 a cabo la celebraci\u00f3n de la Misa Crismal presidida por el Obispo Diocesano, Mons. Dr. \u00c1ngel Jos\u00e9 Mac\u00edn y concelebrada por la gran mayor\u00eda de los Sacerdotes diocesanos y Religiosos de nuestra Di\u00f3cesis.<\/div>\n<\/div>","protected":false},"author":1,"featured_media":0,"comment_status":"open","ping_status":"open","sticky":false,"template":"","format":"standard","meta":{"footnotes":""},"categories":[28],"tags":[],"class_list":["post-1046","post","type-post","status-publish","format-standard","hentry","category-latest-news"],"_links":{"self":[{"href":"https:\/\/www.obispadorqta.org.ar\/v3\/wp-json\/wp\/v2\/posts\/1046","targetHints":{"allow":["GET"]}}],"collection":[{"href":"https:\/\/www.obispadorqta.org.ar\/v3\/wp-json\/wp\/v2\/posts"}],"about":[{"href":"https:\/\/www.obispadorqta.org.ar\/v3\/wp-json\/wp\/v2\/types\/post"}],"author":[{"embeddable":true,"href":"https:\/\/www.obispadorqta.org.ar\/v3\/wp-json\/wp\/v2\/users\/1"}],"replies":[{"embeddable":true,"href":"https:\/\/www.obispadorqta.org.ar\/v3\/wp-json\/wp\/v2\/comments?post=1046"}],"version-history":[{"count":0,"href":"https:\/\/www.obispadorqta.org.ar\/v3\/wp-json\/wp\/v2\/posts\/1046\/revisions"}],"wp:attachment":[{"href":"https:\/\/www.obispadorqta.org.ar\/v3\/wp-json\/wp\/v2\/media?parent=1046"}],"wp:term":[{"taxonomy":"category","embeddable":true,"href":"https:\/\/www.obispadorqta.org.ar\/v3\/wp-json\/wp\/v2\/categories?post=1046"},{"taxonomy":"post_tag","embeddable":true,"href":"https:\/\/www.obispadorqta.org.ar\/v3\/wp-json\/wp\/v2\/tags?post=1046"}],"curies":[{"name":"wp","href":"https:\/\/api.w.org\/{rel}","templated":true}]}}