{"id":1047,"date":"2015-04-02T21:57:39","date_gmt":"2015-04-02T21:57:39","guid":{"rendered":"http:\/\/www.obispadorqta.org.ar\/v3\/lalagria\/"},"modified":"2015-04-02T21:57:39","modified_gmt":"2015-04-02T21:57:39","slug":"lalagria","status":"publish","type":"post","link":"https:\/\/www.obispadorqta.org.ar\/v3\/lalagria\/","title":{"rendered":"La alegr\u00eda de la Pascua"},"content":{"rendered":"<div style=\"text-align: center\"><img loading=\"lazy\" decoding=\"async\" src=\"https:\/\/fbcdn-sphotos-e-a.akamaihd.net\/hphotos-ak-xaf1\/v\/t1.0-9\/p350x350\/10461369_779234572173036_5601800294647655423_n.jpg?oh=aebcf8e3becd8d4c726a4c46fa797561&#038;oe=55B9B6D8&#038;__gda__=1436891199_7a51a872fbc8c0baffc15391a8a178c0\" border=\"0\" width=\"350\" height=\"466\" \/><\/div>\n<div style=\"text-align: justify\">\u00a0<\/div>\n<div style=\"text-align: justify\">Iniciamos la celebraci\u00f3n del triduo pascual en las distintas comunidades de nuestra Iglesia Diocesana.<\/div>\n<div style=\"text-align: justify\">Mediante los actos l\u00edt\u00fargicos, oraciones, gestos, revivimos la muerte y resurrecci\u00f3n de Jes\u00fas.<\/div>\n<div style=\"text-align: justify\">Queremos alcanzar la alegr\u00eda y la paz que nos regala el Se\u00f1or Resucitado, e impregnar nuestros ambientes de vida y esperanza.<\/div>\n<div style=\"text-align: justify\">Feliz Pascua de Resurrecci\u00f3n!!<\/div>\n<div style=\"text-align: justify\">\u00a0<\/div>\n<div><\/div>\n","protected":false},"excerpt":{"rendered":"<div class=\"mh-excerpt\"><p>\u00a0 Iniciamos la celebraci\u00f3n del triduo pascual en las distintas comunidades de nuestra Iglesia Diocesana. Mediante los actos l\u00edt\u00fargicos, oraciones, gestos, revivimos la muerte y <a class=\"mh-excerpt-more\" href=\"https:\/\/www.obispadorqta.org.ar\/v3\/lalagria\/\" title=\"La alegr\u00eda de la Pascua\">[&#8230;]<\/a><\/p>\n<\/div>","protected":false},"author":1,"featured_media":0,"comment_status":"open","ping_status":"open","sticky":false,"template":"","format":"standard","meta":{"footnotes":""},"categories":[28],"tags":[],"class_list":["post-1047","post","type-post","status-publish","format-standard","hentry","category-latest-news"],"_links":{"self":[{"href":"https:\/\/www.obispadorqta.org.ar\/v3\/wp-json\/wp\/v2\/posts\/1047","targetHints":{"allow":["GET"]}}],"collection":[{"href":"https:\/\/www.obispadorqta.org.ar\/v3\/wp-json\/wp\/v2\/posts"}],"about":[{"href":"https:\/\/www.obispadorqta.org.ar\/v3\/wp-json\/wp\/v2\/types\/post"}],"author":[{"embeddable":true,"href":"https:\/\/www.obispadorqta.org.ar\/v3\/wp-json\/wp\/v2\/users\/1"}],"replies":[{"embeddable":true,"href":"https:\/\/www.obispadorqta.org.ar\/v3\/wp-json\/wp\/v2\/comments?post=1047"}],"version-history":[{"count":0,"href":"https:\/\/www.obispadorqta.org.ar\/v3\/wp-json\/wp\/v2\/posts\/1047\/revisions"}],"wp:attachment":[{"href":"https:\/\/www.obispadorqta.org.ar\/v3\/wp-json\/wp\/v2\/media?parent=1047"}],"wp:term":[{"taxonomy":"category","embeddable":true,"href":"https:\/\/www.obispadorqta.org.ar\/v3\/wp-json\/wp\/v2\/categories?post=1047"},{"taxonomy":"post_tag","embeddable":true,"href":"https:\/\/www.obispadorqta.org.ar\/v3\/wp-json\/wp\/v2\/tags?post=1047"}],"curies":[{"name":"wp","href":"https:\/\/api.w.org\/{rel}","templated":true}]}}