{"id":1049,"date":"2015-04-13T11:10:34","date_gmt":"2015-04-13T11:10:34","guid":{"rendered":"http:\/\/www.obispadorqta.org.ar\/v3\/nombramiento-de-mons-dante-gustavo-braida-como-obispo-auxiliar-de-la-arquidiocesis-de-mendoza\/"},"modified":"2015-04-13T11:10:34","modified_gmt":"2015-04-13T11:10:34","slug":"nombramiento-de-mons-dante-gustavo-braida-como-obispo-auxiliar-de-la-arquidiocesis-de-mendoza","status":"publish","type":"post","link":"https:\/\/www.obispadorqta.org.ar\/v3\/nombramiento-de-mons-dante-gustavo-braida-como-obispo-auxiliar-de-la-arquidiocesis-de-mendoza\/","title":{"rendered":"Nombramiento de Mons. Dante Gustavo Braida como Obispo Auxiliar de la Arquidi\u00f3cesis de Mendoza"},"content":{"rendered":"<p><!--[if gte mso 9]><xml>  <o:OfficeDocumentSettings>   <o:AllowPNG\/>  <\/o:OfficeDocumentSettings> <\/xml><![endif]-->  <\/p>\n<div style=\"text-align: center\"><font color=\"#000000\"><img loading=\"lazy\" decoding=\"async\" src=\"https:\/\/scontent-gru.xx.fbcdn.net\/hphotos-xpf1\/v\/t1.0-9\/11136714_783480028415157_1654965430393197316_n.jpg?oh=9f5aeef819454d8290dabe498afe416a&#038;oe=55990A79\" border=\"0\" width=\"297\" height=\"357\" \/><\/font><\/div>\n<p style=\"margin-bottom: 0.0001pt; text-align: justify; text-indent: 35.4pt\" class=\"MsoNormal\"><font color=\"#000000\"><span style=\"font-family: Arial,Helvetica,sans-serif; font-size: 10pt; font-style: normal; line-height: normal\">Con mucha alegr\u00eda, comunicamos que en el d\u00eda de la fecha, el Papa Francisco ha nombrado como Obispo Auxiliar de la Arquidi\u00f3cesis de Mendoza a <strong>Mons. Dante Gustavo Braida,<\/strong> hasta hoy Vicario General de la Di\u00f3cesis de Reconquista, P\u00e1rroco de la Parroquia Inmaculada Concepci\u00f3n de Reconquista (Iglesia Catedral) y Director de C\u00e1ritas Diocesana.<\/span><\/font><\/p>\n<p><font color=\"#000000\">  <\/font><\/p>\n<p style=\"margin-bottom: 0.0001pt; text-align: justify; text-indent: 35.4pt\" class=\"MsoNormal\"><font color=\"#000000\"><span style=\"font-family: Arial,Helvetica,sans-serif; font-size: 10pt; font-style: normal; line-height: normal\">Consideramos que esta decisi\u00f3n del Santo Padre de unir al P. Dante al grupo de los Sucesores de los Ap\u00f3stoles es una especial bendici\u00f3n para nuestra querida di\u00f3cesis y uno de los primeros frutos del A\u00f1o Vocacional Diocesano.<\/span><\/font><\/p>\n<p><font color=\"#000000\">  <\/font><\/p>\n<p style=\"margin-bottom: 0.0001pt; text-align: justify; text-indent: 35.4pt\" class=\"MsoNormal\"><font color=\"#000000\"><span style=\"font-family: Arial,Helvetica,sans-serif; font-size: 10pt; font-style: normal; line-height: normal\">Prometemos, desde ya, nuestra cercan\u00eda y nuestra oraci\u00f3n para que su ministerio episcopal, que desarrollar\u00e1 en colaboraci\u00f3n con Mons. Carlos Franzini, Arzobispo de Mendoza, sea fecundo en tierras cuyanas.<\/span><\/font><\/p>\n<p><font color=\"#000000\">  <\/font><\/p>\n<p style=\"margin-bottom: 0.0001pt; text-align: justify; text-indent: 35.4pt\" class=\"MsoNormal\"><font color=\"#000000\"><span style=\"font-family: Arial,Helvetica,sans-serif; font-size: 10pt; font-style: normal; line-height: normal\">Valoramos este evento como un signo claramente misionero para nuestra Iglesia Particular, y aunque vamos a extra\u00f1ar y sentir la ausencia del P. Dante y su trabajo pastoral, confiamos plenamente en el \u201cDue\u00f1o de los Sembrados\u201d, quien lejos de dejarse ganar en generosidad, nos bendecir\u00e1 con nuevas y santas vocaciones sacerdotales.<\/span><\/font><\/p>\n<p><font color=\"#000000\">  <\/font><\/p>\n<p style=\"margin-bottom: 0.0001pt; text-align: justify; text-indent: 35.4pt\" class=\"MsoNormal\"><font color=\"#000000\"><span style=\"font-family: Arial,Helvetica,sans-serif; font-size: 10pt; font-style: normal; line-height: normal\">En breve, estaremos comunicando las fechas de las misas de agradecimiento-env\u00edo y de ordenaci\u00f3n episcopal. Esta \u00faltima ser\u00e1 celebrada en su nuevo destino.<\/span><\/font><\/p>\n<p><font color=\"#000000\">  <\/font><\/p>\n<p style=\"margin-bottom: 0.0001pt; text-align: justify\" class=\"MsoNormal\"><span style=\"font-size: 12pt; line-height: 107%; font-family: 'Times New Roman',serif\">\u00a0<\/span><\/p>\n<p style=\"margin-bottom: 0.0001pt; text-align: right\" class=\"MsoNormal\" align=\"right\"><strong><font color=\"#000000\"><span style=\"font-family: Arial,Helvetica,sans-serif; font-size: 10pt; font-style: normal; line-height: normal\">+ Mons. \u00c1ngel Jos\u00e9 Mac\u00edn<\/span><\/font><\/strong><\/p>\n<p style=\"margin-bottom: 0.0001pt; text-align: right\" class=\"MsoNormal\" align=\"right\"><strong><font color=\"#000000\"><span style=\"font-family: Arial,Helvetica,sans-serif; font-size: 10pt; font-style: normal; line-height: normal\">Obispo de Reconquista<\/span><\/font><\/strong>  <\/p>\n","protected":false},"excerpt":{"rendered":"<div class=\"mh-excerpt\"><p><!--[if gte mso 9]><xml>  <o:OfficeDocumentSettings>   <o:AllowPNG\/>  <\/o:OfficeDocumentSettings> <\/xml><![endif]-->  <\/p>\n<div style=\"text-align: center\"><font color=\"#000000\"><img loading=\"lazy\" decoding=\"async\" src=\"https:\/\/scontent-gru.xx.fbcdn.net\/hphotos-xpf1\/v\/t1.0-9\/11136714_783480028415157_1654965430393197316_n.jpg?oh=9f5aeef819454d8290dabe498afe416a&#038;oe=55990A79\" border=\"0\" width=\"297\" height=\"357\" \/><\/font><\/div>\n<\/div>","protected":false},"author":1,"featured_media":0,"comment_status":"open","ping_status":"open","sticky":false,"template":"","format":"standard","meta":{"footnotes":""},"categories":[28],"tags":[],"class_list":["post-1049","post","type-post","status-publish","format-standard","hentry","category-latest-news"],"_links":{"self":[{"href":"https:\/\/www.obispadorqta.org.ar\/v3\/wp-json\/wp\/v2\/posts\/1049","targetHints":{"allow":["GET"]}}],"collection":[{"href":"https:\/\/www.obispadorqta.org.ar\/v3\/wp-json\/wp\/v2\/posts"}],"about":[{"href":"https:\/\/www.obispadorqta.org.ar\/v3\/wp-json\/wp\/v2\/types\/post"}],"author":[{"embeddable":true,"href":"https:\/\/www.obispadorqta.org.ar\/v3\/wp-json\/wp\/v2\/users\/1"}],"replies":[{"embeddable":true,"href":"https:\/\/www.obispadorqta.org.ar\/v3\/wp-json\/wp\/v2\/comments?post=1049"}],"version-history":[{"count":0,"href":"https:\/\/www.obispadorqta.org.ar\/v3\/wp-json\/wp\/v2\/posts\/1049\/revisions"}],"wp:attachment":[{"href":"https:\/\/www.obispadorqta.org.ar\/v3\/wp-json\/wp\/v2\/media?parent=1049"}],"wp:term":[{"taxonomy":"category","embeddable":true,"href":"https:\/\/www.obispadorqta.org.ar\/v3\/wp-json\/wp\/v2\/categories?post=1049"},{"taxonomy":"post_tag","embeddable":true,"href":"https:\/\/www.obispadorqta.org.ar\/v3\/wp-json\/wp\/v2\/tags?post=1049"}],"curies":[{"name":"wp","href":"https:\/\/api.w.org\/{rel}","templated":true}]}}