{"id":1051,"date":"2015-04-17T13:34:00","date_gmt":"2015-04-17T13:34:00","guid":{"rendered":"http:\/\/www.obispadorqta.org.ar\/v3\/asamblea-diocesana-anual-de-caritas\/"},"modified":"2015-04-17T13:34:00","modified_gmt":"2015-04-17T13:34:00","slug":"asamblea-diocesana-anual-de-caritas","status":"publish","type":"post","link":"https:\/\/www.obispadorqta.org.ar\/v3\/asamblea-diocesana-anual-de-caritas\/","title":{"rendered":"Asamblea Diocesana Anual de Caritas"},"content":{"rendered":"<div style=\"text-align: center\"><font color=\"#000000\"><img loading=\"lazy\" decoding=\"async\" src=\"https:\/\/scontent-gru.xx.fbcdn.net\/hphotos-xft1\/v\/t1.0-9\/10448811_1437510536517120_8224632643236353149_n.jpg?oh=03dc05f01a4e3c108b18d4207a510bc2&#038;oe=55D88F2F\" border=\"0\" width=\"320\" height=\"240\" \/> <\/font><\/div>\n<div align=\"justify\"><font color=\"#000000\">C\u00e1ritas Diocesana convoca para este <strong>s\u00e1bado 18 de abril a su Asamblea Anual.<\/strong><\/font><\/div>\n<div align=\"justify\">\u00a0<\/div>\n<div align=\"justify\"><font color=\"#000000\">Se llevar\u00e1 a cabo en las instalaciones del Instituto Reconquista, <u>comenzar\u00e1 a las 8:00 y finalizar\u00e1 a las 18:00<\/u><\/font><\/div>\n<div align=\"justify\">\u00a0<\/div>\n<div align=\"justify\"><font color=\"#000000\">Contar\u00e1 con la presencia de nuestro Obispo Diocesano, Mons. \u00c1ngel Jos\u00e9 Mac\u00edn, quien realizara una iluminaci\u00f3n sobre el A\u00f1o Vocacional con el tema: \u201cVocaci\u00f3n al Servicio\u201d.<\/font><\/div>\n<div align=\"justify\">\u00a0<\/div>\n<div align=\"justify\"><font color=\"#000000\">Al mediod\u00eda se celebrar\u00e1 la Santa Misa y por la tarde se trabajaran tres talleres simult\u00e1neos: CIUDADAN\u00cdA (A\u00f1o Pol\u00edtico) \u2013 REALIDAD JUVENIL \u00bfC\u00f3mo? \u2013 MAGRE (Emergencia). Luego estos talleres se profundizan en los encuentros de zonas durante el a\u00f1o. <\/font><\/div>\n<div align=\"justify\">\u00a0<\/div>\n<div align=\"justify\"><font color=\"#000000\">La Asamblea Diocesana de C\u00e1ritas es el lugar de encuentro de todas la Caritas de la di\u00f3cesis con sus voluntarios, agentes y colaboradores de la pastoral en la Iglesia. Durante el desarrollo e intercambio de la misma se establecen los criterios de trabajo, se trazan caminos para el servicio, se acuerdan las acciones de asistencia y promoci\u00f3n humana en bien de las familias m\u00e1s pobres.<br \/><\/font><\/div>\n<p>&nbsp;<\/p>\n","protected":false},"excerpt":{"rendered":"<div class=\"mh-excerpt\"><div style=\"text-align: center\"><font color=\"#000000\"><img loading=\"lazy\" decoding=\"async\" src=\"https:\/\/scontent-gru.xx.fbcdn.net\/hphotos-xft1\/v\/t1.0-9\/10448811_1437510536517120_8224632643236353149_n.jpg?oh=03dc05f01a4e3c108b18d4207a510bc2&#038;oe=55D88F2F\" border=\"0\" width=\"320\" height=\"240\" \/><\/p>\n<\/div>","protected":false},"author":1,"featured_media":0,"comment_status":"open","ping_status":"open","sticky":false,"template":"","format":"standard","meta":{"footnotes":""},"categories":[28],"tags":[],"class_list":["post-1051","post","type-post","status-publish","format-standard","hentry","category-latest-news"],"_links":{"self":[{"href":"https:\/\/www.obispadorqta.org.ar\/v3\/wp-json\/wp\/v2\/posts\/1051","targetHints":{"allow":["GET"]}}],"collection":[{"href":"https:\/\/www.obispadorqta.org.ar\/v3\/wp-json\/wp\/v2\/posts"}],"about":[{"href":"https:\/\/www.obispadorqta.org.ar\/v3\/wp-json\/wp\/v2\/types\/post"}],"author":[{"embeddable":true,"href":"https:\/\/www.obispadorqta.org.ar\/v3\/wp-json\/wp\/v2\/users\/1"}],"replies":[{"embeddable":true,"href":"https:\/\/www.obispadorqta.org.ar\/v3\/wp-json\/wp\/v2\/comments?post=1051"}],"version-history":[{"count":0,"href":"https:\/\/www.obispadorqta.org.ar\/v3\/wp-json\/wp\/v2\/posts\/1051\/revisions"}],"wp:attachment":[{"href":"https:\/\/www.obispadorqta.org.ar\/v3\/wp-json\/wp\/v2\/media?parent=1051"}],"wp:term":[{"taxonomy":"category","embeddable":true,"href":"https:\/\/www.obispadorqta.org.ar\/v3\/wp-json\/wp\/v2\/categories?post=1051"},{"taxonomy":"post_tag","embeddable":true,"href":"https:\/\/www.obispadorqta.org.ar\/v3\/wp-json\/wp\/v2\/tags?post=1051"}],"curies":[{"name":"wp","href":"https:\/\/api.w.org\/{rel}","templated":true}]}}