{"id":1057,"date":"2015-04-29T14:47:06","date_gmt":"2015-04-29T14:47:06","guid":{"rendered":"http:\/\/www.obispadorqta.org.ar\/v3\/martiriopersecucion\/"},"modified":"2015-04-29T14:47:06","modified_gmt":"2015-04-29T14:47:06","slug":"martiriopersecucion","status":"publish","type":"post","link":"https:\/\/www.obispadorqta.org.ar\/v3\/martiriopersecucion\/","title":{"rendered":"Martirio y Persecuci\u00f3n en nuestros d\u00edas"},"content":{"rendered":"<div style=\"text-align: center\"><img loading=\"lazy\" decoding=\"async\" src=\"https:\/\/fbcdn-sphotos-g-a.akamaihd.net\/hphotos-ak-xaf1\/v\/t1.0-9\/10632833_792667860829707_5851158357612835824_n.jpg?oh=20c354964def721604d1de9d7a30ab9c&#038;oe=55DC09FA&#038;__gda__=1439505227_544f6c01ace0921bbb13d4432c65a712\" border=\"0\" width=\"400\" height=\"267\" \/><\/div>\n<div>\u00a0<\/div>\n<div style=\"text-align: right\">\u00a0<\/div>\n<div style=\"text-align: right\">\u00a0<em style=\"text-align: right; text-indent: 17.85pt; font-size: 12.1599998474121px; line-height: 1.3em\"><span style=\"font-size: 14pt; font-family: Garamond\">\u201cEstos son los que vienen de la gran tribulaci\u00f3n&#8230;<\/span><\/em><\/div>\n<p style=\"margin-bottom: 0.0001pt; text-align: right; text-indent: 17.85pt\" class=\"MsoNormal\" align=\"right\"><em><span style=\"font-size: 14pt; font-family: Garamond\">y Dios secar\u00e1 toda l\u00e1grima de sus ojos\u201d (Ap. 7, 14.17b)<\/span><\/em><\/p>\n<div>\u00a0<\/div>\n<div>El mundo asiste con horror a un incremento de formas de violencia que, desde distintos fundamentalismos religiosos, \u00a0disfrazan intereses pol\u00edticos y econ\u00f3micos, y afecta a muchas comunidades y grupos humanos de diversos credos, particularmente a cristianos en Medio Oriente, en el norte y centro de \u00c1frica y en otros lugares del mundo.<\/div>\n<div><span style=\"white-space: pre\" class=\"Apple-tab-span\">\t<\/span>En este contexto de conflictos extendidos y persistentes, queremos llamar la atenci\u00f3n sobre un aspecto de especial preocupaci\u00f3n: la creciente e inadmisible violaci\u00f3n del derecho a la libertad religiosa. La misma ha sido proclamada por la Declaraci\u00f3n Universal de los Derechos Humanos y garantizada por diversas convenciones internacionales tanto universales como regionales, obligando a los Estados a asegurarla para todas las personas, ense\u00f1ada con tanta claridad en el Concilio Vaticano II.<\/div>\n<div>Hay manifestaciones violentas que producen especial estupor y reclaman una fuerte condena. Nos referimos a lo que ocurre en zonas de Siria e Irak donde los cristianos -ciudadanos de esos pa\u00edses y presentes en esas tierras desde hace m\u00e1s de dos mil a\u00f1os- est\u00e1n siendo asesinados u obligados a dejar sus casas y ciudades sin poder llevar consigo m\u00e1s que la ropa que tienen puesta, adem\u00e1s de la destrucci\u00f3n de templos y monumentos culturales que son patrimonio de la humanidad. Tambi\u00e9n se\u00f1alamos lo que acontece en Nigeria, Sud\u00e1n y Pakist\u00e1n, donde es corriente el secuestro \u2013especialmente de mujeres y ni\u00f1as- y las conversiones forzadas bajo pena de muerte. Sabemos, no obstante, \u00a0que la gran mayor\u00eda de los musulmanes no se reconoce en estas atrocidades y las rechaza.<\/div>\n<div>Actualmente son los cristianos quienes sufren las mayores persecuciones. Como ha dicho el Papa Francisco, hay muchos m\u00e1s m\u00e1rtires hoy que en los primeros siglos. Ese martirio no distingue entre cat\u00f3licos, ortodoxos o evang\u00e9licos, hermanados en un \u201cecumenismo de la sangre\u201d. Nos estremece la crueldad con la cual hermanos en el bautismo son decapitados, quemados o crucificados por el solo hecho de ser cristianos.<\/div>\n<div>Junto a la consternaci\u00f3n que nos provocan estos hechos de crueldad sentimos admiraci\u00f3n por el testimonio y la coherencia de muchos hermanos que est\u00e1n entregando \u00a0su vida para guardar la integridad de su fe religiosa.<\/div>\n<div>Afirmamos con fuerza que nunca la religi\u00f3n o el nombre de Dios pueden ser invocados para justificar la violencia, la muerte, la destrucci\u00f3n y la falta de respeto a los derechos humanos m\u00e1s elementales que nacen de la dignidad de toda persona. Llama la atenci\u00f3n la d\u00e9bil repercusi\u00f3n de esta barbarie en la prensa internacional. \u00a0<\/div>\n<div>Urge una acci\u00f3n internacional eficaz que ponga fin a tanto sufrimiento provocados por estos actos de brutalidad. Apelamos al deber y a la fuerza institucional de la ONU, la Uni\u00f3n Europea, las organizaciones de Derechos Humanos y los diversos credos a asumir la propia responsabilidad ante estos graves acontecimientos.\u00a0<\/div>\n<div>Invitamos a todos los creyentes -cat\u00f3licos y no cat\u00f3licos- a orar intensamente pidiendo al Se\u00f1or de la historia perd\u00f3n por tanto sufrimiento y sangre derramada, y que mueva los corazones de quienes causan dolor y ofenden gravemente al Creador a cesar en ese camino. Comprometemos a nuestras comunidades de modo particular a rezar por esta intenci\u00f3n el pr\u00f3ximo 8 de mayo, Solemnidad de Nuestra Se\u00f1ora de Luj\u00e1n.\u00a0<\/div>\n<div>Como Obispos de la Conferencia Episcopal Argentina, expresamos nuestra solidaridad y cercan\u00eda con nuestros hermanos sufrientes y perseguidos, y pedimos a Jes\u00fas Buen Pastor les conceda el consuelo y la Paz.<\/div>\n<div><\/div>\n<div><\/div>\n<div style=\"text-align: right\">Los Obispos Argentinos<\/div>\n<div style=\"text-align: right\">109\u00b0 Asamblea Plenaria<\/div>\n<div style=\"text-align: right\">25 de abril de 2015<\/div>\n<div style=\"text-align: right\"><\/div>\n<p style=\"margin-bottom: 0.0001pt; text-align: right; text-indent: 17.85pt\" class=\"MsoNormal\" align=\"right\"><span style=\"text-align: justify; text-indent: 17.85pt; font-size: 12.1599998474121px; line-height: 1.3em\">\u00a0<\/span><\/p>\n<p style=\"text-align: justify; margin-bottom: 0.0001pt; text-indent: 17.85pt\" class=\"MsoNormal\"><span style=\"text-align: left; text-indent: 17.85pt; font-size: 12.1599998474121px; line-height: 1.3em\">\u00a0<\/span><\/p>\n","protected":false},"excerpt":{"rendered":"<div class=\"mh-excerpt\"><div style=\"text-align: center\"><img loading=\"lazy\" decoding=\"async\" src=\"https:\/\/fbcdn-sphotos-g-a.akamaihd.net\/hphotos-ak-xaf1\/v\/t1.0-9\/10632833_792667860829707_5851158357612835824_n.jpg?oh=20c354964def721604d1de9d7a30ab9c&#038;oe=55DC09FA&#038;__gda__=1439505227_544f6c01ace0921bbb13d4432c65a712\" border=\"0\" width=\"400\" height=\"267\" \/><\/div>\n<div>\u00a0<\/div>\n<div style=\"text-align: right\">\u00a0<\/div>\n<div style=\"text-align: right\">\u00a0<em style=\"text-align: right; text-indent: 17.85pt; font-size: 12.1599998474121px; line-height: 1.3em\"><span style=\"font-size: 14pt; font-family: Garamond\">\u201cEstos son los que vienen de la gran tribulaci\u00f3n&#8230;<\/span><\/em><\/div>\n<p style=\"margin-bottom: 0.0001pt; text-align: right; text-indent: 17.85pt\" class=\"MsoNormal\" align=\"right\"><em><span style=\"font-size: 14pt; font-family: Garamond\">y Dios secar\u00e1 toda l\u00e1grima de sus ojos\u201d (Ap. 7, 14.17b)<\/span><\/em><\/p>\n<\/div>","protected":false},"author":1,"featured_media":0,"comment_status":"open","ping_status":"open","sticky":false,"template":"","format":"standard","meta":{"footnotes":""},"categories":[28],"tags":[],"class_list":["post-1057","post","type-post","status-publish","format-standard","hentry","category-latest-news"],"_links":{"self":[{"href":"https:\/\/www.obispadorqta.org.ar\/v3\/wp-json\/wp\/v2\/posts\/1057","targetHints":{"allow":["GET"]}}],"collection":[{"href":"https:\/\/www.obispadorqta.org.ar\/v3\/wp-json\/wp\/v2\/posts"}],"about":[{"href":"https:\/\/www.obispadorqta.org.ar\/v3\/wp-json\/wp\/v2\/types\/post"}],"author":[{"embeddable":true,"href":"https:\/\/www.obispadorqta.org.ar\/v3\/wp-json\/wp\/v2\/users\/1"}],"replies":[{"embeddable":true,"href":"https:\/\/www.obispadorqta.org.ar\/v3\/wp-json\/wp\/v2\/comments?post=1057"}],"version-history":[{"count":0,"href":"https:\/\/www.obispadorqta.org.ar\/v3\/wp-json\/wp\/v2\/posts\/1057\/revisions"}],"wp:attachment":[{"href":"https:\/\/www.obispadorqta.org.ar\/v3\/wp-json\/wp\/v2\/media?parent=1057"}],"wp:term":[{"taxonomy":"category","embeddable":true,"href":"https:\/\/www.obispadorqta.org.ar\/v3\/wp-json\/wp\/v2\/categories?post=1057"},{"taxonomy":"post_tag","embeddable":true,"href":"https:\/\/www.obispadorqta.org.ar\/v3\/wp-json\/wp\/v2\/tags?post=1057"}],"curies":[{"name":"wp","href":"https:\/\/api.w.org\/{rel}","templated":true}]}}