{"id":1067,"date":"2015-05-22T13:06:45","date_gmt":"2015-05-22T13:06:45","guid":{"rendered":"http:\/\/www.obispadorqta.org.ar\/v3\/misa-despedida-padre-dante-braida\/"},"modified":"2015-05-22T13:06:45","modified_gmt":"2015-05-22T13:06:45","slug":"misa-despedida-padre-dante-braida","status":"publish","type":"post","link":"https:\/\/www.obispadorqta.org.ar\/v3\/misa-despedida-padre-dante-braida\/","title":{"rendered":"Misa de env\u00edo de Mons. Dante Braida"},"content":{"rendered":"<div align=\"justify\">\n<div style=\"text-align: center\"><img loading=\"lazy\" decoding=\"async\" src=\"https:\/\/fbcdn-sphotos-c-a.akamaihd.net\/hphotos-ak-xpa1\/v\/t1.0-9\/10421291_826223547458307_7871171903173937351_n.jpg?oh=7173561313d009ecf182b671fe015ff0&#038;oe=560DBDE5&#038;__gda__=1443476061_2e7efc46b26c6558cbbf76b3a8ad893e\" border=\"0\" width=\"260\" height=\"270\" \/><\/div>\n<p><\/div>\n<div align=\"justify\"><font color=\"#000000\">Este pr\u00f3ximo <strong>lunes 25 de mayo, Mons. Dante Gustavo Braida<\/strong>, hasta ahora P\u00e1rroco de la Iglesia Catedral \u201cInmaculada Concepci\u00f3n\u201d de Reconquista, se despedir\u00e1 de todas las comunidades parroquiales de nuestra di\u00f3cesis, especialmente a las que acompa\u00f1o y dirigi\u00f3 durante todos estos a\u00f1os. <\/font> <\/div>\n<div align=\"justify\"><font color=\"#000000\">Ser\u00e1 durante la celebraci\u00f3n de la <strong>Santa Misa de las 19:15 en Catedral de Reconquista <\/strong>donde, como Iglesia Particular podremos agradecer al Se\u00f1or por su labor en nuestra Di\u00f3cesis durante estos a\u00f1os y\u00a0desearle\u00a0una fecunda tarea pastoral en esta nueva etapa de su ministerio, como Obispo Auxiliar de la Arquidi\u00f3cesis de Mendoza, cuya ordenaci\u00f3n ser\u00e1 el d\u00eda 12 de Junio de 2015 en la ciudad de Mendoza.<\/font><\/div>\n<div align=\"justify\">\u00a0<\/div>\n<div align=\"justify\"><font color=\"#000000\">Luego de la ceremonia religiosa, todas las delegaciones de las distintas comunidades parroquiales est\u00e1n invitados a un Compartir Fraterno (cena a la canasta: empanadas) en el Gimnasio del Colegio San Jos\u00e9 (Belgrano esq. Alvear).<\/font><\/div>\n","protected":false},"excerpt":{"rendered":"<div class=\"mh-excerpt\"><div align=\"justify\">\n<div style=\"text-align: center\"><img loading=\"lazy\" decoding=\"async\" src=\"https:\/\/fbcdn-sphotos-c-a.akamaihd.net\/hphotos-ak-xpa1\/v\/t1.0-9\/10421291_826223547458307_7871171903173937351_n.jpg?oh=7173561313d009ecf182b671fe015ff0&#038;oe=560DBDE5&#038;__gda__=1443476061_2e7efc46b26c6558cbbf76b3a8ad893e\" border=\"0\" width=\"260\" height=\"270\" \/><\/div>\n<p><\/div>\n<div align=\"justify\"><font color=\"#000000\">Este pr\u00f3ximo <strong>lunes 25 de mayo, Mons. Dante Gustavo Braida<\/strong>, hasta ahora P\u00e1rroco de la Iglesia Catedral \u201cInmaculada Concepci\u00f3n\u201d de Reconquista, se despedir\u00e1 de todas las comunidades parroquiales de nuestra di\u00f3cesis, especialmente a las que acompa\u00f1o y dirigi\u00f3 durante todos estos a\u00f1os. <\/font><\/p>\n<\/div>","protected":false},"author":1,"featured_media":0,"comment_status":"open","ping_status":"open","sticky":false,"template":"","format":"standard","meta":{"footnotes":""},"categories":[28],"tags":[],"class_list":["post-1067","post","type-post","status-publish","format-standard","hentry","category-latest-news"],"_links":{"self":[{"href":"https:\/\/www.obispadorqta.org.ar\/v3\/wp-json\/wp\/v2\/posts\/1067","targetHints":{"allow":["GET"]}}],"collection":[{"href":"https:\/\/www.obispadorqta.org.ar\/v3\/wp-json\/wp\/v2\/posts"}],"about":[{"href":"https:\/\/www.obispadorqta.org.ar\/v3\/wp-json\/wp\/v2\/types\/post"}],"author":[{"embeddable":true,"href":"https:\/\/www.obispadorqta.org.ar\/v3\/wp-json\/wp\/v2\/users\/1"}],"replies":[{"embeddable":true,"href":"https:\/\/www.obispadorqta.org.ar\/v3\/wp-json\/wp\/v2\/comments?post=1067"}],"version-history":[{"count":0,"href":"https:\/\/www.obispadorqta.org.ar\/v3\/wp-json\/wp\/v2\/posts\/1067\/revisions"}],"wp:attachment":[{"href":"https:\/\/www.obispadorqta.org.ar\/v3\/wp-json\/wp\/v2\/media?parent=1067"}],"wp:term":[{"taxonomy":"category","embeddable":true,"href":"https:\/\/www.obispadorqta.org.ar\/v3\/wp-json\/wp\/v2\/categories?post=1067"},{"taxonomy":"post_tag","embeddable":true,"href":"https:\/\/www.obispadorqta.org.ar\/v3\/wp-json\/wp\/v2\/tags?post=1067"}],"curies":[{"name":"wp","href":"https:\/\/api.w.org\/{rel}","templated":true}]}}