{"id":1068,"date":"2015-05-26T14:00:25","date_gmt":"2015-05-26T14:00:25","guid":{"rendered":"http:\/\/www.obispadorqta.org.ar\/v3\/campana-alimentos-para-el-seminario-interdiocesano-qla-encarnacionq-del-nea\/"},"modified":"2015-05-26T14:00:25","modified_gmt":"2015-05-26T14:00:25","slug":"campana-alimentos-para-el-seminario-interdiocesano-qla-encarnacionq-del-nea","status":"publish","type":"post","link":"https:\/\/www.obispadorqta.org.ar\/v3\/campana-alimentos-para-el-seminario-interdiocesano-qla-encarnacionq-del-nea\/","title":{"rendered":"Campa\u00f1a Alimentos para el Seminario Interdiocesano \u00abLa Encarnaci\u00f3n\u00bb del NEA"},"content":{"rendered":"<div style=\"text-align: center\"><img loading=\"lazy\" decoding=\"async\" src=\"https:\/\/fbcdn-sphotos-e-a.akamaihd.net\/hphotos-ak-xat1\/v\/t1.0-9\/10389023_805577699538723_8615935429645035821_n.jpg?oh=9dd92c05f12607a250749efaf40b9bc5&#038;oe=55FF5859&#038;__gda__=1438753670_8ca42b9977c84050d51d1f4267b477ba\" border=\"0\" width=\"334\" height=\"202\" \/> <\/div>\n<div style=\"text-align: center\">\n<div>\n<div align=\"justify\"><font color=\"#000000\">Como todos los a\u00f1os, el Seminario Interdiocesano \u201cLa Encarnaci\u00f3n\u201d de Resistencia realiza en las di\u00f3cesis la <strong>\u201cCAMPA\u00d1A DE ALIMENTOS Y OTROS ART\u00cdCULOS\u201d para este Seminario<\/strong>. Anualmente, la casa de formaci\u00f3n para los futuros sacerdotes de la regi\u00f3n, se ve altamente beneficiada gracias a la generosidad de los feligreses de las distintas comunidades parroquiales de gran parte del NEA. El pr\u00f3ximo mes de junio corresponder\u00e1 a nuestra Di\u00f3cesis de Reconquista realizar dicha campa\u00f1a entre sus fieles.<\/font><\/p>\n<p><font color=\"#000000\">La lista de las mercader\u00edas m\u00e1s necesarias en este momento se agrega a continuaci\u00f3n, ya que gracias a las donaciones, tenemos suficiente cantidad de fideos. Por lo que solicitamos enviar preferentemente los art\u00edculos de la lista.<\/font><\/div>\n<div align=\"justify\">\u00a0<\/div>\n<div align=\"justify\"><font color=\"#000000\">Las personas que deseen colaborar pueden acercar la mercader\u00eda a la Capilla a la que pertenecen o a las secretar\u00edas parroquiales de cualquier parroquia de nuestra di\u00f3cesis.<\/font><\/div>\n<div align=\"justify\">\u00a0<\/div>\n<div align=\"justify\"><font color=\"#000000\">Agradecemos desde ya su generosidad, implorando la bendici\u00f3n de Dios sobre cada Comunidad.<\/font><\/div>\n<p><\/p>\n<div align=\"left\"><font color=\"#000000\"><u><strong>ALIMENTOS<\/strong><\/u><br \/>Leche en polvo y yerba (prioridades)<br \/>Arroz<br \/>Az\u00facar<br \/>Harina (com\u00fan y leudante)<br \/>Porotos \u2013 Lentejas<br \/>Mate cocido \u2013 T\u00e9 \u2013 Caf\u00e9<br \/>Pur\u00e9 de tomate y salsa<br \/>Choclo de lata<br \/>At\u00fan \u2013 Caballa \u2013 Picadillo<br \/>Aderezos<br \/>Levadura<br \/>Polenta<br \/>Grasa vacuna<br \/>Maicena<br \/>Arvejas \u2013 Porotos \u2013 Lentejas<br \/>Galletitas<br \/>Quesos y Fiambres<br \/>Condimentos varios<br \/><u><strong><br \/>ARTICULOS DE LIBRER\u00cdA<\/strong><\/u><br \/>Resmas hojas A4<br \/>Cuadernos<\/p>\n<p><u><strong>ARTICULOS DE LIMPIEZA<\/strong><\/u><br \/>Escobill\u00f3n (con palo)<br \/>Escurridor (con palo)<br \/>Escoa de paja<br \/>Alitas<br \/>Baldes<br \/>Desodorante para piso<br \/>Detergente<br \/>Lavandina<br \/>Esponja (de acero y goma espuma)<br \/>Virulana <br \/>Trapos rejilla<br \/>Lustra muebles<br \/>Franela <br \/>Desodorante de ambiente en aerosol<br \/>Pastillas para inodoros<br \/>Jab\u00f3n en polvo (baja y alta espuma)<br \/>Insecticida liquida y en aerosol (creolina, fluido Manchester, Raid, etc.)<br \/>Bolsas de residuos grandes y medianas<br \/>Quita sarro, soda c\u00e1ustica o removedor de sarro<br \/>Pastillas contra mosquitos (o en aerosol)<br \/>Guantes de goma<br \/>Servilletas de papel \/ Rollo de cocina<br \/>Trapos de piso<\/p>\n<p><u><strong>ARTICULOS DE HIGIENE PERSONAL<\/strong><\/u><br \/>Cepillos de dientes<br \/>Jab\u00f3n blanco<br \/>Papel higi\u00e9nico<br \/>Talco para pies<br \/>Desodorante en axilas (en aerosol, crema o bolita)<br \/>Champ\u00fa y acondicionador<br \/>Maquinita de afeitar<br \/>Espuma de afeitar<br \/><\/font><\/div>\n<\/div>\n<p>\u00a0<\/p><\/div>\n","protected":false},"excerpt":{"rendered":"<div class=\"mh-excerpt\"><div style=\"text-align: center\"><img loading=\"lazy\" decoding=\"async\" src=\"https:\/\/fbcdn-sphotos-e-a.akamaihd.net\/hphotos-ak-xat1\/v\/t1.0-9\/10389023_805577699538723_8615935429645035821_n.jpg?oh=9dd92c05f12607a250749efaf40b9bc5&#038;oe=55FF5859&#038;__gda__=1438753670_8ca42b9977c84050d51d1f4267b477ba\" border=\"0\" width=\"334\" height=\"202\" \/><\/p>\n<\/div>","protected":false},"author":1,"featured_media":0,"comment_status":"open","ping_status":"open","sticky":false,"template":"","format":"standard","meta":{"footnotes":""},"categories":[28],"tags":[],"class_list":["post-1068","post","type-post","status-publish","format-standard","hentry","category-latest-news"],"_links":{"self":[{"href":"https:\/\/www.obispadorqta.org.ar\/v3\/wp-json\/wp\/v2\/posts\/1068","targetHints":{"allow":["GET"]}}],"collection":[{"href":"https:\/\/www.obispadorqta.org.ar\/v3\/wp-json\/wp\/v2\/posts"}],"about":[{"href":"https:\/\/www.obispadorqta.org.ar\/v3\/wp-json\/wp\/v2\/types\/post"}],"author":[{"embeddable":true,"href":"https:\/\/www.obispadorqta.org.ar\/v3\/wp-json\/wp\/v2\/users\/1"}],"replies":[{"embeddable":true,"href":"https:\/\/www.obispadorqta.org.ar\/v3\/wp-json\/wp\/v2\/comments?post=1068"}],"version-history":[{"count":0,"href":"https:\/\/www.obispadorqta.org.ar\/v3\/wp-json\/wp\/v2\/posts\/1068\/revisions"}],"wp:attachment":[{"href":"https:\/\/www.obispadorqta.org.ar\/v3\/wp-json\/wp\/v2\/media?parent=1068"}],"wp:term":[{"taxonomy":"category","embeddable":true,"href":"https:\/\/www.obispadorqta.org.ar\/v3\/wp-json\/wp\/v2\/categories?post=1068"},{"taxonomy":"post_tag","embeddable":true,"href":"https:\/\/www.obispadorqta.org.ar\/v3\/wp-json\/wp\/v2\/tags?post=1068"}],"curies":[{"name":"wp","href":"https:\/\/api.w.org\/{rel}","templated":true}]}}