{"id":1070,"date":"2015-05-28T15:12:04","date_gmt":"2015-05-28T15:12:04","guid":{"rendered":"http:\/\/www.obispadorqta.org.ar\/v3\/ordenaciongermanacevedo\/"},"modified":"2015-05-28T15:12:04","modified_gmt":"2015-05-28T15:12:04","slug":"ordenaciongermanacevedo","status":"publish","type":"post","link":"https:\/\/www.obispadorqta.org.ar\/v3\/ordenaciongermanacevedo\/","title":{"rendered":"Ordenaci\u00f3n Di\u00e1conal Ac\u00f3lito Germ\u00e1n Ariel Acevedo"},"content":{"rendered":"<div style=\"text-align: center\"><img loading=\"lazy\" decoding=\"async\" src=\"https:\/\/fbcdn-sphotos-c-a.akamaihd.net\/hphotos-ak-xfa1\/v\/t1.0-9\/10711105_688283684601459_8900490524992390470_n.jpg?oh=ec90f9a12c3fda29b5263619be6186fa&#038;oe=55FFCAFE&#038;__gda__=1442180040_50bab4a9ea152699d0e4fae4f0ccb4c3\" border=\"0\" width=\"338\" height=\"400\" \/><\/div>\n<div>\u00a0<\/div>\n<div>Este domingo 31 de mayo, a las 17 hs., el Ac\u00f3lito Germ\u00e1n Ariel Acevedo recibir\u00e1 el Sagrado Orden del Diaconado, esta celebraci\u00f3n ser\u00e1 presidida por el Obispo Diocesano, Mons. \u00c1ngel Jos\u00e9 Mac\u00edn.<\/div>\n<div><\/div>\n<div>Dicho evento tendr\u00e1 lugar en la Parroquia Inmaculada Concepci\u00f3n de Villa Ocampo, lugar donde Germ\u00e1n viene realizando su experiencia de servicio pastoral.<\/div>\n<div><\/div>\n<div>Invitamos a orar por la fidelidad de Germ\u00e1n al llamado del Se\u00f1or y por el aumento y la perseverancia de las vocaciones sacerdotales.\u00a0<\/div>\n<div>\u00a0<\/div>\n<div>\u00a0<\/div>\n<div>\u00a0<\/div>\n","protected":false},"excerpt":{"rendered":"<div class=\"mh-excerpt\"><p>\u00a0 Este domingo 31 de mayo, a las 17 hs., el Ac\u00f3lito Germ\u00e1n Ariel Acevedo recibir\u00e1 el Sagrado Orden del Diaconado, esta celebraci\u00f3n ser\u00e1 presidida <a class=\"mh-excerpt-more\" href=\"https:\/\/www.obispadorqta.org.ar\/v3\/ordenaciongermanacevedo\/\" title=\"Ordenaci\u00f3n Di\u00e1conal Ac\u00f3lito Germ\u00e1n Ariel Acevedo\">[&#8230;]<\/a><\/p>\n<\/div>","protected":false},"author":1,"featured_media":0,"comment_status":"open","ping_status":"open","sticky":false,"template":"","format":"standard","meta":{"footnotes":""},"categories":[28],"tags":[],"class_list":["post-1070","post","type-post","status-publish","format-standard","hentry","category-latest-news"],"_links":{"self":[{"href":"https:\/\/www.obispadorqta.org.ar\/v3\/wp-json\/wp\/v2\/posts\/1070","targetHints":{"allow":["GET"]}}],"collection":[{"href":"https:\/\/www.obispadorqta.org.ar\/v3\/wp-json\/wp\/v2\/posts"}],"about":[{"href":"https:\/\/www.obispadorqta.org.ar\/v3\/wp-json\/wp\/v2\/types\/post"}],"author":[{"embeddable":true,"href":"https:\/\/www.obispadorqta.org.ar\/v3\/wp-json\/wp\/v2\/users\/1"}],"replies":[{"embeddable":true,"href":"https:\/\/www.obispadorqta.org.ar\/v3\/wp-json\/wp\/v2\/comments?post=1070"}],"version-history":[{"count":0,"href":"https:\/\/www.obispadorqta.org.ar\/v3\/wp-json\/wp\/v2\/posts\/1070\/revisions"}],"wp:attachment":[{"href":"https:\/\/www.obispadorqta.org.ar\/v3\/wp-json\/wp\/v2\/media?parent=1070"}],"wp:term":[{"taxonomy":"category","embeddable":true,"href":"https:\/\/www.obispadorqta.org.ar\/v3\/wp-json\/wp\/v2\/categories?post=1070"},{"taxonomy":"post_tag","embeddable":true,"href":"https:\/\/www.obispadorqta.org.ar\/v3\/wp-json\/wp\/v2\/tags?post=1070"}],"curies":[{"name":"wp","href":"https:\/\/api.w.org\/{rel}","templated":true}]}}