{"id":1071,"date":"2015-05-29T11:53:43","date_gmt":"2015-05-29T11:53:43","guid":{"rendered":"http:\/\/www.obispadorqta.org.ar\/v3\/3d-campamento-diocesano-de-la-catequesis-especial\/"},"modified":"2015-05-29T11:53:43","modified_gmt":"2015-05-29T11:53:43","slug":"3d-campamento-diocesano-de-la-catequesis-especial","status":"publish","type":"post","link":"https:\/\/www.obispadorqta.org.ar\/v3\/3d-campamento-diocesano-de-la-catequesis-especial\/","title":{"rendered":"3\u00b0 Campamento Diocesano de la Catequesis Especial"},"content":{"rendered":"<div align=\"justify\"><font style=\"font-family: Verdana,Arial,Helvetica,sans-serif; font-size: 10px; font-style: normal; line-height: normal\" color=\"#000000\"><em><strong><\/p>\n<div style=\"text-align: center\"><img loading=\"lazy\" decoding=\"async\" src=\"https:\/\/fbcdn-sphotos-a-a.akamaihd.net\/hphotos-ak-xaf1\/v\/t1.0-9\/11244906_806940192735807_771235663958452145_n.jpg?oh=41fd6a5c06c21cc579e1b600738cff7f&#038;oe=55F5E9C5&#038;__gda__=1441858747_16bffb41775fa7a8ae90b0792e8bf3d9\" border=\"0\" width=\"289\" height=\"216\" \/><\/div>\n<div style=\"text-align: center\">\u00a0<\/div>\n<p>\u201cMam\u00e1 Mar\u00eda acompa\u00f1a nuestra familias\u201d<\/strong><\/em>, este es el lema que tendr\u00e1 el <strong>Tercer Campamento Diocesano de la Familia de la Catequesis Especial, <\/strong>que se realiza este s\u00e1bado 30 y domingo 31 de mayo en la EFA de Arroyo Ceibal.<\/font> <\/div>\n<div align=\"justify\"><font style=\"font-family: Verdana,Arial,Helvetica,sans-serif; font-size: 10px; font-style: normal; line-height: normal\" color=\"#000000\">La Catequesis Especial de la Di\u00f3cesis de Reconquista desarrolla una intensa actividad acompa\u00f1ando a las familias que sienten la FE en Dios y desean seguir fortaleci\u00e9ndola.<\/font><\/div>\n<div align=\"justify\">\u00a0<\/div>\n<div align=\"justify\"><font style=\"font-family: Verdana,Arial,Helvetica,sans-serif; font-size: 10px; font-style: normal; line-height: normal\" color=\"#000000\">Ya pas\u00f3 a principio de a\u00f1o el Campamento Regional realizado en Formosa, ahora se hace el Campamento Diocesano y en Agosto la Peregrinaci\u00f3n Regional a\u00a0nuestra Se\u00f1ora de Itat\u00ed en Corrientes.<\/font><\/div>\n<div align=\"justify\">\u00a0<\/div>\n<div align=\"justify\"><font style=\"font-family: Verdana,Arial,Helvetica,sans-serif; font-size: 10px; font-style: normal; line-height: normal\" color=\"#000000\">En una sociedad donde muchas veces acudimos al descarte, el Se\u00f1or Jes\u00fas, nos invita a mirar al otro como Hijo de Dios y hermano nuestro. Y en su ense\u00f1anza avanza m\u00e1s todav\u00eda: \u201cYo soy el enfermo, el despreciado, el preso, el anciano, el hambriento\u201d.<\/font><\/div>\n<div align=\"justify\">\u00a0<\/div>\n<div align=\"justify\"><font style=\"font-family: Verdana,Arial,Helvetica,sans-serif; font-size: 10px; font-style: normal; line-height: normal\" color=\"#000000\">Cada campamento, cada peregrinaci\u00f3n de la Catequesis Especial encierra el Gran Misterio de Dios que se manifiesta a trav\u00e9s de los que pocas veces encontramos en los templos.<\/font><br \/><font style=\"font-family: Verdana,Arial,Helvetica,sans-serif; font-size: 10px; font-style: normal; line-height: normal\" color=\"#000000\">Este s\u00e1bado y domingo se vivir\u00e1 esta experiencia. Una organizaci\u00f3n que requiere muchos esfuerzos de catequistas y de las familias.<\/font><\/div>\n<div align=\"justify\">\u00a0<\/div>\n<div align=\"justify\"><font style=\"font-family: Verdana,Arial,Helvetica,sans-serif; font-size: 10px; font-style: normal; line-height: normal\" color=\"#000000\">Si Dios quiere, tambi\u00e9n RADIO AMANECER estar\u00e1 presente en una parte del encuentro para trasmitir los mensajes de los propios protagonistas.<\/font><\/div>\n<p><font style=\"font-family: Verdana,Arial,Helvetica,sans-serif; font-size: 10px; font-style: normal; line-height: normal\" color=\"#000000\"><em><strong><br \/><\/strong><\/em><\/font><\/p>\n","protected":false},"excerpt":{"rendered":"<div class=\"mh-excerpt\"><div align=\"justify\"><font style=\"font-family: Verdana,Arial,Helvetica,sans-serif; font-size: 10px; font-style: normal; line-height: normal\" color=\"#000000\"><em><strong><\/p>\n<div style=\"text-align: center\"><img loading=\"lazy\" decoding=\"async\" src=\"https:\/\/fbcdn-sphotos-a-a.akamaihd.net\/hphotos-ak-xaf1\/v\/t1.0-9\/11244906_806940192735807_771235663958452145_n.jpg?oh=41fd6a5c06c21cc579e1b600738cff7f&#038;oe=55F5E9C5&#038;__gda__=1441858747_16bffb41775fa7a8ae90b0792e8bf3d9\" border=\"0\" width=\"289\" height=\"216\" \/><\/div>\n<div style=\"text-align: center\">\u00a0<\/div>\n<p>\u201cMam\u00e1 Mar\u00eda acompa\u00f1a nuestra familias\u201d<\/strong><\/em>, este es el lema que tendr\u00e1 el <strong>Tercer Campamento Diocesano de la Familia de la Catequesis Especial, <\/strong>que se realiza este s\u00e1bado 30 y domingo 31 de mayo en la EFA de Arroyo Ceibal.<\/font><\/p>\n<\/div>","protected":false},"author":1,"featured_media":0,"comment_status":"open","ping_status":"open","sticky":false,"template":"","format":"standard","meta":{"footnotes":""},"categories":[28],"tags":[],"class_list":["post-1071","post","type-post","status-publish","format-standard","hentry","category-latest-news"],"_links":{"self":[{"href":"https:\/\/www.obispadorqta.org.ar\/v3\/wp-json\/wp\/v2\/posts\/1071","targetHints":{"allow":["GET"]}}],"collection":[{"href":"https:\/\/www.obispadorqta.org.ar\/v3\/wp-json\/wp\/v2\/posts"}],"about":[{"href":"https:\/\/www.obispadorqta.org.ar\/v3\/wp-json\/wp\/v2\/types\/post"}],"author":[{"embeddable":true,"href":"https:\/\/www.obispadorqta.org.ar\/v3\/wp-json\/wp\/v2\/users\/1"}],"replies":[{"embeddable":true,"href":"https:\/\/www.obispadorqta.org.ar\/v3\/wp-json\/wp\/v2\/comments?post=1071"}],"version-history":[{"count":0,"href":"https:\/\/www.obispadorqta.org.ar\/v3\/wp-json\/wp\/v2\/posts\/1071\/revisions"}],"wp:attachment":[{"href":"https:\/\/www.obispadorqta.org.ar\/v3\/wp-json\/wp\/v2\/media?parent=1071"}],"wp:term":[{"taxonomy":"category","embeddable":true,"href":"https:\/\/www.obispadorqta.org.ar\/v3\/wp-json\/wp\/v2\/categories?post=1071"},{"taxonomy":"post_tag","embeddable":true,"href":"https:\/\/www.obispadorqta.org.ar\/v3\/wp-json\/wp\/v2\/tags?post=1071"}],"curies":[{"name":"wp","href":"https:\/\/api.w.org\/{rel}","templated":true}]}}