{"id":1073,"date":"2015-06-02T14:57:47","date_gmt":"2015-06-02T14:57:47","guid":{"rendered":"http:\/\/www.obispadorqta.org.ar\/v3\/ordenacion\/"},"modified":"2015-06-02T14:57:47","modified_gmt":"2015-06-02T14:57:47","slug":"ordenacion","status":"publish","type":"post","link":"https:\/\/www.obispadorqta.org.ar\/v3\/ordenacion\/","title":{"rendered":"Ordenaci\u00f3n Diaconal"},"content":{"rendered":"<div align=\"justify\">\n<div style=\"text-align: center\"><img loading=\"lazy\" decoding=\"async\" src=\"https:\/\/scontent-gru1-1.xx.fbcdn.net\/hphotos-xfa1\/v\/t1.0-9\/10612839_1389131331400450_1995480038878752072_n.jpg?oh=90bb7b29ee8d2477d561c88444086d49&#038;oe=55FAFED8\" border=\"0\" width=\"214\" height=\"286\" \/><\/div>\n<p><\/div>\n<div align=\"justify\"><font color=\"#000000\">La Di\u00f3cesis de Reconquista invita a la Ordenaci\u00f3n Diaconal del Ac\u00f3lito LUCIANO SEB\u00c4STIAN MOLINA. El acontecimiento tendr\u00e1 lugar el d\u00eda 05 de junio a las 19:30 hs en la Capilla \u201cNuestra Se\u00f1ora de la Paz\u201d del B\u00ba Lanceros del Sauce, parroquia Mar\u00eda Madre de Dios de Reconquista (Calle 44 y 49) donde Luciano viene realizando su experiencia de servicio pastoral.<\/font><\/div>\n<div align=\"justify\">\u00a0<\/div>\n<div align=\"justify\"><font color=\"#000000\">La celebraci\u00f3n eucar\u00edstica ser\u00e1 presidida Mons. \u00c1ngel Jos\u00e9 Mac\u00edn, Obispo de Reconquista.<\/font><\/div>\n<div align=\"justify\">\u00a0<\/div>\n<div align=\"justify\"><font color=\"#000000\">Invitamos a toda la comunidad a acompa\u00f1ar y orar por la fidelidad de Luciano al llamado del Se\u00f1or y por el aumento y la perseverancia de las vocaciones sacerdotales. <br \/><\/font><\/div>\n","protected":false},"excerpt":{"rendered":"<div class=\"mh-excerpt\"><p>La Di\u00f3cesis de Reconquista invita a la Ordenaci\u00f3n Diaconal del Ac\u00f3lito LUCIANO SEB\u00c4STIAN MOLINA. El acontecimiento tendr\u00e1 lugar el d\u00eda 05 de junio a las <a class=\"mh-excerpt-more\" href=\"https:\/\/www.obispadorqta.org.ar\/v3\/ordenacion\/\" title=\"Ordenaci\u00f3n Diaconal\">[&#8230;]<\/a><\/p>\n<\/div>","protected":false},"author":1,"featured_media":0,"comment_status":"open","ping_status":"open","sticky":false,"template":"","format":"standard","meta":{"footnotes":""},"categories":[28],"tags":[],"class_list":["post-1073","post","type-post","status-publish","format-standard","hentry","category-latest-news"],"_links":{"self":[{"href":"https:\/\/www.obispadorqta.org.ar\/v3\/wp-json\/wp\/v2\/posts\/1073","targetHints":{"allow":["GET"]}}],"collection":[{"href":"https:\/\/www.obispadorqta.org.ar\/v3\/wp-json\/wp\/v2\/posts"}],"about":[{"href":"https:\/\/www.obispadorqta.org.ar\/v3\/wp-json\/wp\/v2\/types\/post"}],"author":[{"embeddable":true,"href":"https:\/\/www.obispadorqta.org.ar\/v3\/wp-json\/wp\/v2\/users\/1"}],"replies":[{"embeddable":true,"href":"https:\/\/www.obispadorqta.org.ar\/v3\/wp-json\/wp\/v2\/comments?post=1073"}],"version-history":[{"count":0,"href":"https:\/\/www.obispadorqta.org.ar\/v3\/wp-json\/wp\/v2\/posts\/1073\/revisions"}],"wp:attachment":[{"href":"https:\/\/www.obispadorqta.org.ar\/v3\/wp-json\/wp\/v2\/media?parent=1073"}],"wp:term":[{"taxonomy":"category","embeddable":true,"href":"https:\/\/www.obispadorqta.org.ar\/v3\/wp-json\/wp\/v2\/categories?post=1073"},{"taxonomy":"post_tag","embeddable":true,"href":"https:\/\/www.obispadorqta.org.ar\/v3\/wp-json\/wp\/v2\/tags?post=1073"}],"curies":[{"name":"wp","href":"https:\/\/api.w.org\/{rel}","templated":true}]}}