{"id":1074,"date":"2015-06-03T14:26:13","date_gmt":"2015-06-03T14:26:13","guid":{"rendered":"http:\/\/www.obispadorqta.org.ar\/v3\/femicidioconsigna\/"},"modified":"2015-06-03T14:26:13","modified_gmt":"2015-06-03T14:26:13","slug":"femicidioconsigna","status":"publish","type":"post","link":"https:\/\/www.obispadorqta.org.ar\/v3\/femicidioconsigna\/","title":{"rendered":"La Iglesia adhiere a la propuesta de rechazo al femicidio y comparte la consigna"},"content":{"rendered":"<div style=\"text-align: center\"><img loading=\"lazy\" decoding=\"async\" src=\"http:\/\/www.aica.org\/images\/18052.jpg?t=1433341550\" border=\"0\" width=\"400\" height=\"300\" \/><\/div>\n<div>\u00a0<\/div>\n<div>\u00a0<\/div>\n<div>\n<div style=\"text-align: right\">03 de junio de 2015<\/div>\n<div>\u00a0<\/div>\n<div style=\"text-align: justify\">En ocasi\u00f3n de la marcha que se realiza hoy en nuestra zona y en todo el pa\u00eds y que lleva la Consigna \u201cNi una menos\u201d, el Obispado de Reconquista, \u201ccon las palabras del Papa\u201d adhiere a la propuesta de rechazo al femicidio. Valoramos el trabajo de tantas instituciones que dedican sus esfuerzos en la promoci\u00f3n, defensa y respeto de la mujer y as\u00ed mismo alentamos a continuar en este camino m\u00e1s all\u00e1 de las dificultades.<\/div>\n<div style=\"text-align: justify\">Elevamos una oraci\u00f3n a la Virgen de Luj\u00e1n, Madre de todos los argentinos para que nos conceda sabidur\u00eda y valent\u00eda para acompa\u00f1ar estas situaciones sociales.<\/div>\n<\/div>\n<div style=\"text-align: justify\">\u00a0Texto del comunicado\u00a0<\/div>\n<div style=\"text-align: justify\">\u201cEl reconocimiento de la dignidad de la Mujer en todas sus dimensiones es un signo de madurez social que no se puede postergar m\u00e1s. En un momento donde se desarrollan numerosos esfuerzos por la afirmaci\u00f3n de los derechos de las personas, sin embargo tenemos que seguir lamentando la multiplicidad de casos de violencia que afecta particularmente a las mujeres.\u00a0<\/div>\n<div style=\"text-align: justify\"><\/div>\n<div style=\"text-align: justify\">\u201cGolpean el coraz\u00f3n de los argentinos la violencia psicol\u00f3gica, f\u00edsica, sexual, espiritual de muchas mujeres que padecen por amenazas, humillaciones, golpes, acosos, discriminaci\u00f3n, explotaci\u00f3n, esclavitud, hasta llegar al extremo lamentable del femicidio.\u00a0<\/div>\n<div style=\"text-align: justify\"><\/div>\n<div style=\"text-align: justify\">\u201cDice el Papa Francisco \u2018S\u00edmbolo de la vida, el cuerpo femenino a menudo es agredido y desfigurado incluso por quienes deber\u00edan ser sus custodios y compa\u00f1eros de vida\u2019 (Discurso, 7 de febrero de 2015). Esto hace pensar en la necesidad de la educaci\u00f3n personal y comunitaria sobre el noviazgo, el matrimonio, la amistad y las relaciones humanas en general. La formaci\u00f3n &#8211; ante todo- es formaci\u00f3n del coraz\u00f3n, de los afectos, y no puede realizarse s\u00f3lo en un aula, sino tambi\u00e9n en el seno de la familia y de los grupos sociales de contenci\u00f3n.\u00a0<\/div>\n<div style=\"text-align: justify\"><\/div>\n<div style=\"text-align: justify\">\u201cEl Santo Padre nos invita tambi\u00e9n a \u2018atraer la atenci\u00f3n sobre la dolorosa situaci\u00f3n de tantas mujeres pobres, obligadas a vivir en condiciones de peligro, de explotaci\u00f3n, relegadas al margen de las sociedades y convertidas en v\u00edctimas de una cultura del descarte\u2019 (ib\u00eddem)\u00a0<\/div>\n<div style=\"text-align: justify\"><\/div>\n<div style=\"text-align: justify\">\u201cEn la voz del Papa, la Iglesia argentina adhiere a la propuesta de rechazo al femicidio compartiendo la consigna de \u2018Ni una menos\u2019.\u00a0<\/div>\n<div style=\"text-align: justify\"><\/div>\n<div style=\"text-align: justify\">\u201cValoramos asimismo el trabajo de tantas instituciones que dedican sus esfuerzos a la promoci\u00f3n y defensa de la mujer, alent\u00e1ndolos a continuar en este camino m\u00e1s all\u00e1 de las dificultades.\u00a0<\/div>\n<div style=\"text-align: justify\"><\/div>\n<div style=\"text-align: justify\">\u201cQue la Virgen de Luj\u00e1n, madre de todos los argentinos, conduzca a la comunidad nacional hacia un compromiso profundo por el respeto de la mujer y el enaltecimiento de su rol social\u201d.<\/div>\n<div style=\"text-align: justify\"><\/div>\n<div style=\"text-align: justify\"><\/div>\n<div style=\"text-align: right\">Obispado de Reconquista<\/div>\n<div style=\"text-align: justify\"><\/div>\n<div style=\"text-align: justify\">\u00a0<\/div>\n","protected":false},"excerpt":{"rendered":"<div class=\"mh-excerpt\"><div style=\"text-align: center\"><img loading=\"lazy\" decoding=\"async\" src=\"http:\/\/www.aica.org\/images\/18052.jpg?t=1433341550\" border=\"0\" width=\"400\" height=\"300\" \/><\/div>\n<div>\u00a0<\/div>\n<div>\u00a0<\/div>\n<div>\n<div style=\"text-align: right\">03 de junio de 2015<\/div>\n<div>\u00a0<\/div>\n<div style=\"text-align: justify\">En ocasi\u00f3n de la marcha que se realiza hoy en nuestra zona y en todo el pa\u00eds y que lleva la Consigna \u201cNi una menos\u201d, el Obispado de Reconquista, \u201ccon las palabras del Papa\u201d adhiere a la propuesta de rechazo al femicidio. Valoramos el trabajo de tantas instituciones que dedican sus esfuerzos en la promoci\u00f3n, defensa y respeto de la mujer y as\u00ed mismo alentamos a continuar en este camino m\u00e1s all\u00e1 de las dificultades.<\/div>\n<div style=\"text-align: justify\">Elevamos una oraci\u00f3n a la Virgen de Luj\u00e1n, Madre de todos los argentinos para que nos conceda sabidur\u00eda y valent\u00eda para acompa\u00f1ar estas situaciones sociales.<\/div>\n<\/div>\n<\/div>","protected":false},"author":1,"featured_media":0,"comment_status":"open","ping_status":"open","sticky":false,"template":"","format":"standard","meta":{"footnotes":""},"categories":[28],"tags":[],"class_list":["post-1074","post","type-post","status-publish","format-standard","hentry","category-latest-news"],"_links":{"self":[{"href":"https:\/\/www.obispadorqta.org.ar\/v3\/wp-json\/wp\/v2\/posts\/1074","targetHints":{"allow":["GET"]}}],"collection":[{"href":"https:\/\/www.obispadorqta.org.ar\/v3\/wp-json\/wp\/v2\/posts"}],"about":[{"href":"https:\/\/www.obispadorqta.org.ar\/v3\/wp-json\/wp\/v2\/types\/post"}],"author":[{"embeddable":true,"href":"https:\/\/www.obispadorqta.org.ar\/v3\/wp-json\/wp\/v2\/users\/1"}],"replies":[{"embeddable":true,"href":"https:\/\/www.obispadorqta.org.ar\/v3\/wp-json\/wp\/v2\/comments?post=1074"}],"version-history":[{"count":0,"href":"https:\/\/www.obispadorqta.org.ar\/v3\/wp-json\/wp\/v2\/posts\/1074\/revisions"}],"wp:attachment":[{"href":"https:\/\/www.obispadorqta.org.ar\/v3\/wp-json\/wp\/v2\/media?parent=1074"}],"wp:term":[{"taxonomy":"category","embeddable":true,"href":"https:\/\/www.obispadorqta.org.ar\/v3\/wp-json\/wp\/v2\/categories?post=1074"},{"taxonomy":"post_tag","embeddable":true,"href":"https:\/\/www.obispadorqta.org.ar\/v3\/wp-json\/wp\/v2\/tags?post=1074"}],"curies":[{"name":"wp","href":"https:\/\/api.w.org\/{rel}","templated":true}]}}