{"id":1075,"date":"2015-06-05T14:55:11","date_gmt":"2015-06-05T14:55:11","guid":{"rendered":"http:\/\/www.obispadorqta.org.ar\/v3\/fiesta-de-corpus-christi\/"},"modified":"2015-06-05T14:55:11","modified_gmt":"2015-06-05T14:55:11","slug":"fiesta-de-corpus-christi","status":"publish","type":"post","link":"https:\/\/www.obispadorqta.org.ar\/v3\/fiesta-de-corpus-christi\/","title":{"rendered":"Fiesta de Corpus Chisti"},"content":{"rendered":"<div style=\"text-align: center\"><img loading=\"lazy\" decoding=\"async\" src=\"https:\/\/fbcdn-sphotos-d-a.akamaihd.net\/hphotos-ak-frc3\/v\/t1.0-9\/10570330_665873446839025_7390226495898537096_n.jpg?oh=0882ca33234e5b481080bce32abd2c9b&#038;oe=55F99A7F&#038;__gda__=1446291823_e9d9d7dbd5e83d2b2e1d0764c83a5a21\" border=\"0\" width=\"297\" height=\"297\" \/> <\/div>\n<div style=\"text-align: center\">\n<div align=\"justify\"><font color=\"#000000\"><span style=\"font-family: Verdana,Arial,Helvetica,sans-serif; font-size: 10px; font-style: normal; line-height: normal\"><span style=\"font-family: Verdana,Arial,Helvetica,sans-serif; font-size: 10px; font-style: normal; line-height: normal\"><strong><u>IGLESIA CATEDRAL<\/u>: Domingo 07 de Junio.<\/strong>\u00a0 La procesi\u00f3n parte desde la Capilla del Buen Pastor  (Ituzaing\u00f3 y Col\u00f3n) a las 09:30 hs hasta el Templo Catedral donde se  celebrar\u00e1 la Santa Misa a las\u00a0 10:30 Hs <\/span><\/span><\/font><font color=\"#000000\"><span style=\"font-family: Verdana,Arial,Helvetica,sans-serif; font-size: 10px; font-style: normal; line-height: normal\"><span style=\"font-family: Verdana,Arial,Helvetica,sans-serif; font-size: 10px; font-style: normal; line-height: normal\"><font color=\"#000000\"><span style=\"font-family: Verdana,Arial,Helvetica,sans-serif; font-size: 10px; font-style: normal; line-height: normal\"><span style=\"font-family: Verdana,Arial,Helvetica,sans-serif; font-size: 10px; font-style: normal; line-height: normal\"><strong>presidida por Mons. \u00c1ngel Jos\u00e9 Mac\u00edn.<\/strong><\/span><\/span><\/font> LUEGO HABRA<strong> ADORACION AL SANTISIMO SACRAMENTO HASTA LAS 19 HS. <\/strong><\/span><\/span><\/font><\/div>\n<div align=\"justify\">\u00a0<\/div>\n<p>\u00a0<\/p><\/div>\n","protected":false},"excerpt":{"rendered":"<div class=\"mh-excerpt\"><p>IGLESIA CATEDRAL: Domingo 07 de Junio.\u00a0 La procesi\u00f3n parte desde la Capilla del Buen Pastor (Ituzaing\u00f3 y Col\u00f3n) a las 09:30 hs hasta el Templo <a class=\"mh-excerpt-more\" href=\"https:\/\/www.obispadorqta.org.ar\/v3\/fiesta-de-corpus-christi\/\" title=\"Fiesta de Corpus Chisti\">[&#8230;]<\/a><\/p>\n<\/div>","protected":false},"author":1,"featured_media":0,"comment_status":"open","ping_status":"open","sticky":false,"template":"","format":"standard","meta":{"footnotes":""},"categories":[28],"tags":[],"class_list":["post-1075","post","type-post","status-publish","format-standard","hentry","category-latest-news"],"_links":{"self":[{"href":"https:\/\/www.obispadorqta.org.ar\/v3\/wp-json\/wp\/v2\/posts\/1075","targetHints":{"allow":["GET"]}}],"collection":[{"href":"https:\/\/www.obispadorqta.org.ar\/v3\/wp-json\/wp\/v2\/posts"}],"about":[{"href":"https:\/\/www.obispadorqta.org.ar\/v3\/wp-json\/wp\/v2\/types\/post"}],"author":[{"embeddable":true,"href":"https:\/\/www.obispadorqta.org.ar\/v3\/wp-json\/wp\/v2\/users\/1"}],"replies":[{"embeddable":true,"href":"https:\/\/www.obispadorqta.org.ar\/v3\/wp-json\/wp\/v2\/comments?post=1075"}],"version-history":[{"count":0,"href":"https:\/\/www.obispadorqta.org.ar\/v3\/wp-json\/wp\/v2\/posts\/1075\/revisions"}],"wp:attachment":[{"href":"https:\/\/www.obispadorqta.org.ar\/v3\/wp-json\/wp\/v2\/media?parent=1075"}],"wp:term":[{"taxonomy":"category","embeddable":true,"href":"https:\/\/www.obispadorqta.org.ar\/v3\/wp-json\/wp\/v2\/categories?post=1075"},{"taxonomy":"post_tag","embeddable":true,"href":"https:\/\/www.obispadorqta.org.ar\/v3\/wp-json\/wp\/v2\/tags?post=1075"}],"curies":[{"name":"wp","href":"https:\/\/api.w.org\/{rel}","templated":true}]}}