{"id":1076,"date":"2015-06-05T15:04:31","date_gmt":"2015-06-05T15:04:31","guid":{"rendered":"http:\/\/www.obispadorqta.org.ar\/v3\/periodistasdia\/"},"modified":"2015-06-05T15:04:31","modified_gmt":"2015-06-05T15:04:31","slug":"periodistasdia","status":"publish","type":"post","link":"https:\/\/www.obispadorqta.org.ar\/v3\/periodistasdia\/","title":{"rendered":"SALUDO A LOS PERIODISTAS"},"content":{"rendered":"<div style=\"text-align: center\"><img loading=\"lazy\" decoding=\"async\" src=\"https:\/\/scontent-gru1-1.xx.fbcdn.net\/hphotos-xtf1\/v\/t1.0-9\/11412384_811314418965051_647851527194589426_n.jpg?oh=65cea799ca5df232898bce9d73d94a59&#038;oe=55F68823\" border=\"0\" width=\"400\" height=\"319\" \/><\/div>\n<div>\u00a0<\/div>\n<div>\u00a0<\/div>\n<div style=\"text-align: justify\">Les dec\u00eda el Papa Francisco a los periodistas a comienzos de su pontificado:<\/div>\n<div style=\"text-align: justify\">\u201cEl trabajo de ustedes requiere estudio, sensibilidad y experiencia, como en tantas otras profesiones, pero implica una atenci\u00f3n especial respecto a la verdad, la bondad y la belleza; y esto nos hace particularmente cercanos, porque la Iglesia existe precisamente para comunicar esto: la Verdad, la Bondad y la Belleza \u2018en persona\u2019\u201d (16 de Marzo de 2013).<\/div>\n<div style=\"text-align: justify\">Al celebrarse el pr\u00f3ximo domingo 7 de Junio el d\u00eda del periodista, quiero hacerles llegar mi saludo cordial y expresarle mi cercan\u00eda en su labor cotidiana, consciente de que estamos unidos por esta triple misi\u00f3n a la que se refiere nuestro querido Papa.<\/div>\n<div style=\"text-align: justify\">Dios los bendiga, bendiga sus familias y su servicio a la comunicaci\u00f3n.\u00a0<\/div>\n<div><\/div>\n<div style=\"text-align: right\">Mons. \u00c1ngel Jos\u00e9 Mac\u00edn<\/div>\n<div style=\"text-align: right\">Obispo de Reconquista<\/div>\n<div><\/div>\n","protected":false},"excerpt":{"rendered":"<div class=\"mh-excerpt\"><p>\u00a0 \u00a0 Les dec\u00eda el Papa Francisco a los periodistas a comienzos de su pontificado: \u201cEl trabajo de ustedes requiere estudio, sensibilidad y experiencia, como <a class=\"mh-excerpt-more\" href=\"https:\/\/www.obispadorqta.org.ar\/v3\/periodistasdia\/\" title=\"SALUDO A LOS PERIODISTAS\">[&#8230;]<\/a><\/p>\n<\/div>","protected":false},"author":1,"featured_media":0,"comment_status":"open","ping_status":"open","sticky":false,"template":"","format":"standard","meta":{"footnotes":""},"categories":[28],"tags":[],"class_list":["post-1076","post","type-post","status-publish","format-standard","hentry","category-latest-news"],"_links":{"self":[{"href":"https:\/\/www.obispadorqta.org.ar\/v3\/wp-json\/wp\/v2\/posts\/1076","targetHints":{"allow":["GET"]}}],"collection":[{"href":"https:\/\/www.obispadorqta.org.ar\/v3\/wp-json\/wp\/v2\/posts"}],"about":[{"href":"https:\/\/www.obispadorqta.org.ar\/v3\/wp-json\/wp\/v2\/types\/post"}],"author":[{"embeddable":true,"href":"https:\/\/www.obispadorqta.org.ar\/v3\/wp-json\/wp\/v2\/users\/1"}],"replies":[{"embeddable":true,"href":"https:\/\/www.obispadorqta.org.ar\/v3\/wp-json\/wp\/v2\/comments?post=1076"}],"version-history":[{"count":0,"href":"https:\/\/www.obispadorqta.org.ar\/v3\/wp-json\/wp\/v2\/posts\/1076\/revisions"}],"wp:attachment":[{"href":"https:\/\/www.obispadorqta.org.ar\/v3\/wp-json\/wp\/v2\/media?parent=1076"}],"wp:term":[{"taxonomy":"category","embeddable":true,"href":"https:\/\/www.obispadorqta.org.ar\/v3\/wp-json\/wp\/v2\/categories?post=1076"},{"taxonomy":"post_tag","embeddable":true,"href":"https:\/\/www.obispadorqta.org.ar\/v3\/wp-json\/wp\/v2\/tags?post=1076"}],"curies":[{"name":"wp","href":"https:\/\/api.w.org\/{rel}","templated":true}]}}