{"id":1079,"date":"2015-06-10T13:04:11","date_gmt":"2015-06-10T13:04:11","guid":{"rendered":"http:\/\/www.obispadorqta.org.ar\/v3\/ordenaci\/"},"modified":"2015-06-10T13:04:11","modified_gmt":"2015-06-10T13:04:11","slug":"ordenaci","status":"publish","type":"post","link":"https:\/\/www.obispadorqta.org.ar\/v3\/ordenaci\/","title":{"rendered":"Ordenaci\u00f3n Episcopal de Mons. Dante Braida"},"content":{"rendered":"<p style=\"font-family: Verdana, Arial, Helvetica, sans-serif; font-size: 12px; color: #666666; margin-top: 4px; margin-bottom: 4px; font-style: normal; font-variant: normal; font-weight: normal; letter-spacing: normal; line-height: normal; text-align: start; text-indent: 0px; text-transform: none; white-space: normal; widows: 1; word-spacing: 0px; background-color: #ffffff\">&nbsp;<\/p>\n<div style=\"text-align: center\"><img loading=\"lazy\" decoding=\"async\" src=\"http:\/\/www.arquimendoza.org.ar\/fotosparroquias\/nove_fotitoOrdMonsBraida2.jpg\" border=\"0\" width=\"300\" height=\"74\" \/><\/div>\n<div align=\"justify\"><font style=\"font-family: Verdana, Arial, Helvetica, sans-serif; font-size: 10px\" color=\"#000000\">El pr\u00f3ximo viernes, 12 de junio,<span class=\"Apple-converted-space\">\u00a0<\/span><em>Solemnidad del Sagrado Coraz\u00f3n de Jes\u00fas<\/em>, el nuevo<span class=\"Apple-converted-space\">\u00a0<\/span><a href=\"http:\/\/www.arquimendoza.org.ar\/mailing\/OrdDanteBraida.jpg\"><strong style=\"font-family: Verdana, Arial, Helvetica, sans-serif; font-weight: bold\">Obispo Auxiliar de Mendoza, mons. Dante Braida<\/strong><\/a><span class=\"Apple-converted-space\">\u00a0<\/span>ser\u00e1 ordenado episcopalmente por mons. Carlos Mar\u00eda Franzini (Arzobispo de Mendoza), mons. \u00c1ngel Jos\u00e9 Mac\u00edn (Obispo de Reconquista) y mons. Mart\u00edn Fassi (Obispo Auxiliar de San Isidro)<\/font><\/div>\n<div align=\"justify\">\u00a0<\/div>\n<div align=\"justify\"><font color=\"#000000\">La celebraci\u00f3n eucar\u00edstica en la que se lo ordenar\u00e1 tendr\u00e1 lugar en la Parroquia Nuestra Se\u00f1ora de los Dolores y Tr\u00e1nsito de San Jos\u00e9, a partir de las 20hs.<\/font><\/div>\n<div align=\"justify\">\u00a0<\/div>\n<div align=\"justify\"><font color=\"#000000\">La frase elegida por mons. Braida para ser parte del escudo episcopal reza:<span class=\"Apple-converted-space\">\u00a0<\/span><em>\u201cLa paz est\u00e9 con ustedes\u201d<\/em><span class=\"Apple-converted-space\">\u00a0<\/span>y fue tomada del Evangelio de Lucas 24, 36.<\/font><\/div>\n<div align=\"justify\">\u00a0<\/div>\n<div align=\"justify\"><font color=\"#000000\">El pasado 11 de abril, el nuncio apost\u00f3lico, mons. Emil Paul Tscherrig, informaba que el Papa Francisco hab\u00eda nombrado como obispo titular de Tanudaia y auxiliar de la arquidi\u00f3cesis de Mendoza al presb\u00edtero Dante Gustavo Braida, santafesino de 46 a\u00f1os, vicario general de la di\u00f3cesis de Reconquista. La noticia se daba a conocer simult\u00e1neamente en Buenos Aires y en Roma.<span class=\"Apple-converted-space\"> <\/span><\/font><\/div>\n<div align=\"justify\">\u00a0<\/div>\n<div align=\"justify\"><font color=\"#000000\">Desde hace casi dos meses de haberse hecho p\u00fablica esta noticia, toda la Iglesia de Mendoza ha estado esperando con gran j\u00fabilo el momento de su venida y ordenaci\u00f3n episcopal, prepar\u00e1ndose con oraciones y materiales catequ\u00edsticos distribuidos en las comunidades parroquiales, colegios y movimientos de la Di\u00f3cesis.<\/font><\/div>\n<p><font color=\"#000000\">Todos cordialmente invitados. <\/font><\/p>\n<p>&nbsp;<\/p>\n<p style=\"font-family: Verdana, Arial, Helvetica, sans-serif; font-size: 10px; font-style: normal; line-height: normal; text-transform: none; font-weight: normal; font-variant: normal; color: #666666; word-spacing: 0px; letter-spacing: normal; text-align: start; text-indent: 0px; white-space: normal; margin-top: 4px; margin-bottom: 4px; background-color: #ffffff\" class=\"arqui Estilo1\"><strong style=\"font-family: Verdana, Arial, Helvetica, sans-serif; font-weight: bold; color: #385a80\">Parroquia Nuestra Se\u00f1ora de los Dolores y Tr\u00e1nsito de San Jos\u00e9<\/strong><br \/>Roque S\u00e1enz Pe\u00f1a 464 &#8211; Ciudad de Mendoza<\/p>\n","protected":false},"excerpt":{"rendered":"<div class=\"mh-excerpt\"><p style=\"font-family: Verdana, Arial, Helvetica, sans-serif; font-size: 12px; color: #666666; margin-top: 4px; margin-bottom: 4px; font-style: normal; font-variant: normal; font-weight: normal; letter-spacing: normal; line-height: normal; text-align: start; text-indent: 0px; text-transform: none; white-space: normal; widows: 1; word-spacing: 0px; background-color: #ffffff\">&nbsp;<\/p>\n<div style=\"text-align: center\"><img loading=\"lazy\" decoding=\"async\" src=\"http:\/\/www.arquimendoza.org.ar\/fotosparroquias\/nove_fotitoOrdMonsBraida2.jpg\" border=\"0\" width=\"300\" height=\"74\" \/><\/div>\n<div align=\"justify\"><font style=\"font-family: Verdana, Arial, Helvetica, sans-serif; font-size: 10px\" color=\"#000000\">El pr\u00f3ximo viernes, 12 de junio,<span class=\"Apple-converted-space\">\u00a0<\/span><em>Solemnidad del Sagrado Coraz\u00f3n de Jes\u00fas<\/em>, el nuevo<span class=\"Apple-converted-space\">\u00a0<\/span><a href=\"http:\/\/www.arquimendoza.org.ar\/mailing\/OrdDanteBraida.jpg\"><strong style=\"font-family: Verdana, Arial, Helvetica, sans-serif; font-weight: bold\">Obispo Auxiliar de Mendoza, mons. Dante Braida<\/strong><\/a><span class=\"Apple-converted-space\">\u00a0<\/span>ser\u00e1 ordenado episcopalmente por mons. Carlos Mar\u00eda Franzini (Arzobispo de Mendoza), mons. \u00c1ngel Jos\u00e9 Mac\u00edn (Obispo de Reconquista) y mons. Mart\u00edn Fassi (Obispo Auxiliar de San Isidro)<\/font><\/div>\n<\/div>","protected":false},"author":1,"featured_media":0,"comment_status":"open","ping_status":"open","sticky":false,"template":"","format":"standard","meta":{"footnotes":""},"categories":[28],"tags":[],"class_list":["post-1079","post","type-post","status-publish","format-standard","hentry","category-latest-news"],"_links":{"self":[{"href":"https:\/\/www.obispadorqta.org.ar\/v3\/wp-json\/wp\/v2\/posts\/1079","targetHints":{"allow":["GET"]}}],"collection":[{"href":"https:\/\/www.obispadorqta.org.ar\/v3\/wp-json\/wp\/v2\/posts"}],"about":[{"href":"https:\/\/www.obispadorqta.org.ar\/v3\/wp-json\/wp\/v2\/types\/post"}],"author":[{"embeddable":true,"href":"https:\/\/www.obispadorqta.org.ar\/v3\/wp-json\/wp\/v2\/users\/1"}],"replies":[{"embeddable":true,"href":"https:\/\/www.obispadorqta.org.ar\/v3\/wp-json\/wp\/v2\/comments?post=1079"}],"version-history":[{"count":0,"href":"https:\/\/www.obispadorqta.org.ar\/v3\/wp-json\/wp\/v2\/posts\/1079\/revisions"}],"wp:attachment":[{"href":"https:\/\/www.obispadorqta.org.ar\/v3\/wp-json\/wp\/v2\/media?parent=1079"}],"wp:term":[{"taxonomy":"category","embeddable":true,"href":"https:\/\/www.obispadorqta.org.ar\/v3\/wp-json\/wp\/v2\/categories?post=1079"},{"taxonomy":"post_tag","embeddable":true,"href":"https:\/\/www.obispadorqta.org.ar\/v3\/wp-json\/wp\/v2\/tags?post=1079"}],"curies":[{"name":"wp","href":"https:\/\/api.w.org\/{rel}","templated":true}]}}