{"id":1081,"date":"2015-06-16T11:43:59","date_gmt":"2015-06-16T11:43:59","guid":{"rendered":"http:\/\/www.obispadorqta.org.ar\/v3\/avisos-parroquiales-10\/"},"modified":"2015-06-16T11:43:59","modified_gmt":"2015-06-16T11:43:59","slug":"avisos-parroquiales-10","status":"publish","type":"post","link":"https:\/\/www.obispadorqta.org.ar\/v3\/avisos-parroquiales-10\/","title":{"rendered":"AVISOS PARROQUIALES"},"content":{"rendered":"<div style=\"text-align: center\"><img loading=\"lazy\" decoding=\"async\" src=\"https:\/\/scontent-gru1-1.xx.fbcdn.net\/hphotos-xfp1\/v\/t1.0-9\/11057347_815642128532280_161050349496827675_n.jpg?oh=3b5c87ab1ac8e78930afe4af76f0f9e3&#038;oe=55EC02EA\" border=\"0\" width=\"350\" height=\"254\" \/> <\/div>\n<p><font color=\"#000080\"><strong><u><font style=\"font-family: Geneva, Arial, Helvetica, sans-serif; font-size: 14px; font-style: normal; line-height: normal\">PARROQUIA \u00abINMACULADA CONCEPCI\u00d3N\u00bb &#8211; RECONQUISTA<br \/><\/font><\/u><\/strong><\/font><\/p>\n<div align=\"justify\"><font style=\"font-family: Verdana, Arial, Helvetica, sans-serif; font-size: 10px; font-style: normal; line-height: normal\" color=\"#000000\"><strong>COLECTA DE C\u00c1RITAS:<\/strong> hasta fin de este mes se contin\u00faan recibiendo en Secretar\u00eda sobres y colaboraci\u00f3n para la colecta anual de C\u00e1ritas.<\/font><\/div>\n<div align=\"justify\"><font color=\"#000000\"><font style=\"font-family: Verdana, Arial, Helvetica, sans-serif; font-size: 10px; font-style: normal; line-height: normal\"><strong>APOSTOLADO DE LA ORACION:<\/strong> se reunir\u00e1 el mi\u00e9rcoles 17 de junio a las 16:00 Hs en el sal\u00f3n Parroquial.<\/font><\/font><\/div>\n<div align=\"justify\"><font color=\"#000000\"><font style=\"font-family: Verdana, Arial, Helvetica, sans-serif; font-size: 10px; font-style: normal; line-height: normal\"><strong>REZO DEL ROSARIO ILUMINADO:<\/strong> se invita a rezar el rosario en Catedral el jueves 18 a las 18:00hs. <\/font><\/font><\/div>\n<div align=\"justify\"><font color=\"#000000\"><font style=\"font-family: Verdana, Arial, Helvetica, sans-serif; font-size: 10px; font-style: normal; line-height: normal\"><strong>DIA DE LA BANDERA: <\/strong>rezaremos por nuestra patria y por todos los que vivimos bajo esta misma bandera, en las misas del s\u00e1bado 20.<\/font><\/font><\/div>\n<div align=\"justify\">\u00a0<\/div>\n<div align=\"justify\"><font color=\"#000000\"><u><strong><font style=\"font-family: Verdana, Arial, Helvetica, sans-serif; font-size: 10px; font-style: normal; line-height: normal\">MISAS DE LA SEMANA<\/font><\/strong><\/u><br \/><strong><font style=\"font-family: Verdana, Arial, Helvetica, sans-serif; font-size: 10px; font-style: normal; line-height: normal\">Martes 16 al Viernes 19<\/font><\/strong><br \/><font style=\"font-family: Verdana, Arial, Helvetica, sans-serif; font-size: 10px; font-style: normal; line-height: normal\">06:30\u00a0\u00a0 Catedral <\/font><br \/><font style=\"font-family: Verdana, Arial, Helvetica, sans-serif; font-size: 10px; font-style: normal; line-height: normal\">19:15\u00a0\u00a0 Catedral<\/font><br \/><strong><font style=\"font-family: Verdana, Arial, Helvetica, sans-serif; font-size: 10px; font-style: normal; line-height: normal\">S\u00e1bado 20<\/font><\/strong><br \/><font style=\"font-family: Verdana, Arial, Helvetica, sans-serif; font-size: 10px; font-style: normal; line-height: normal\">17:30\u00a0\u00a0 Capilla Buen Pastor (Bo. Noreste) <\/font><br \/><font style=\"font-family: Verdana, Arial, Helvetica, sans-serif; font-size: 10px; font-style: normal; line-height: normal\">18:30\u00a0\u00a0 Capilla Transfiguraci\u00f3n del Se\u00f1or (Bo. Fraternidad)<\/font><br \/><font style=\"font-family: Verdana, Arial, Helvetica, sans-serif; font-size: 10px; font-style: normal; line-height: normal\">19:00\u00a0\u00a0 Catedral <\/font><br \/><font style=\"font-family: Verdana, Arial, Helvetica, sans-serif; font-size: 10px; font-style: normal; line-height: normal\">20:00\u00a0\u00a0 Capilla Esp\u00edritu Santo (Bo. San Mart\u00edn)<\/font><br \/><strong><font style=\"font-family: Verdana, Arial, Helvetica, sans-serif; font-size: 10px; font-style: normal; line-height: normal\">Domingo 21<\/font><\/strong><br \/><font style=\"font-family: Verdana, Arial, Helvetica, sans-serif; font-size: 10px; font-style: normal; line-height: normal\">09:00\u00a0\u00a0 Capilla Jes\u00fas de la Buena Esperanza (Bo. Las Ranas)<\/font><br \/><font style=\"font-family: Verdana, Arial, Helvetica, sans-serif; font-size: 10px; font-style: normal; line-height: normal\">10:30\u00a0\u00a0 Catedral<\/font><br \/><font style=\"font-family: Verdana, Arial, Helvetica, sans-serif; font-size: 10px; font-style: normal; line-height: normal\">19:00\u00a0\u00a0 Catedral<\/font><br \/><\/font><font style=\"font-family: Verdana, Arial, Helvetica, sans-serif; font-size: 10px; font-style: normal; line-height: normal\" color=\"#000000\">19:00\u00a0\u00a0 Capilla Virgen de Itat\u00ed (Bo Sarmiento) <\/font><\/div>\n<div align=\"justify\" style=\"font-family: Verdana, Arial, Helvetica, sans-serif; font-size: 12px; font-style: normal; line-height: normal\">\u00a0<\/div>\n<div align=\"justify\" style=\"font-family: Verdana, Arial, Helvetica, sans-serif; font-size: 10px; font-style: normal; line-height: normal\">\u00a0<\/div>\n<div align=\"justify\" style=\"font-family: Verdana, Arial, Helvetica, sans-serif; font-size: 10px; font-style: normal; line-height: normal\"><font color=\"#000080\"><strong><u><font style=\"font-family: Geneva, Arial, Helvetica, sans-serif; font-size: 14px; font-style: normal; line-height: normal\">PARROQUIA \u00abNUESTRA SE\u00d1ORA DE LA MERCED\u00bb &#8211; AVELLANEDA<\/font><\/u><\/strong><\/font><\/div>\n<div align=\"justify\" style=\"font-family: Verdana, Arial, Helvetica, sans-serif; font-size: 10px; font-style: normal; line-height: normal\">\u00a0<\/div>\n<div align=\"justify\" style=\"font-family: Verdana, Arial, Helvetica, sans-serif; font-size: 10px; font-style: normal; line-height: normal\"><font color=\"#000000\"><u><strong>Jueves 18<\/strong><\/u><br \/>18.30\u00a0\u00a0 Adoraci\u00f3n por las vocaciones. Ese d\u00eda NO hay Misa en el Templo.<br \/>20.00\u00a0\u00a0 Misa en B\u00b0 Libertad. Luego reuni\u00f3n con la comisi\u00f3n de la Capilla.<\/font><\/div>\n<div align=\"justify\" style=\"font-family: Verdana, Arial, Helvetica, sans-serif; font-size: 10px; font-style: normal; line-height: normal\">\u00a0<\/div>\n<div align=\"justify\" style=\"font-family: Verdana, Arial, Helvetica, sans-serif; font-size: 10px; font-style: normal; line-height: normal\"><font color=\"#000000\"><u><strong>Viernes 19<\/strong><\/u><br \/>19.30\u00a0\u00a0 Misa Templo.<br \/>20.00\u00a0\u00a0 Misa B\u00b0 Itat\u00ed. <\/font><\/div>\n<div align=\"justify\" style=\"font-family: Verdana, Arial, Helvetica, sans-serif; font-size: 10px; font-style: normal; line-height: normal\">\u00a0<\/div>\n<div align=\"justify\" style=\"font-family: Verdana, Arial, Helvetica, sans-serif; font-size: 10px; font-style: normal; line-height: normal\"><font color=\"#000000\"><u><strong>S\u00e1bado 20<\/strong><\/u><br \/>15.00\u00a0\u00a0 Seminario de Vida en B\u00b0 Belgrano.<br \/>18.30\u00a0\u00a0 Misa Santa Ana y Barrio Libertad celebrando su fiesta Patronal<br \/>20.00\u00a0\u00a0 Misa Guadalupe Norte y Templo<\/font><\/div>\n<div align=\"justify\" style=\"font-family: Verdana, Arial, Helvetica, sans-serif; font-size: 10px; font-style: normal; line-height: normal\">\u00a0<\/div>\n<div align=\"justify\" style=\"font-family: Verdana, Arial, Helvetica, sans-serif; font-size: 10px; font-style: normal; line-height: normal\"><font color=\"#000000\"><u><strong>Domingo 21<\/strong><\/u><br \/>09.30\u00a0\u00a0 Misa Cementerio <br \/>18.30\u00a0\u00a0 Misa Port Arthur<br \/>20:00\u00a0\u00a0 Misa Templo<\/font><\/div>\n<div align=\"justify\" style=\"font-family: Verdana, Arial, Helvetica, sans-serif; font-size: 10px; font-style: normal; line-height: normal\">\u00a0<\/div>\n<div align=\"justify\" style=\"font-family: Verdana, Arial, Helvetica, sans-serif; font-size: 10px; font-style: normal; line-height: normal\"><font color=\"#000000\"><strong>CAMPA\u00d1A AYUDA PARA EL SEMINARIO: <\/strong>Como todos los a\u00f1os el mes de Junio corresponde a la Di\u00f3cesis de Reconquista realizar esta campa\u00f1a entre los fieles en la que se recolectar\u00e1n \u00a0<br \/>\u00b7\u00a0\u00a0\u00a0 ART\u00cdCULOS DE LIMPIEZA <br \/>\u00b7\u00a0\u00a0\u00a0 ART\u00cdCULOS DE HIGIENE PERSONAL <br \/>\u00b7\u00a0\u00a0\u00a0 ALIMENTOS <br \/>\u00b7\u00a0\u00a0\u00a0 ART\u00cdCULOS DE LIBRER\u00cdA<br \/>\u00b7\u00a0\u00a0\u00a0 DONACIONES EN DINERO<br \/>Tambi\u00e9n se encuentran en Librer\u00eda Parroquial las Becas para el Seminario. Agradecemos su aporte solidario<\/font><\/div>\n<div align=\"justify\" style=\"font-family: Verdana, Arial, Helvetica, sans-serif; font-size: 10px; font-style: normal; line-height: normal\">\u00a0<\/div>\n<div align=\"justify\" style=\"font-family: Verdana, Arial, Helvetica, sans-serif; font-size: 10px; font-style: normal; line-height: normal\">\u00a0<\/div>\n<div align=\"justify\"><font color=\"#000080\"><strong><u><font style=\"font-family: Geneva, Arial, Helvetica, sans-serif; font-size: 14px; font-style: normal; line-height: normal\">PARROQUIA \u00abMAR\u00cdA MADRE DE DIOS\u00bb &#8211; RECONQUISTA<\/font><\/u><\/strong><\/font><\/div>\n<div align=\"justify\">\u00a0<\/div>\n<div align=\"justify\" style=\"font-family: Verdana, Arial, Helvetica, sans-serif; font-size: 10px; font-style: normal; line-height: normal\"><font color=\"#000000\"><u><strong>Martes 16<\/strong><\/u><br \/>20:00\u00a0\u00a0 Reuni\u00f3n de catequistas de 2\u00ba a\u00f1o confirmaci\u00f3n.<\/font><\/div>\n<div align=\"justify\" style=\"font-family: Verdana, Arial, Helvetica, sans-serif; font-size: 10px; font-style: normal; line-height: normal\">\u00a0<\/div>\n<div align=\"justify\" style=\"font-family: Verdana, Arial, Helvetica, sans-serif; font-size: 10px; font-style: normal; line-height: normal\"><font color=\"#000000\"><u><strong>Mi\u00e9rcoles 17<\/strong><\/u><br \/>16:30\u00a0\u00a0 Misa en B\u00ba Pucar\u00e1 <\/font><\/div>\n<div align=\"justify\" style=\"font-family: Verdana, Arial, Helvetica, sans-serif; font-size: 10px; font-style: normal; line-height: normal\">\u00a0<\/div>\n<div align=\"justify\" style=\"font-family: Verdana, Arial, Helvetica, sans-serif; font-size: 10px; font-style: normal; line-height: normal\"><font color=\"#000000\"><u><strong>Jueves 18<\/strong><\/u><br \/>18:30\u00a0\u00a0 Adoraci\u00f3n al Sant\u00edsimo en el Templo Parroquial<br \/>19:30\u00a0\u00a0 Misa en el Templo Parroquial<\/font><\/div>\n<div align=\"justify\" style=\"font-family: Verdana, Arial, Helvetica, sans-serif; font-size: 10px; font-style: normal; line-height: normal\">\u00a0<\/div>\n<div align=\"justify\" style=\"font-family: Verdana, Arial, Helvetica, sans-serif; font-size: 10px; font-style: normal; line-height: normal\"><font color=\"#000000\"><u><strong>Viernes 19<\/strong><\/u><br \/>17:30\u00a0\u00a0 Misa en el Hospital Reconquista<\/font><\/div>\n<div align=\"justify\" style=\"font-family: Verdana, Arial, Helvetica, sans-serif; font-size: 10px; font-style: normal; line-height: normal\">\u00a0<\/div>\n<div align=\"justify\" style=\"font-family: Verdana, Arial, Helvetica, sans-serif; font-size: 10px; font-style: normal; line-height: normal\"><font color=\"#000000\"><u><strong>S\u00e1bado\u00a0 20<\/strong><\/u><br \/>16:00\u00a0\u00a0 Bautismo en B\u00ba Lanceros del Sauce<br \/>16:30\u00a0\u00a0 Por el d\u00eda del Padre misa en el Cementerio Municipal <br \/>18:00\u00a0\u00a0 Misa en B\u00ba Lanceros del Sauce<br \/>19:30\u00a0\u00a0 Misa en el Templo Parroquial. <br \/><\/font><br \/><font color=\"#000000\"><strong>Domingo 21 &#8211;<\/strong> <em>D\u00eda del padre saludamos y pedimos a Dios la bendici\u00f3n para todos los padres. <\/em><\/font><br \/><font color=\"#000000\">09:00\u00a0\u00a0 Misa en B\u00ba Nuevo &#8211; No hay misa en B\u00ba Moreno <br \/>10:00\u00a0\u00a0 Misa en B\u00ba Itati <br \/>19:30\u00a0\u00a0 Misa en el Templo Parroquial <\/font><\/div>\n<div align=\"justify\">\u00a0<\/div>\n<div align=\"justify\" style=\"font-family: Verdana, Arial, Helvetica, sans-serif; font-size: 10px; font-style: normal; line-height: normal\"><font color=\"#000080\"><strong><u><font style=\"font-family: Geneva, Arial, Helvetica, sans-serif; font-size: 14px; font-style: normal; line-height: normal\">PARROQUIA \u00abSAN JOS\u00c9\u00bb &#8211; RECONQUISTA<\/font><\/u><\/strong><\/font><\/div>\n<div align=\"justify\" style=\"font-family: Verdana, Arial, Helvetica, sans-serif; font-size: 10px; font-style: normal; line-height: normal\">\u00a0<\/div>\n<div align=\"justify\" style=\"font-family: Verdana, Arial, Helvetica, sans-serif; font-size: 10px; font-style: normal; line-height: normal\"><font color=\"#000000\"><strong>Martes 16 <\/strong>\u00a0\u00a0 <\/font><\/div>\n<div align=\"justify\" style=\"font-family: Verdana, Arial, Helvetica, sans-serif; font-size: 10px; font-style: normal; line-height: normal\"><font color=\"#000000\">17:30 Hs\u00a0\u00a0\u00a0\u00a0\u00a0\u00a0\u00a0 Adoraci\u00f3n Eucaristica y<br \/>18:30 hs\u00a0\u00a0\u00a0\u00a0\u00a0\u00a0\u00a0 Misa en el Templo.<\/font><\/div>\n<div align=\"justify\" style=\"font-family: Verdana, Arial, Helvetica, sans-serif; font-size: 10px; font-style: normal; line-height: normal\"><font color=\"#000000\">\u00a0<\/font><\/div>\n<div align=\"justify\" style=\"font-family: Verdana, Arial, Helvetica, sans-serif; font-size: 10px; font-style: normal; line-height: normal\"><font color=\"#000000\"><strong>Mi\u00e9rcoles 17 \u00a0<\/strong>\u00a0\u00a0\u00a0\u00a0\u00a0\u00a0\u00a0\u00a0\u00a0 <\/font><\/div>\n<div align=\"justify\" style=\"font-family: Verdana, Arial, Helvetica, sans-serif; font-size: 10px; font-style: normal; line-height: normal\"><font color=\"#000000\">17:30 hs\u00a0\u00a0\u00a0\u00a0\u00a0\u00a0\u00a0\u00a0 Misa en el Puerto.\u00a0\u00a0\u00a0 \u00a0\u00a0 <\/font><\/div>\n<div align=\"justify\" style=\"font-family: Verdana, Arial, Helvetica, sans-serif; font-size: 10px; font-style: normal; line-height: normal\"><font color=\"#000000\">\u00a0<\/font><\/div>\n<div align=\"justify\" style=\"font-family: Verdana, Arial, Helvetica, sans-serif; font-size: 10px; font-style: normal; line-height: normal\"><font color=\"#000000\"><strong>Jueves 18 \u00a0<\/strong>\u00a0\u00a0\u00a0\u00a0\u00a0\u00a0\u00a0\u00a0\u00a0\u00a0 <\/font><\/div>\n<div align=\"justify\" style=\"font-family: Verdana, Arial, Helvetica, sans-serif; font-size: 10px; font-style: normal; line-height: normal\"><font color=\"#000000\">18:30 hs\u00a0\u00a0\u00a0\u00a0 Misa en el Templo <br \/>20:00 HS\u00a0\u00a0\u00a0\u00a0 Adoraci\u00f3n Eucar\u00edstica en Casa Nazaret.\u00a0\u00a0\u00a0 \u00a0\u00a0 <\/font><\/div>\n<div align=\"justify\" style=\"font-family: Verdana, Arial, Helvetica, sans-serif; font-size: 10px; font-style: normal; line-height: normal\"><font color=\"#000000\">\u00a0<\/font><\/div>\n<div align=\"justify\" style=\"font-family: Verdana, Arial, Helvetica, sans-serif; font-size: 10px; font-style: normal; line-height: normal\"><font color=\"#000000\"><strong>Viernes 19<\/strong> \u00a0\u00a0\u00a0\u00a0 <\/font><\/div>\n<div align=\"justify\" style=\"font-family: Verdana, Arial, Helvetica, sans-serif; font-size: 10px; font-style: normal; line-height: normal\"><font color=\"#000000\">20:00 hs\u00a0\u00a0\u00a0\u00a0\u00a0\u00a0 Consejo Pastoral Parroquial en el Templo.\u00a0\u00a0\u00a0 \u00a0\u00a0 <\/font><\/div>\n<div align=\"justify\" style=\"font-family: Verdana, Arial, Helvetica, sans-serif; font-size: 10px; font-style: normal; line-height: normal\"><font color=\"#000000\">\u00a0<\/font><\/div>\n<div align=\"justify\" style=\"font-family: Verdana, Arial, Helvetica, sans-serif; font-size: 10px; font-style: normal; line-height: normal\"><strong><font color=\"#000000\">S\u00e1bado 20\u00a0 <\/font><\/strong><\/div>\n<div align=\"justify\" style=\"font-family: Verdana, Arial, Helvetica, sans-serif; font-size: 10px; font-style: normal; line-height: normal\"><font color=\"#000000\">18:00 hs\u00a0\u00a0\u00a0\u00a0\u00a0 Misa en\u00a0 Carmen Luisa. <br \/>18:30 hs\u00a0\u00a0\u00a0\u00a0\u00a0 Misa en el Templo.<br \/>20:00 hs\u00a0\u00a0\u00a0\u00a0\u00a0 Misa en la Esmeralda.\u00a0\u00a0\u00a0 \u00a0\u00a0 <\/font><\/div>\n<div align=\"justify\" style=\"font-family: Verdana, Arial, Helvetica, sans-serif; font-size: 10px; font-style: normal; line-height: normal\"><font color=\"#000000\">\u00a0<\/font><\/div>\n<div align=\"justify\" style=\"font-family: Verdana, Arial, Helvetica, sans-serif; font-size: 10px; font-style: normal; line-height: normal\"><font color=\"#000000\"><strong>Domingo 21 <\/strong>\u00a0 <br \/><\/font><\/div>\n<div align=\"justify\" style=\"font-family: Verdana, Arial, Helvetica, sans-serif; font-size: 10px; font-style: normal; line-height: normal\"><font color=\"#000000\"> 09:00 hs\u00a0\u00a0\u00a0\u00a0 Misa en Casa Nazaret<br \/>10:30 hs\u00a0\u00a0\u00a0\u00a0\u00a0 Misa en las Flores.<br \/>18:30 hs\u00a0\u00a0\u00a0\u00a0\u00a0 Misa en el Templo.\u00a0\u00a0\u00a0 \u00a0<br \/>\u00a0<\/font><\/div>\n<div align=\"justify\" style=\"font-family: Verdana, Arial, Helvetica, sans-serif; font-size: 10px; font-style: normal; line-height: normal\"> \u00a0\u00a0\u00a0\u00a0\u00a0\u00a0\u00a0\u00a0\u00a0\u00a0\u00a0\u00a0\u00a0\u00a0\u00a0\u00a0\u00a0\u00a0\u00a0\u00a0\u00a0\u00a0\u00a0\u00a0\u00a0\u00a0\u00a0\u00a0\u00a0\u00a0\u00a0\u00a0\u00a0\u00a0\u00a0\u00a0\u00a0\u00a0\u00a0\u00a0\u00a0\u00a0\u00a0\u00a0\u00a0\u00a0\u00a0\u00a0\u00a0\u00a0\u00a0\u00a0\u00a0\u00a0\u00a0\u00a0\u00a0\u00a0\u00a0\u00a0\u00a0\u00a0\u00a0 <\/div>\n<div align=\"justify\">\u00a0<\/div>\n<div align=\"justify\" style=\"font-family: Verdana, Arial, Helvetica, sans-serif; font-size: 10px; font-style: normal; line-height: normal\"><font color=\"#000080\"><strong><u><font style=\"font-family: Geneva, Arial, Helvetica, sans-serif; font-size: 14px; font-style: normal; line-height: normal\">PARROQUIA \u00abNUESTRA SE\u00d1ORA DEL HUERTO\u00bb &#8211; MALABRIGO<\/font><\/u><\/strong><\/font><\/div>\n<div align=\"justify\" style=\"font-family: Verdana, Arial, Helvetica, sans-serif; font-size: 10px; font-style: normal; line-height: normal\">\u00a0<font color=\"#000000\"><br \/><strong>Lunes 18<\/strong><br \/>18,00 hs Rezo del Rosario iluminado en barrio Santa Rosa<\/font><\/div>\n<div align=\"justify\" style=\"font-family: Verdana, Arial, Helvetica, sans-serif; font-size: 10px; font-style: normal; line-height: normal\">\u00a0<\/div>\n<div align=\"justify\" style=\"font-family: Verdana, Arial, Helvetica, sans-serif; font-size: 10px; font-style: normal; line-height: normal\"><font color=\"#000000\"><strong>Martes 19<\/strong><br \/>19,30 hs Misa\u00a0en el Templo<br \/><strong>Visita al Seminario \u00abLa Encarnaci\u00f3n\u00bb<\/strong>: El viaje programado para el 07 de junio se traslada al domingo 27 de septiembre para unirnos a la visita diocesana.<\/font><\/div>\n<div align=\"justify\" style=\"font-family: Verdana, Arial, Helvetica, sans-serif; font-size: 10px; font-style: normal; line-height: normal\">\u00a0<\/div>\n<div align=\"justify\" style=\"font-family: Verdana, Arial, Helvetica, sans-serif; font-size: 10px; font-style: normal; line-height: normal\"><font color=\"#000000\"><strong>Mi\u00e9rcoles 20<\/strong><br \/>17,30 hs Misa en el Hogar de Ancianos<br \/>19,30 hs Misa animada por la Renovaci\u00f3n Carism\u00e1tica<br \/><strong>Ordenaci\u00f3n Episcopal del padre Dante Braida<\/strong>:  Tendr\u00e1 lugar el 12 de junio en Mendoza. Misa de acci\u00f3n de gracias,  despedida y env\u00edo el lunes 25 de mayo a las 19,15 en la Catedral. Y  luego se compartir\u00e1 fraternalmente a la canasta. <\/font><\/div>\n<div align=\"justify\" style=\"font-family: Verdana, Arial, Helvetica, sans-serif; font-size: 10px; font-style: normal; line-height: normal\">\u00a0<\/div>\n<div align=\"justify\" style=\"font-family: Verdana, Arial, Helvetica, sans-serif; font-size: 10px; font-style: normal; line-height: normal\"><font color=\"#000000\"><strong>Jueves 21<\/strong> <br \/>16,00 hs Hora Santa por las vocaciones<br \/>19,30 hs Misa\u00a0en el Templo<br \/>21,00 hs Hora Santa por las vocaciones<\/font><\/div>\n<div align=\"justify\" style=\"font-family: Verdana, Arial, Helvetica, sans-serif; font-size: 10px; font-style: normal; line-height: normal\">\u00a0<\/div>\n<div align=\"justify\" style=\"font-family: Verdana, Arial, Helvetica, sans-serif; font-size: 10px; font-style: normal; line-height: normal\"><font color=\"#000000\"><strong>Viernes 22<\/strong><br \/>19,30 hs Misa\u00a0en el Templo<\/font><\/div>\n<div align=\"justify\" style=\"font-family: Verdana, Arial, Helvetica, sans-serif; font-size: 10px; font-style: normal; line-height: normal\">\u00a0<\/div>\n<div align=\"justify\" style=\"font-family: Verdana, Arial, Helvetica, sans-serif; font-size: 10px; font-style: normal; line-height: normal\"><font color=\"#000000\"><strong>S\u00e1bado 23<\/strong><br \/>19,00 hs Misa en el Templo<br \/>20,15 hs Matrimonio Bogar\u00edn \u2013 Pereyra<\/font><\/div>\n<div align=\"justify\" style=\"font-family: Verdana, Arial, Helvetica, sans-serif; font-size: 10px; font-style: normal; line-height: normal\">\u00a0<\/div>\n<div align=\"justify\" style=\"font-family: Verdana, Arial, Helvetica, sans-serif; font-size: 10px; font-style: normal; line-height: normal\"><font color=\"#000000\"><strong>Domingo 24<\/strong><br \/>08,30 hs Misa en Barrio Pellegrina<br \/>10,00 hs Misa en Berna<br \/>19,00 hs Misa en el Templo <\/font><\/div>\n<div align=\"justify\" style=\"font-family: Verdana, Arial, Helvetica, sans-serif; font-size: 10px; font-style: normal; line-height: normal\">\u00a0<\/div>\n<div align=\"justify\" style=\"font-family: Verdana, Arial, Helvetica, sans-serif; font-size: 10px; font-style: normal; line-height: normal\">\u00a0<\/div>\n<div style=\"font-family: Verdana, Arial, Helvetica, sans-serif; font-size: 10px; font-style: normal; line-height: normal\"><font color=\"#000080\"><strong><u><font style=\"font-family: Geneva, Arial, Helvetica, sans-serif; font-size: 14px; font-style: normal; line-height: normal\">PARROQUIA \u00abSAN LUIS GONZAGA\u00bb &#8211; CALCHAQU\u00cd<\/font><\/u><\/strong><\/font><\/div>\n<div style=\"font-family: Verdana, Arial, Helvetica, sans-serif; font-size: 10px; font-style: normal; line-height: normal\">\u00a0<\/div>\n<div style=\"font-family: Verdana, Arial, Helvetica, sans-serif; font-size: 10px; font-style: normal; line-height: normal\"><font color=\"#000000\"><u><strong>Lunes 15<\/strong><\/u><br \/>20:15 Misa en el Templo por los enfermos. Preside el Padre N\u00e9stor Vera.<br \/><em>El llamado, un estilo de vida.<\/em><\/p>\n<p><u><strong>Martes 16<\/strong><\/u><br \/>20:15 Misa en el Templo. Preside el Padre Armando Faccioli.<br \/><em>La vocaci\u00f3n, nuestro documento de identidad.<\/em><br \/>21:00 Ultreya de bienvenida del MCC.<\/p>\n<p><u><strong>Mi\u00e9rcoles 17<\/strong><\/u><br \/>20:15 Misa en el Templo. Preside el Padre Tom\u00e1s Spanghero.<br \/><em>El llamado a la reconciliaci\u00f3n, fuente de alegr\u00eda y unidad.<\/em><br \/>16:30 a 21: Confesiones en el Templo.<br \/>\u00a0<br \/><u><strong>Jueves 18<\/strong><\/u><br \/>20:15 Misa en el Templo. Preside el Padre Jorge Luis Duarte Paz (Pepi).<br \/><em>La vocaci\u00f3n y misi\u00f3n de la familia en la Iglesia y en el mundo.<\/em><br \/>21:00 Encuentro abierto de toda la comunidad: Los desaf\u00edos de la familia hoy, posibles respuestas. Anima la Comisi\u00f3n Diocesana de Pastoral Familiar.<\/p>\n<p><u><strong>Viernes 19<\/strong><\/u><br \/>20:15 Misa en el Templo. Preside el Padre Silvio Fabbro.<br \/><em>Jes\u00fas nos llama a estar con \u00c9l y nos env\u00eda a la misi\u00f3n.<\/em><br \/>21:00 a 22:00 Hora de Retiro Espiritual abierto a todos,guiado por el Padre Silvio.<\/p>\n<p><u><strong>S\u00e1bado 20<\/strong><\/u><br \/>19:00 Misa en el Templo. Preside el Padre Rolando Gonz\u00e1lez.<br \/><em>La vocaci\u00f3n, estilo de vida que se aprende en familia.<\/em><br \/>Bendici\u00f3n de todos los matrimonios que celebran sus aniversarios en junio.<\/p>\n<p><strong>Fiesta Patronal y celebraci\u00f3n del Jubileo de la Parroquia<br \/>Domingo 21 \u2013 San Luis Gonzaga<\/strong><br \/><em>Jes\u00fas nuestra alegr\u00eda, caminando lo anunciamos.<\/em><br \/>10:00 Procesi\u00f3n y Solemne Eucarist\u00eda en honor a San Luis Gonzaga presidida por nuestro Obispo \u00c1ngel Jos\u00e9 Mac\u00edn y celebraci\u00f3n del Jubileo Parroquial. Se invita a todas familias salir de las capillas de los barrios con el Patrono y carteles festivos. <br \/>Al final de la misa Indulgencia Plenaria otorgada por nuestro Obispo, renovaci\u00f3n de nuestra fe en Cristo Se\u00f1or, con san Luis Gonzaga y descubrimiento de la Cruz Jubilar y la Placa Recordatoria.<\/p>\n<p>11.30 Venta de asado, chorizos, empanadas y pasteles en Panader\u00eda \u201cG\u00f3mez\u201d.<br \/>14.30 Festejos Populares para las familias frente al Templo Parroquial.<br \/>Conjuntos musicales. Baile popular. Servicio de comidas. <br \/>Ya se encuentran disponibles en los supermercados y librer\u00edas de nuestra ciudad las cajas para la campa\u00f1a de alimentos y otros art\u00edculos para el seminario Interdiocesano \u201cLa Encarnaci\u00f3n\u201d.<\/font><br \/>\u00a0<\/div>\n<div align=\"justify\" style=\"font-family: Verdana, Arial, Helvetica, sans-serif; font-size: 10px; font-style: normal; line-height: normal\"><font color=\"#000000\">\u00a0<\/font><\/div>\n<div align=\"justify\" style=\"font-family: Verdana, Arial, Helvetica, sans-serif; font-size: 10px; font-style: normal; line-height: normal\">\u00a0<\/div>\n<div align=\"justify\" style=\"font-family: Verdana, Arial, Helvetica, sans-serif; font-size: 10px; font-style: normal; line-height: normal\"><font color=\"#000080\"><strong><u><font style=\"font-family: Geneva, Arial, Helvetica, sans-serif; font-size: 14px; font-style: normal; line-height: normal\">PARROQUIA \u00abSAN ROQUE\u00bb &#8211; MARGARITA<\/font><\/u><\/strong><\/font><\/div>\n<div align=\"justify\" style=\"font-family: Verdana, Arial, Helvetica, sans-serif; font-size: 10px; font-style: normal; line-height: normal\">\u00a0<\/div>\n<div align=\"justify\" style=\"font-family: Verdana, Arial, Helvetica, sans-serif; font-size: 10px; font-style: normal; line-height: normal\"><font style=\"font-family: Verdana, Arial, Helvetica, sans-serif; font-size: 10px; font-style: normal; line-height: normal\" color=\"#000000\"><u><strong>MARTES 16 DE JUNIO<\/strong><\/u><br \/>18:00\u00a0\u00a0 Rosario por todos los enfermos en el templo.<\/font><\/div>\n<div align=\"justify\" style=\"font-family: Verdana, Arial, Helvetica, sans-serif; font-size: 10px; font-style: normal; line-height: normal\">\u00a0<\/div>\n<div align=\"justify\" style=\"font-family: Verdana, Arial, Helvetica, sans-serif; font-size: 10px; font-style: normal; line-height: normal\"><font style=\"font-family: Verdana, Arial, Helvetica, sans-serif; font-size: 10px; font-style: normal; line-height: normal\" color=\"#000000\"><u><strong>JUEVES 18 DE JUNIO<\/strong><\/u><br \/>20:30\u00a0\u00a0 Evaluaci\u00f3n de los dos \u00faltimos Cursillos, en la parroquia.<\/font><\/div>\n<div align=\"justify\" style=\"font-family: Verdana, Arial, Helvetica, sans-serif; font-size: 10px; font-style: normal; line-height: normal\">\u00a0<\/div>\n<div align=\"justify\" style=\"font-family: Verdana, Arial, Helvetica, sans-serif; font-size: 10px; font-style: normal; line-height: normal\"><font style=\"font-family: Verdana, Arial, Helvetica, sans-serif; font-size: 10px; font-style: normal; line-height: normal\" color=\"#000000\"><u><strong>VIERNES 19 DE JUNIO<\/strong><\/u><br \/>07:30\u00a0\u00a0 Santa Misa en el templo<br \/>13:00\u00a0\u00a0 Celebraci\u00f3n en la Capilla de Itat\u00ed.<br \/>20:00\u00a0\u00a0 Encuentro Pre- Bautismal para padres y padrinos.<\/font><\/div>\n<div align=\"justify\" style=\"font-family: Verdana, Arial, Helvetica, sans-serif; font-size: 10px; font-style: normal; line-height: normal\">\u00a0<\/div>\n<div align=\"justify\" style=\"font-family: Verdana, Arial, Helvetica, sans-serif; font-size: 10px; font-style: normal; line-height: normal\"><font style=\"font-family: Verdana, Arial, Helvetica, sans-serif; font-size: 10px; font-style: normal; line-height: normal\" color=\"#000000\"><u><strong>S\u00c1BADO 20 DE JUNIO<\/strong><\/u><br \/>17:00\u00a0\u00a0 Bautismos<\/font><\/div>\n<div align=\"justify\" style=\"font-family: Verdana, Arial, Helvetica, sans-serif; font-size: 10px; font-style: normal; line-height: normal\">\u00a0<\/div>\n<div align=\"justify\" style=\"font-family: Verdana, Arial, Helvetica, sans-serif; font-size: 10px; font-style: normal; line-height: normal\"><font style=\"font-family: Verdana, Arial, Helvetica, sans-serif; font-size: 10px; font-style: normal; line-height: normal\" color=\"#000000\"><u><strong>DOMINGO 21 DE JUNIO<\/strong><\/u><br \/>19:00\u00a0\u00a0 Misa en el Templo.<\/font><\/div>\n<div align=\"justify\" style=\"font-family: Verdana, Arial, Helvetica, sans-serif; font-size: 10px; font-style: normal; line-height: normal\">\u00a0<\/div>\n<div align=\"justify\" style=\"font-family: Verdana, Arial, Helvetica, sans-serif; font-size: 10px; font-style: normal; line-height: normal\"><font style=\"font-family: Verdana, Arial, Helvetica, sans-serif; font-size: 10px; font-style: normal; line-height: normal\" color=\"#000000\">Esta semana seguir\u00e1 la inscripci\u00f3n para catequesis de comuni\u00f3n, confirmaci\u00f3n y matrimonio para adultos mayores de 18 a\u00f1os. Anotarse en secretar\u00eda parroquial.<\/p>\n<p>Se reciben donaciones para la campa\u00f1a de Alimentos y otros art\u00edculos para el seminario de nuestros futuros sacerdotes. Se ruega colaborar con alimentos no perecederos (fideos no), art\u00edculos de limpieza y de aseo personal.<\/p>\n<p>Se extiende por una semana m\u00e1s la Colecta Nacional + X \u2013 de C\u00e1ritas<\/font>. <\/div>\n<div align=\"justify\" style=\"font-family: Verdana, Arial, Helvetica, sans-serif; font-size: 10px; font-style: normal; line-height: normal\">\u00a0<\/div>\n","protected":false},"excerpt":{"rendered":"<div class=\"mh-excerpt\"><div style=\"text-align: center\"><img loading=\"lazy\" decoding=\"async\" src=\"https:\/\/scontent-gru1-1.xx.fbcdn.net\/hphotos-xfp1\/v\/t1.0-9\/11057347_815642128532280_161050349496827675_n.jpg?oh=3b5c87ab1ac8e78930afe4af76f0f9e3&#038;oe=55EC02EA\" border=\"0\" width=\"350\" height=\"254\" \/><\/p>\n<\/div>","protected":false},"author":1,"featured_media":0,"comment_status":"open","ping_status":"open","sticky":false,"template":"","format":"standard","meta":{"footnotes":""},"categories":[28],"tags":[],"class_list":["post-1081","post","type-post","status-publish","format-standard","hentry","category-latest-news"],"_links":{"self":[{"href":"https:\/\/www.obispadorqta.org.ar\/v3\/wp-json\/wp\/v2\/posts\/1081","targetHints":{"allow":["GET"]}}],"collection":[{"href":"https:\/\/www.obispadorqta.org.ar\/v3\/wp-json\/wp\/v2\/posts"}],"about":[{"href":"https:\/\/www.obispadorqta.org.ar\/v3\/wp-json\/wp\/v2\/types\/post"}],"author":[{"embeddable":true,"href":"https:\/\/www.obispadorqta.org.ar\/v3\/wp-json\/wp\/v2\/users\/1"}],"replies":[{"embeddable":true,"href":"https:\/\/www.obispadorqta.org.ar\/v3\/wp-json\/wp\/v2\/comments?post=1081"}],"version-history":[{"count":0,"href":"https:\/\/www.obispadorqta.org.ar\/v3\/wp-json\/wp\/v2\/posts\/1081\/revisions"}],"wp:attachment":[{"href":"https:\/\/www.obispadorqta.org.ar\/v3\/wp-json\/wp\/v2\/media?parent=1081"}],"wp:term":[{"taxonomy":"category","embeddable":true,"href":"https:\/\/www.obispadorqta.org.ar\/v3\/wp-json\/wp\/v2\/categories?post=1081"},{"taxonomy":"post_tag","embeddable":true,"href":"https:\/\/www.obispadorqta.org.ar\/v3\/wp-json\/wp\/v2\/tags?post=1081"}],"curies":[{"name":"wp","href":"https:\/\/api.w.org\/{rel}","templated":true}]}}