{"id":1083,"date":"2015-06-17T13:04:49","date_gmt":"2015-06-17T13:04:49","guid":{"rendered":"http:\/\/www.obispadorqta.org.ar\/v3\/jubileosvarios\/"},"modified":"2015-06-17T13:04:49","modified_gmt":"2015-06-17T13:04:49","slug":"jubileosvarios","status":"publish","type":"post","link":"https:\/\/www.obispadorqta.org.ar\/v3\/jubileosvarios\/","title":{"rendered":"Jubileos Parroquiales"},"content":{"rendered":"<div style=\"text-align: center\"><img loading=\"lazy\" decoding=\"async\" src=\"https:\/\/scontent-gru1-1.xx.fbcdn.net\/hphotos-xpa1\/v\/t1.0-9\/11169206_816516281778198_5203507692234613800_n.jpg?oh=60203357d3c9a923f829d8fa9db4349d&#038;oe=562635F4\" border=\"0\" width=\"380\" height=\"282\" \/><\/div>\n<div>\u00a0<\/div>\n<div style=\"text-align: justify\">En los pr\u00f3ximos d\u00edas con mucha alegr\u00eda viviremos cuatro jubileos parroquiales. En estas celebraciones, el Obispo Diocesano, Mons. \u00c1ngel Jos\u00e9 Mac\u00edn, impartir\u00e1 la bendici\u00f3n apost\u00f3lica con el don de la indulgencia plenaria.<\/div>\n<div style=\"text-align: justify\"><\/div>\n<div style=\"text-align: justify\"><strong>50 a\u00f1os de vida parroquial:<\/strong><\/div>\n<div style=\"text-align: justify\"><\/div>\n<div style=\"text-align: justify\">Parroquia \u00abLa Encarnaci\u00f3n del Se\u00f1or\u00bb de La Sarita, viernes 19 de junio 19:30 hs.<\/div>\n<div style=\"text-align: justify\"><\/div>\n<div style=\"text-align: justify\">Parroquia \u00abNuestra Se\u00f1ora de Guadalupe\u00bb de Intiyaco, domingo 21 de junio 18:00 hs.<\/div>\n<div style=\"text-align: justify\"><\/div>\n<div style=\"text-align: justify\"><strong>100 a\u00f1os de vida parroquial:<\/strong><\/div>\n<div style=\"text-align: justify\"><\/div>\n<div style=\"text-align: justify\">Parroquia \u00abSan Luis Gonzaga\u00bb de Calchaqu\u00ed, domingo 21 de junio 10:00 hs.<\/div>\n<div style=\"text-align: justify\"><\/div>\n<div style=\"text-align: justify\">Parroquia \u00abSan Juan Bautista\u00bb de Vera, mi\u00e9rcoles 24 de junio 19:30 hs.<\/div>\n","protected":false},"excerpt":{"rendered":"<div class=\"mh-excerpt\"><p>\u00a0 En los pr\u00f3ximos d\u00edas con mucha alegr\u00eda viviremos cuatro jubileos parroquiales. En estas celebraciones, el Obispo Diocesano, Mons. \u00c1ngel Jos\u00e9 Mac\u00edn, impartir\u00e1 la bendici\u00f3n <a class=\"mh-excerpt-more\" href=\"https:\/\/www.obispadorqta.org.ar\/v3\/jubileosvarios\/\" title=\"Jubileos Parroquiales\">[&#8230;]<\/a><\/p>\n<\/div>","protected":false},"author":1,"featured_media":0,"comment_status":"open","ping_status":"open","sticky":false,"template":"","format":"standard","meta":{"footnotes":""},"categories":[28],"tags":[],"class_list":["post-1083","post","type-post","status-publish","format-standard","hentry","category-latest-news"],"_links":{"self":[{"href":"https:\/\/www.obispadorqta.org.ar\/v3\/wp-json\/wp\/v2\/posts\/1083","targetHints":{"allow":["GET"]}}],"collection":[{"href":"https:\/\/www.obispadorqta.org.ar\/v3\/wp-json\/wp\/v2\/posts"}],"about":[{"href":"https:\/\/www.obispadorqta.org.ar\/v3\/wp-json\/wp\/v2\/types\/post"}],"author":[{"embeddable":true,"href":"https:\/\/www.obispadorqta.org.ar\/v3\/wp-json\/wp\/v2\/users\/1"}],"replies":[{"embeddable":true,"href":"https:\/\/www.obispadorqta.org.ar\/v3\/wp-json\/wp\/v2\/comments?post=1083"}],"version-history":[{"count":0,"href":"https:\/\/www.obispadorqta.org.ar\/v3\/wp-json\/wp\/v2\/posts\/1083\/revisions"}],"wp:attachment":[{"href":"https:\/\/www.obispadorqta.org.ar\/v3\/wp-json\/wp\/v2\/media?parent=1083"}],"wp:term":[{"taxonomy":"category","embeddable":true,"href":"https:\/\/www.obispadorqta.org.ar\/v3\/wp-json\/wp\/v2\/categories?post=1083"},{"taxonomy":"post_tag","embeddable":true,"href":"https:\/\/www.obispadorqta.org.ar\/v3\/wp-json\/wp\/v2\/tags?post=1083"}],"curies":[{"name":"wp","href":"https:\/\/api.w.org\/{rel}","templated":true}]}}