{"id":1086,"date":"2015-06-22T13:57:26","date_gmt":"2015-06-22T13:57:26","guid":{"rendered":"http:\/\/www.obispadorqta.org.ar\/v3\/cochemacin\/"},"modified":"2026-04-29T09:15:42","modified_gmt":"2026-04-29T12:15:42","slug":"cochemacin","status":"publish","type":"post","link":"https:\/\/www.obispadorqta.org.ar\/v3\/cochemacin\/","title":{"rendered":"Mons. \u00c1ngel Jos\u00e9 Mac\u00edn"},"content":{"rendered":"<p style=\"text-align: justify;\">Estudi\u00f3 filosof\u00eda y teolog\u00eda en el Seminario Interdiocesano \u201cLa Encarnaci\u00f3n\u201d entre 1985-1991.<\/p>\n<p style=\"text-align: justify;\">Ordenado sacerdote por la di\u00f3cesis de Reconquista, Santa Fe, en el a\u00f1o 1992.<\/p>\n<p style=\"text-align: justify;\">Profesor en Teolog\u00eda y Ciencias de la Religi\u00f3n por el Instituto Superior San Benito, Victoria, Entre R\u00edos.<\/p>\n<p style=\"text-align: justify;\">Licenciado en Teolog\u00eda, con especializaci\u00f3n en Sagrada Escritura, por la Universidad Cat\u00f3lica Argentina.<\/p>\n<p style=\"text-align: justify;\">Doctorando en Teolog\u00eda B\u00edblica en la Pontificia Universit\u00e0 San Tommaso d\u2019Aquino in Urbe (Angelicum).<\/p>\n<p style=\"text-align: justify;\">\n<ol style=\"text-align: justify;\">\n<li><strong>Servicios como sacerdote y obispo<\/strong><\/li>\n<\/ol>\n<p style=\"text-align: justify;\">\n<p style=\"text-align: justify;\">Como sacerdote, fue Vicario Parroquial de las parroquias Inmaculada Concepci\u00f3n (Villa Devoto, Buenos Aires) entre 1992-1994 y Santa Ana (Florencia, Santa Fe), entre 1994-2004. Fue Administrador Parroquial de la parroquia Sagrado Coraz\u00f3n (Villa Ana, Sante Fe), durante 2004-2005. Vicario Parroquial en la Parroquia Inmaculada Concepci\u00f3n (Villa Ocampo, Santa Fe), durante 2005-2006. P\u00e1rroco de la parroquia Nuestra Se\u00f1ora del Huerto (Malabrigo, Santa Fe), de 2007 a 2009. Delegado Episcopal para el diaconado permanente entre 2007-2009 y Asesor el movimiento \u201cCamino a Nazaret\u201d entre 2007-2009, siempre en la di\u00f3cesis de Reconquista.<\/p>\n<p style=\"text-align: justify;\">Entre agosto de 2009 y marzo de 2012 vivi\u00f3 en Roma, en el Colegio San Carlo y se dedic\u00f3 a completar sus estudios b\u00edblicos. Estuvo colaborando en parroquias de la di\u00f3cesis de Otranto, Fara Sabina y Poggio Mirteto. Tambi\u00e9n en la di\u00f3cesis de Como. Durante un tiempo estudio alem\u00e1n y residi\u00f3 en D\u00fcseldorff, acompa\u00f1ando una Misi\u00f3n Hispana.<\/p>\n<p style=\"text-align: justify;\">Volvi\u00f3 a Reconquista en 2012 y se hizo cargo como p\u00e1rroco de la Parroquia Ntra. Sra. de la Merced, de Avellaneda. A principios de mayo de 2013 fue elegido Administrador Diocesano, y en octubre fue nombrado sexto obispo de Reconquista por el Papa Francisco. Recibi\u00f3 la ordenaci\u00f3n episcopal el 24 de noviembre de 2013 y en la misma celebraci\u00f3n tom\u00f3 posesi\u00f3n de la misma. Actualmente sigue siendo obispo de esa Iglesia Particular.<\/p>\n<p style=\"text-align: justify;\">En la CEA, se desempe\u00f1\u00f3 como presidente de la Comisi\u00f3n de Pastoral Aborigen por dos per\u00edodos, presidente de la Comisi\u00f3n de Migrantes e Itinerantes, por un per\u00edodo. Hoy es presidente de la Comisi\u00f3n de Ecumenismo, Di\u00e1logo con el Juda\u00edsmo, el Islam y otras religiones.<\/p>\n<p style=\"text-align: justify;\">Particip\u00f3 del S\u00ednodo de la Amazonia, por nomina pontificia.\u00a0 En 2020 inici\u00f3 conversaciones para la creaci\u00f3n de una red territorial en la zona del Gran Chaco y Acu\u00edfero Guaran\u00ed. En 2022 se fund\u00f3 dicha red y fue elegido Coordinador Regional, cargo para el cual fue reelecto en la Asamblea de 2025 en Villa Montes, Bolivia, por un segundo per\u00edodo.<\/p>\n<p style=\"text-align: justify;\">A nivel regional fue Encargado del \u00e1rea de Juventud, por dos per\u00edodos, que se prolongaron por la Pandemia. Hoy es secretario regional y encargado del \u00e1rea de Misi\u00f3n y Evangelizaci\u00f3n.<\/p>\n<p style=\"text-align: justify;\">\n<p style=\"text-align: justify;\">\n<p style=\"text-align: justify;\">\n<ol style=\"text-align: justify;\" start=\"2\">\n<li><strong>Servicio Acad\u00e9mico<\/strong><\/li>\n<\/ol>\n<p style=\"text-align: justify;\">\n<p style=\"text-align: justify;\">En relaci\u00f3n a su actividad docente, se desempe\u00f1\u00f3 como profesor ayudante en la c\u00e1tedra de Or\u00edgenes Cristianos en la Facultad de Teolog\u00eda de la Universidad Cat\u00f3lica Argentina durante los a\u00f1os 1993-1994, acompa\u00f1ando al reconocido biblista argentino Luis Heriberto Rivas.<\/p>\n<p style=\"text-align: justify;\">Formador del Seminario Interdiocesano \u201cLa Encarnaci\u00f3n\u201d entre 1995-2006, desempe\u00f1\u00e1ndose en el cargo de Director de Estudios y Animador de la Vida Espiritual.<\/p>\n<p style=\"text-align: justify;\">Profesor de Nuevo Testamento del Seminario de San Nicol\u00e1s durante los a\u00f1os 1996-2001.<\/p>\n<p style=\"text-align: justify;\">Profesor de Antiguo Testamento del Seminario Interdiocesano \u201cLa Encarnaci\u00f3n\u201d desde el a\u00f1o 1994. Tambi\u00e9n fue profesor de San Juan. Actualmente est\u00e1 preparando un curso sobre Carta a los Hebreos.<\/p>\n<p style=\"text-align: justify;\">Profesor de Teolog\u00eda del Instituto Superior Incorporado \u201cSant\u00edsima Virgen Ni\u00f1a\u201d de Villa Ocampo, Santa Fe, los a\u00f1os 2005-2006.<\/p>\n<p style=\"text-align: justify;\">Profesor en la Escuela de Diaconado Permanente de la di\u00f3cesis de Goya, Corrientes, entre los a\u00f1os 2000-2008.<\/p>\n<p style=\"text-align: justify;\">Miembro de la Sociedad Argentina de Teolog\u00eda desde el a\u00f1o 1994, lugar en el que colabor\u00f3 con varias publicaciones.<\/p>\n<p style=\"text-align: justify;\">Miembro de la Asociaci\u00f3n de Biblistas Argentinos.<\/p>\n<p style=\"text-align: justify;\">Fue profesor invitado en la UNNE, como censor de tesis doctorales, y tambi\u00e9n de la UCA, para la misma funci\u00f3n.<\/p>\n<p style=\"text-align: justify;\">Dio cursos intensivos de Sagrada Escritura en Colombia, invitado por la Universidad Minuto de Dios, como as\u00ed tambi\u00e9n charlas y conferencias en diferentes lugares.<\/p>\n<p style=\"text-align: justify;\">\n<p style=\"text-align: justify;\"><strong>Publicaciones:<\/strong><\/p>\n<p style=\"text-align: justify;\">\n<ul style=\"text-align: justify;\">\n<li>MACIN, A.J., <em>El reino de los cielos revelado a los peque\u00f1os, Estudio sobre la figura de los <\/em><em>nhpi,oi<\/em><em> en Mt 11,25<\/em>, en FERNANDEZ, V.M. \u2013 GALLI, C.M. (Eds.), <em>Testigos y servidores de la Palabra (Lc 1,2) Homenaje a Luis Heriberto Rivas<\/em>, Editorial San Benito, Buenos Aires 2008, 89-100 (Extracto de su tesis de licenciatura).<\/li>\n<\/ul>\n<p style=\"text-align: justify;\">\n<ul style=\"text-align: justify;\">\n<li>MACIN, A.J., <em>Fraternidad y solidaridad en Mateo<\/em>, San Pablo, Buenos Aires<\/li>\n<\/ul>\n<p style=\"text-align: justify;\">\n<ul style=\"text-align: justify;\">\n<li>MACIN, A.J., <em>Fui un extra\u00f1o y ustedes me recibieron, Estudio exeg\u00e9tico-teol\u00f3gico de Mateo 25,31-46<\/em>, PUST, Roma 2012.<\/li>\n<\/ul>\n<p style=\"text-align: justify;\">\n<ul style=\"text-align: justify;\">\n<li>MACIN, A.J., <em>El sufrimiento del malvado en Sal 32,10<\/em>, Revista B\u00edblica 2014,3\/4, 101-115.<\/li>\n<\/ul>\n<p style=\"text-align: justify;\">\n<ul style=\"text-align: justify;\">\n<li>MACIN, A.J., <em>El pobre, lugar del encuentro entre la alegr\u00eda y la caridad en la obra lucana<\/em>, \u00c1gape Libros, Buenos Aires 2015.<\/li>\n<\/ul>\n<p style=\"text-align: justify;\">\n<ul style=\"text-align: justify;\">\n<li>MACIN, A.J., <em>Felices los mansos (Mt 5,5), Potencial Contracultural de una Bienaventuranza poco convencional<\/em>, PPC, 229-238, D\u2019AMICO, J.L. \u2013 MENDOZA, C., <em>La Palabra est\u00e1 muy cerca de ti, en tu Boca y en tu Coraz\u00f3n, Homenaje a Fray Gabriel N\u00e1pole<\/em>, PPC, Buenos Aires 2015.<\/li>\n<\/ul>\n<p style=\"text-align: justify;\">\n<ul style=\"text-align: justify;\">\n<li>S\u00d6DING, G.J. \u2013 MACIN, A.J., <em>Hospedar la Palabra, Resonancias de la Constituci\u00f3n Dei Verbum<\/em>, Agape Libros\/Editorial Guadalupe, Buenos Aires 2016.<\/li>\n<\/ul>\n<p style=\"text-align: justify;\">\n<ul style=\"text-align: justify;\">\n<li>MACIN, A.J., <em>Para pensar la fe<\/em>, 2 vols., Editorial Semanario Reconquista, Reconquista 2017-2018.<\/li>\n<\/ul>\n<p style=\"text-align: justify;\">\n<ul style=\"text-align: justify;\">\n<li>MACIN, A.J., <em>Evangelio y Vida<\/em>, Claretiana, Buenos Aires 2025.<\/li>\n<\/ul>\n<p style=\"text-align: justify;\">\n<p style=\"text-align: justify;\">Otros art\u00edculos y colaboraciones en Revista Nueva Evangelizaci\u00f3n, editada por el Seminario Interdiocesano \u201cLa Encarnaci\u00f3n\u201d. Varias recensiones en Revista B\u00edblica y colaboraci\u00f3n en varios trabajos desarrollados por el Grupo de Biblistas de la Sociedad Argentina de Teolog\u00eda. Ha escrito tambi\u00e9n otros art\u00edculos publicados en p\u00e1ginas digitales y pr\u00f3logos de algunas obras.<\/p>\n","protected":false},"excerpt":{"rendered":"<div class=\"mh-excerpt\"><p>Estudi\u00f3 filosof\u00eda y teolog\u00eda en el Seminario Interdiocesano \u201cLa Encarnaci\u00f3n\u201d entre 1985-1991. Ordenado sacerdote por la di\u00f3cesis de Reconquista, Santa Fe, en el a\u00f1o 1992. <a class=\"mh-excerpt-more\" href=\"https:\/\/www.obispadorqta.org.ar\/v3\/cochemacin\/\" title=\"Mons. \u00c1ngel Jos\u00e9 Mac\u00edn\">[&#8230;]<\/a><\/p>\n<\/div>","protected":false},"author":1,"featured_media":12016,"comment_status":"closed","ping_status":"open","sticky":false,"template":"","format":"standard","meta":{"footnotes":""},"categories":[56],"tags":[],"class_list":["post-1086","post","type-post","status-publish","format-standard","has-post-thumbnail","hentry","category-obispo-actual"],"_links":{"self":[{"href":"https:\/\/www.obispadorqta.org.ar\/v3\/wp-json\/wp\/v2\/posts\/1086","targetHints":{"allow":["GET"]}}],"collection":[{"href":"https:\/\/www.obispadorqta.org.ar\/v3\/wp-json\/wp\/v2\/posts"}],"about":[{"href":"https:\/\/www.obispadorqta.org.ar\/v3\/wp-json\/wp\/v2\/types\/post"}],"author":[{"embeddable":true,"href":"https:\/\/www.obispadorqta.org.ar\/v3\/wp-json\/wp\/v2\/users\/1"}],"replies":[{"embeddable":true,"href":"https:\/\/www.obispadorqta.org.ar\/v3\/wp-json\/wp\/v2\/comments?post=1086"}],"version-history":[{"count":4,"href":"https:\/\/www.obispadorqta.org.ar\/v3\/wp-json\/wp\/v2\/posts\/1086\/revisions"}],"predecessor-version":[{"id":12015,"href":"https:\/\/www.obispadorqta.org.ar\/v3\/wp-json\/wp\/v2\/posts\/1086\/revisions\/12015"}],"wp:featuredmedia":[{"embeddable":true,"href":"https:\/\/www.obispadorqta.org.ar\/v3\/wp-json\/wp\/v2\/media\/12016"}],"wp:attachment":[{"href":"https:\/\/www.obispadorqta.org.ar\/v3\/wp-json\/wp\/v2\/media?parent=1086"}],"wp:term":[{"taxonomy":"category","embeddable":true,"href":"https:\/\/www.obispadorqta.org.ar\/v3\/wp-json\/wp\/v2\/categories?post=1086"},{"taxonomy":"post_tag","embeddable":true,"href":"https:\/\/www.obispadorqta.org.ar\/v3\/wp-json\/wp\/v2\/tags?post=1086"}],"curies":[{"name":"wp","href":"https:\/\/api.w.org\/{rel}","templated":true}]}}