{"id":1087,"date":"2015-06-26T14:46:05","date_gmt":"2015-06-26T14:46:05","guid":{"rendered":"http:\/\/www.obispadorqta.org.ar\/v3\/luchatrafico\/"},"modified":"2015-06-26T14:46:05","modified_gmt":"2015-06-26T14:46:05","slug":"luchatrafico","status":"publish","type":"post","link":"https:\/\/www.obispadorqta.org.ar\/v3\/luchatrafico\/","title":{"rendered":"D\u00eda Internacional de la Lucha contra el uso indebido y el tr\u00e1fico il\u00edcito de drogas"},"content":{"rendered":"<div style=\"text-align: center\"><img loading=\"lazy\" decoding=\"async\" src=\"https:\/\/scontent-gru1-1.xx.fbcdn.net\/hphotos-xfa1\/v\/t1.0-9\/10351752_820901084673051_1569453540312729987_n.jpg?oh=b27c3519b9d0f49cb7cadd7ce5f8b2ae&#038;oe=55EE6EE9\" border=\"0\" width=\"400\" height=\"281\" \/><\/div>\n<div>\u00a0<\/div>\n<div><span style=\"color: #141823; font-family: helvetica, arial, sans-serif; font-size: 13px; line-height: 18px\">En el siguiente link compartimos un texto realizado por el grupo Santa M\u00f3nica en relaci\u00f3n al D\u00eda Internacional de la Lucha contra el uso indebido y el tr\u00e1fico il\u00edcito de drogas:<\/span><\/div>\n<p><a href=\"https:\/\/www.dropbox.com\/s\/2potslag02fgril\/26%20de%20Junio.docx?dl=0\" target=\"_blank\" rel=\"nofollow nofollow\">https:\/\/www.dropbox.com\/s\/2potslag02fgril\/26%20de%20Junio.docx?dl=0<\/a><\/p>\n","protected":false},"excerpt":{"rendered":"<div class=\"mh-excerpt\"><p>\u00a0 En el siguiente link compartimos un texto realizado por el grupo Santa M\u00f3nica en relaci\u00f3n al D\u00eda Internacional de la Lucha contra el uso <a class=\"mh-excerpt-more\" href=\"https:\/\/www.obispadorqta.org.ar\/v3\/luchatrafico\/\" title=\"D\u00eda Internacional de la Lucha contra el uso indebido y el tr\u00e1fico il\u00edcito de drogas\">[&#8230;]<\/a><\/p>\n<\/div>","protected":false},"author":1,"featured_media":0,"comment_status":"open","ping_status":"open","sticky":false,"template":"","format":"standard","meta":{"footnotes":""},"categories":[28],"tags":[],"class_list":["post-1087","post","type-post","status-publish","format-standard","hentry","category-latest-news"],"_links":{"self":[{"href":"https:\/\/www.obispadorqta.org.ar\/v3\/wp-json\/wp\/v2\/posts\/1087","targetHints":{"allow":["GET"]}}],"collection":[{"href":"https:\/\/www.obispadorqta.org.ar\/v3\/wp-json\/wp\/v2\/posts"}],"about":[{"href":"https:\/\/www.obispadorqta.org.ar\/v3\/wp-json\/wp\/v2\/types\/post"}],"author":[{"embeddable":true,"href":"https:\/\/www.obispadorqta.org.ar\/v3\/wp-json\/wp\/v2\/users\/1"}],"replies":[{"embeddable":true,"href":"https:\/\/www.obispadorqta.org.ar\/v3\/wp-json\/wp\/v2\/comments?post=1087"}],"version-history":[{"count":0,"href":"https:\/\/www.obispadorqta.org.ar\/v3\/wp-json\/wp\/v2\/posts\/1087\/revisions"}],"wp:attachment":[{"href":"https:\/\/www.obispadorqta.org.ar\/v3\/wp-json\/wp\/v2\/media?parent=1087"}],"wp:term":[{"taxonomy":"category","embeddable":true,"href":"https:\/\/www.obispadorqta.org.ar\/v3\/wp-json\/wp\/v2\/categories?post=1087"},{"taxonomy":"post_tag","embeddable":true,"href":"https:\/\/www.obispadorqta.org.ar\/v3\/wp-json\/wp\/v2\/tags?post=1087"}],"curies":[{"name":"wp","href":"https:\/\/api.w.org\/{rel}","templated":true}]}}