{"id":1094,"date":"2015-07-14T11:05:20","date_gmt":"2015-07-14T11:05:20","guid":{"rendered":"http:\/\/www.obispadorqta.org.ar\/v3\/nombramientos\/"},"modified":"2015-07-14T11:05:20","modified_gmt":"2015-07-14T11:05:20","slug":"nombramientos","status":"publish","type":"post","link":"https:\/\/www.obispadorqta.org.ar\/v3\/nombramientos\/","title":{"rendered":"Nombramientos y nuevos destinos de sacerdotes."},"content":{"rendered":"<div style=\"text-align: center\">\u00a0<img loading=\"lazy\" decoding=\"async\" src=\"https:\/\/fbcdn-sphotos-f-a.akamaihd.net\/hphotos-ak-xfp1\/v\/t1.0-9\/1477541_527877120642117_849803888_n.jpg?oh=a6695ee9fa94e867436af4924d92e7dd&#038;oe=56252F54&#038;__gda__=1448575925_b917c447b775f10679ea91a566a23ae8\" border=\"0\" width=\"193\" height=\"261\" \/>\u00a0<\/div>\n<div style=\"text-align: justify\"> <\/div>\n<div>\n<div style=\"text-align: justify\"><span style=\"white-space: pre\" class=\"Apple-tab-span\">\t<\/span>Teniendo en cuenta la necesidad del nombramiento de nuevos p\u00e1rrocos, dada la consagraci\u00f3n episcopal de Mons. Dante Gustavo Braida como obispo titular de Tanudaia y Auxiliar de Mendoza, la partida a la casa del Padre de algunos sacerdotes, y la oportunidad de realizar algunas modificaciones en la distribuci\u00f3n de los presb\u00edteros de la Di\u00f3cesis, con la intenci\u00f3n de optimizar el acompa\u00f1amiento pastoral de las comunidades y de atender a algunas necesidades personales de los mismos, en pleno uso de las facultades que me son propias como Obispo Diocesano, nombro:<\/div>\n<div style=\"text-align: justify\">\u00a0<\/div>\n<div style=\"text-align: justify\"><span style=\"white-space: pre\" class=\"Apple-tab-span\">\t<\/span>P\u00e1rroco de la Parroquia Inmaculada Concepci\u00f3n de Reconquista,y Rector de la Iglesia Catedral, al <strong>Pbro. Efr\u00e9n Mario Agretti<\/strong>.<\/div>\n<div style=\"text-align: justify\">\u00a0<\/div>\n<div style=\"text-align: justify\"><span style=\"font-size: 12.16px; line-height: 1.3em\"><span style=\"white-space: pre\" class=\"Apple-tab-span\">\t<\/span>P\u00e1rroco de la Parroquia Nuestra Se\u00f1ora del Rosario de Lanteri, al <strong>Pbro. Sergio Fabi\u00e1n Vicent\u00edn<\/strong>.<\/span><\/div>\n<div style=\"text-align: justify\">\u00a0<\/div>\n<div style=\"text-align: justify\"><span style=\"white-space: pre\" class=\"Apple-tab-span\">\t<\/span>P\u00e1rroco de la Parroquia Mar\u00eda, Madre de Dios, de Reconquista y Vice-Presidente de C\u00e1ritas Diocesana, al <strong>Pbro. N\u00e9stor Fabi\u00e1n Monz\u00f3n<\/strong>.<\/div>\n<div style=\"text-align: justify\">\u00a0<\/div>\n<div style=\"text-align: justify\"><span style=\"white-space: pre\" class=\"Apple-tab-span\">\t<\/span>P\u00e1rroco de la Parroquia Sagrado Coraz\u00f3n de Jes\u00fas de Romang, al <strong>Pbro. Gustavo Armando Braidot<\/strong>.<\/div>\n<div style=\"text-align: justify\">\u00a0<\/div>\n<div style=\"text-align: justify\"><span style=\"white-space: pre\" class=\"Apple-tab-span\">\t<\/span>P\u00e1rrocos \u201cinsolidum\u201d (solidarios) de la Parroquia Nuestra Se\u00f1ora de Itat\u00ed de Fort\u00edn Olmos, a los Presb\u00edteros <strong>Juan Jos\u00e9 Delarossa<\/strong> y <strong>Eduardo Fabi\u00e1n Ramos<\/strong> (Moderador). El P. Juan Jos\u00e9 Delarossa fijar\u00e1 su residencia en Fort\u00edn Olmos y el P. Eduardo Fabi\u00e1n Ramos seguir\u00e1 como p\u00e1rroco de La Sarita, con su residencia en ese lugar.<\/div>\n<div style=\"text-align: justify\">\u00a0<\/div>\n<div style=\"text-align: justify\"><span style=\"white-space: pre\" class=\"Apple-tab-span\">\t<\/span>Administrador Parroquial de la Parroquia Sagrado Coraz\u00f3n de Jes\u00fas de La Gallareta, al <strong>Pbro. Juan Sebasti\u00e1n Splawinski<\/strong>, quien adem\u00e1s seguir\u00e1 siendo, por el momento, Vicario Parroquial de la Parroquia San Juan Bautista de Vera y continuar\u00e1 residiendo en dicha parroquia.<\/div>\n<div style=\"text-align: justify\">\u00a0<\/div>\n<div style=\"text-align: justify\"><span style=\"white-space: pre\" class=\"Apple-tab-span\">\t<\/span>Vicario de la Parroquia Inmaculada Concepci\u00f3n de Reconquista, al <strong>Pbro. Roberto Carlos P\u00e9rez<\/strong>.<\/div>\n<div style=\"text-align: justify\">\u00a0<\/div>\n<div style=\"text-align: justify\"><span style=\"white-space: pre\" class=\"Apple-tab-span\">\t<\/span>Vicario de la Parroquia San Roque de Reconquista, al <strong>Pbro. Omar Abel Faccioli<\/strong>.<\/div>\n<div style=\"text-align: justify\">\u00a0<\/div>\n<div style=\"text-align: justify\"><span style=\"white-space: pre\" class=\"Apple-tab-span\">\t<\/span>Ec\u00f3nomo Diocesano, al <strong>Pbro. Carlos Alberto Degiusti<\/strong>.<\/div>\n<div style=\"text-align: justify\">\u00a0<\/div>\n<div style=\"text-align: justify\">El nombramiento del Vicario General, como as\u00ed tambi\u00e9n la asignaci\u00f3n de algunos servicios espec\u00edficos a los sacerdotes ser\u00e1n definidos e informados en los pr\u00f3ximos meses.<\/div>\n<div style=\"text-align: justify\"><\/div>\n<div style=\"text-align: justify\">Asimismo, la incorporaci\u00f3n progresiva de algunos seminaristas al presbiterio, en los pr\u00f3ximos dos a\u00f1os, que ir\u00e1n accediendo al orden diaconal y presbiteral, ayudar\u00e1 al fortalecimiento de la presencia sacerdotal en algunas parroquias y a la realizaci\u00f3n de algunos ajustes ulteriores en la organizaci\u00f3n de la misma.<\/div>\n<div style=\"text-align: justify\">Agradezco a los sacerdotes por sus consejos y su disponibilidad, e invito a todos, en el contexto del A\u00f1o Vocacional Diocesano, a acompa\u00f1ar este momento de \u201cllamado, despojo y env\u00edo\u201d con sus oraciones, rogando fervientemente al Due\u00f1o de los Sembrados que env\u00ede nuevos trabajadores para la cosecha.<\/div>\n<div style=\"text-align: justify\"><\/div>\n<div style=\"text-align: right\">Sede Episcopal de Reconquista, 14 de Julio de 2015, A\u00f1o Vocacional Diocesano.<\/div>\n<\/div>\n<div><\/div>\n","protected":false},"excerpt":{"rendered":"<div class=\"mh-excerpt\"><div style=\"text-align: center\">\u00a0<img loading=\"lazy\" decoding=\"async\" src=\"https:\/\/fbcdn-sphotos-f-a.akamaihd.net\/hphotos-ak-xfp1\/v\/t1.0-9\/1477541_527877120642117_849803888_n.jpg?oh=a6695ee9fa94e867436af4924d92e7dd&#038;oe=56252F54&#038;__gda__=1448575925_b917c447b775f10679ea91a566a23ae8\" border=\"0\" width=\"193\" height=\"261\" \/>\u00a0<\/div>\n<div style=\"text-align: justify\">\n<\/div>","protected":false},"author":1,"featured_media":0,"comment_status":"open","ping_status":"open","sticky":false,"template":"","format":"standard","meta":{"footnotes":""},"categories":[28],"tags":[],"class_list":["post-1094","post","type-post","status-publish","format-standard","hentry","category-latest-news"],"_links":{"self":[{"href":"https:\/\/www.obispadorqta.org.ar\/v3\/wp-json\/wp\/v2\/posts\/1094","targetHints":{"allow":["GET"]}}],"collection":[{"href":"https:\/\/www.obispadorqta.org.ar\/v3\/wp-json\/wp\/v2\/posts"}],"about":[{"href":"https:\/\/www.obispadorqta.org.ar\/v3\/wp-json\/wp\/v2\/types\/post"}],"author":[{"embeddable":true,"href":"https:\/\/www.obispadorqta.org.ar\/v3\/wp-json\/wp\/v2\/users\/1"}],"replies":[{"embeddable":true,"href":"https:\/\/www.obispadorqta.org.ar\/v3\/wp-json\/wp\/v2\/comments?post=1094"}],"version-history":[{"count":0,"href":"https:\/\/www.obispadorqta.org.ar\/v3\/wp-json\/wp\/v2\/posts\/1094\/revisions"}],"wp:attachment":[{"href":"https:\/\/www.obispadorqta.org.ar\/v3\/wp-json\/wp\/v2\/media?parent=1094"}],"wp:term":[{"taxonomy":"category","embeddable":true,"href":"https:\/\/www.obispadorqta.org.ar\/v3\/wp-json\/wp\/v2\/categories?post=1094"},{"taxonomy":"post_tag","embeddable":true,"href":"https:\/\/www.obispadorqta.org.ar\/v3\/wp-json\/wp\/v2\/tags?post=1094"}],"curies":[{"name":"wp","href":"https:\/\/api.w.org\/{rel}","templated":true}]}}