{"id":1098,"date":"2015-07-22T14:08:35","date_gmt":"2015-07-22T14:08:35","guid":{"rendered":"http:\/\/www.obispadorqta.org.ar\/v3\/los-jovenes-del-nea-realizaran-una-mega-mision-en-goya\/"},"modified":"2015-07-22T14:08:35","modified_gmt":"2015-07-22T14:08:35","slug":"los-jovenes-del-nea-realizaran-una-mega-mision-en-goya","status":"publish","type":"post","link":"https:\/\/www.obispadorqta.org.ar\/v3\/los-jovenes-del-nea-realizaran-una-mega-mision-en-goya\/","title":{"rendered":"Los j\u00f3venes del NEA realizaran una mega misi\u00f3n en Goya"},"content":{"rendered":"<div align=\"justify\">\n<div style=\"text-align: center\"><img loading=\"lazy\" decoding=\"async\" src=\"https:\/\/scontent-mia1-1.xx.fbcdn.net\/hphotos-xtp1\/v\/t1.0-9\/11698612_955671374490714_8833022112168147517_n.jpg?oh=9b517736671b3d1f454a609f1cd4a17c&#038;oe=5613F906\" border=\"0\" width=\"439\" height=\"254\" \/><\/div>\n<p> <\/div>\n<div align=\"justify\"><font style=\"font-family: Verdana,Arial,Helvetica,sans-serif; font-size: 10px; font-style: normal; line-height: normal\" color=\"#000000\">Los j\u00f3venes de las arquidi\u00f3cesis de Corrientes y de Resistencia y de las di\u00f3cesis de Puerto Iguaz\u00fa, Ober\u00e1, Posadas, Santo Tom\u00e9, San Roque de Presidencia Roque S\u00e1enz Pe\u00f1a, Reconquista, Formosa y Goya, realizar\u00e1n los d\u00edas 24, 25 y 26 de julio una Mega Misi\u00f3n en la ciudad de Goya (Corrientes). <em><strong>\u201cGuiados por Mar\u00eda, misionemos por la paz\u201d <\/strong><\/em>ser\u00e1 el lema. Se espera alrededor de 500 misioneros, algunos obispos, sacerdotes y religiosas. Llevar\u00e1n la Palabra de Dios y la imagen peregrina de la Virgen de Itat\u00ed en visitas a los hogares goyanos.<\/font><\/div>\n<p><\/p>\n<div align=\"justify\"><font style=\"font-family: Verdana,Arial,Helvetica,sans-serif; font-size: 10px; font-style: normal; line-height: normal\" color=\"#000000\">La Mega Misi\u00f3n tendr\u00e1 como objetivo \u201cllevar a Cristo a los hogares, hacerlo conocer y enriquecer a\u00fan m\u00e1s la evangelizaci\u00f3n\u201d.<\/p>\n<p>Los centros de misi\u00f3n de Goya ser\u00e1n 8 y los grupos misioneros ser\u00e1n recibidos en las parroquias Catedral, La Rotonda (comunidad de misioneros redentoristas), Nuestra Se\u00f1ora de Itat\u00ed, San Jos\u00e9 Obrero y en la cuasi parroquia San Pantale\u00f3n.<\/p>\n<p>\u201cComo grupos de j\u00f3venes decididos a estar en camino y encontrar en Cristo siempre esa luz de esperanza, esperamos que la siembra d\u00e9 buenos frutos y que la comunidad se vea favorecida, conociendo y vivenciando a\u00fan m\u00e1s lo que es \u00c9l nuestro creador, que nunca falla. Confiamos plenamente en su benevolencia\u201d, subrayan en la convocatoria.<\/p>\n<p>Los misioneros-peregrinos llegar\u00e1n a Goya el viernes 24, alrededor de las 15 donde ser\u00e1n recibidos en el Instituto \u201cSanta Teresa de Jes\u00fas\u201d (Hermanas Carmelitas Misioneras Teresianas) y participar\u00e1n de la misa a las 19 en la Iglesia Catedral de Goya, que presidir\u00e1 el Obispo Diocesano, monse\u00f1or Ricardo Oscar Faifer junto al obispo coadjutor monse\u00f1or Adolfo Ram\u00f3n Canec\u00edn.<\/p>\n<p>El s\u00e1bado 25 de julio comenzar\u00e1 la misi\u00f3n juvenil. A las 07:00 con la oraci\u00f3n, en los centros de misi\u00f3n y la catequesis que estar\u00e1 a cargo de los disertantes regionales.\u00a0 A partir de las 09:00 saldr\u00e1n por los barrios a visitar las familias, hasta las 12.30 donde participar\u00e1n de un momento de Adoraci\u00f3n Eucar\u00edstica.<br \/>La misi\u00f3n continuar\u00e1 por la tarde y a las 20 se realizar\u00e1 una marcha desde las calles 25 de Mayo y Jos\u00e9 G\u00f3mez. A las 21 se celebrar\u00e1 una misa y luego se desarrollar\u00e1 un fog\u00f3n art\u00edstico y musical hasta la medianoche.<\/p>\n<p>El domingo 26 de julio, luego de la oraci\u00f3n y la catequesis, los diferentes grupos visitar\u00e1n a los enfermos del Hospital Regional \u201cCamilo Muniagurria\u201d, asimismo otros, el Hogar de Ancianos \u201cSan Jos\u00e9\u201d y otros el Hogar de Ni\u00f1os \u201cSan Vicente de Paul\u201d. A las 11 los obispos del NEA presidir\u00e1n la misa de clausura. Luego del almuerzo los misioneros regresar\u00e1n a sus respectivas di\u00f3cesis.-<br \/><\/font><\/div>\n","protected":false},"excerpt":{"rendered":"<div class=\"mh-excerpt\"><div align=\"justify\">\n<div style=\"text-align: center\"><img loading=\"lazy\" decoding=\"async\" src=\"https:\/\/scontent-mia1-1.xx.fbcdn.net\/hphotos-xtp1\/v\/t1.0-9\/11698612_955671374490714_8833022112168147517_n.jpg?oh=9b517736671b3d1f454a609f1cd4a17c&#038;oe=5613F906\" border=\"0\" width=\"439\" height=\"254\" \/><\/div>\n<p><\/p>\n<\/div>","protected":false},"author":1,"featured_media":0,"comment_status":"open","ping_status":"open","sticky":false,"template":"","format":"standard","meta":{"footnotes":""},"categories":[28],"tags":[],"class_list":["post-1098","post","type-post","status-publish","format-standard","hentry","category-latest-news"],"_links":{"self":[{"href":"https:\/\/www.obispadorqta.org.ar\/v3\/wp-json\/wp\/v2\/posts\/1098","targetHints":{"allow":["GET"]}}],"collection":[{"href":"https:\/\/www.obispadorqta.org.ar\/v3\/wp-json\/wp\/v2\/posts"}],"about":[{"href":"https:\/\/www.obispadorqta.org.ar\/v3\/wp-json\/wp\/v2\/types\/post"}],"author":[{"embeddable":true,"href":"https:\/\/www.obispadorqta.org.ar\/v3\/wp-json\/wp\/v2\/users\/1"}],"replies":[{"embeddable":true,"href":"https:\/\/www.obispadorqta.org.ar\/v3\/wp-json\/wp\/v2\/comments?post=1098"}],"version-history":[{"count":0,"href":"https:\/\/www.obispadorqta.org.ar\/v3\/wp-json\/wp\/v2\/posts\/1098\/revisions"}],"wp:attachment":[{"href":"https:\/\/www.obispadorqta.org.ar\/v3\/wp-json\/wp\/v2\/media?parent=1098"}],"wp:term":[{"taxonomy":"category","embeddable":true,"href":"https:\/\/www.obispadorqta.org.ar\/v3\/wp-json\/wp\/v2\/categories?post=1098"},{"taxonomy":"post_tag","embeddable":true,"href":"https:\/\/www.obispadorqta.org.ar\/v3\/wp-json\/wp\/v2\/tags?post=1098"}],"curies":[{"name":"wp","href":"https:\/\/api.w.org\/{rel}","templated":true}]}}