{"id":1099,"date":"2015-07-22T14:25:10","date_gmt":"2015-07-22T14:25:10","guid":{"rendered":"http:\/\/www.obispadorqta.org.ar\/v3\/calendario-de-inicio-de-ministerio-de-parrocos-y-vicarios\/"},"modified":"2015-07-22T14:25:10","modified_gmt":"2015-07-22T14:25:10","slug":"calendario-de-inicio-de-ministerio-de-parrocos-y-vicarios","status":"publish","type":"post","link":"https:\/\/www.obispadorqta.org.ar\/v3\/calendario-de-inicio-de-ministerio-de-parrocos-y-vicarios\/","title":{"rendered":"Calendario de inicio de ministerio de P\u00e1rrocos y Vicarios"},"content":{"rendered":"<div style=\"text-align: center\"><img loading=\"lazy\" decoding=\"async\" src=\"https:\/\/fbcdn-sphotos-d-a.akamaihd.net\/hphotos-ak-xap1\/v\/t1.0-9\/11737964_832672730162553_4123336419338614817_n.jpg?oh=d1e8ddab06721363e5612908740793f4&#038;oe=561C12A7&#038;__gda__=1447895419_a4d1555ebc29b56bfe487f43c5e2486d\" border=\"0\" width=\"183\" height=\"254\" \/><\/div>\n<p><font style=\"font-family: Geneva,Arial,Helvetica,sans-serif; font-size: 12px; font-style: normal; line-height: normal\" color=\"#000000\">El Obispo Diocesano Mons. \u00c1ngel Jos\u00e9 Mac\u00edn comunica a la Iglesia Diocesana los d\u00edas y horarios en que se efectuar\u00e1n la presentaci\u00f3n y juramento de los nuevos p\u00e1rrocos y vicarios parroquiales. <\/font> <\/p>\n<p style=\"font-family: Geneva,Arial,Helvetica,sans-serif; font-size: 12px; font-style: normal; line-height: normal\" align=\"justify\"><font color=\"#000000\">Los mismos son:<\/font><\/p>\n<p style=\"font-family: Geneva,Arial,Helvetica,sans-serif; font-size: 12px; font-style: normal; line-height: normal\" align=\"justify\"><font color=\"#000000\">\u00a0\u00a0 &#8211; <strong>Domingo 16 de agosto<\/strong> a las 19 hs en la Pquia. San Roque de Reconquista: presentaci\u00f3n y juramento del nuevo vicario parroquial <strong>Pbro. Omar Faccioli.<\/strong><\/font><\/p>\n<p style=\"font-family: Geneva,Arial,Helvetica,sans-serif; font-size: 12px; font-style: normal; line-height: normal\" align=\"justify\">\u00a0<font color=\"#000000\">\u00a0 &#8211; <strong>S\u00e1bado 22 de agosto<\/strong> a las 19 hs en la Pquia. Sgdo. Coraz\u00f3n de Jes\u00fas de La Gallareta: presentaci\u00f3n y juramento del nuevo administrador parroquial <strong>Pbro. Juan Sebasti\u00e1n Splawinski.<\/strong><\/font><\/p>\n<p style=\"font-family: Geneva,Arial,Helvetica,sans-serif; font-size: 12px; font-style: normal; line-height: normal\" align=\"justify\">\u00a0\u00a0<font color=\"#000000\"> &#8211; <strong>Domingo 23 de agosto<\/strong> a las 19 hs. en la Pquia. Inmaculada Concepci\u00f3n de Reconquista: asumen el nuevo p\u00e1rroco y rector de la Iglesia Catedral: Pbro. Efr\u00e9n Mario Agretti y el nuevo vicario parroquial <strong>Pbro.Roberto Carlos P\u00e9rez.<\/strong><\/font><\/p>\n<p style=\"font-family: Geneva,Arial,Helvetica,sans-serif; font-size: 12px; font-style: normal; line-height: normal\" align=\"justify\"><font color=\"#000000\">\u00a0 &#8211; <strong>S\u00e1bado 29 de agosto <\/strong>a las 19 hs. en la Pquia. Ntra. Sra. de Itat\u00ed de Fort\u00edn Olmos: asumen los nuevos p\u00e1rrocos \u201cin solidum\u201d (solidarios): <strong>Pbro. Eduardo Fabi\u00e1n Ramos y Pbro. Juan Jos\u00e9 Delarossa.<\/strong><\/font><\/p>\n<p style=\"font-family: Geneva,Arial,Helvetica,sans-serif; font-size: 12px; font-style: normal; line-height: normal\" align=\"justify\"><font color=\"#000000\">\u00a0 &#8211; <strong>Domingo 13 de setiembre<\/strong> a las 10 hs. en la Pquia. Ntra. Sra. del Rosario de Lanteri: asume del nuevo p\u00e1rroco <strong>Pbro. Sergio Fabi\u00e1n Vicent\u00edn.<\/strong><\/font><\/p>\n<p style=\"font-family: Geneva,Arial,Helvetica,sans-serif; font-size: 12px; font-style: normal; line-height: normal\" align=\"justify\">\u00a0<font color=\"#000000\">\u00a0 &#8211; <strong>Domingo 13 de setiembre<\/strong> a las 19,30 hs. en la Pquia. Mar\u00eda Madre de Dios de Reconquista: asume el nuevo p\u00e1rroco <strong>Pbro. N\u00e9stor Fabi\u00e1n Monz\u00f3n.<\/strong><\/font><\/p>\n<p style=\"font-family: Geneva,Arial,Helvetica,sans-serif; font-size: 12px; font-style: normal; line-height: normal\" align=\"justify\"><font color=\"#000000\">\u00a0\u00a0 &#8211;<strong> Domingo 11 de octubre<\/strong> a las 20 hs. en la Pquia. Sgdo. Coraz\u00f3n de Jes\u00fas de Romang: asume el nuevo p\u00e1rroco <strong>Pbro. Gustavo Armando Braidot.-<\/strong><\/font><\/p>\n<p style=\"font-family: Geneva,Arial,Helvetica,sans-serif; font-size: 12px; font-style: normal; line-height: normal\" align=\"justify\">&nbsp;<\/p>\n<p style=\"font-family: Geneva,Arial,Helvetica,sans-serif; font-size: 12px; font-style: normal; line-height: normal\" align=\"justify\"><font color=\"#000000\">Rogamos a Jes\u00fas Buen Pastor por cada uno de los mencionados sacerdotes y por las respectivas comunidades que los recibir\u00e1n, para que asistidos con su gracia, experimenten su cercan\u00eda en estas nuevas designaciones.<\/font><\/p>\n","protected":false},"excerpt":{"rendered":"<div class=\"mh-excerpt\"><div style=\"text-align: center\"><img loading=\"lazy\" decoding=\"async\" src=\"https:\/\/fbcdn-sphotos-d-a.akamaihd.net\/hphotos-ak-xap1\/v\/t1.0-9\/11737964_832672730162553_4123336419338614817_n.jpg?oh=d1e8ddab06721363e5612908740793f4&#038;oe=561C12A7&#038;__gda__=1447895419_a4d1555ebc29b56bfe487f43c5e2486d\" border=\"0\" width=\"183\" height=\"254\" \/><\/div>\n<p><font style=\"font-family: Geneva,Arial,Helvetica,sans-serif; font-size: 12px; font-style: normal; line-height: normal\" color=\"#000000\">El Obispo Diocesano Mons. \u00c1ngel Jos\u00e9 Mac\u00edn comunica a la Iglesia Diocesana los d\u00edas y horarios en que se efectuar\u00e1n la presentaci\u00f3n y juramento de los nuevos p\u00e1rrocos y vicarios parroquiales. <\/font><\/p>\n<\/div>","protected":false},"author":1,"featured_media":0,"comment_status":"open","ping_status":"open","sticky":false,"template":"","format":"standard","meta":{"footnotes":""},"categories":[28],"tags":[],"class_list":["post-1099","post","type-post","status-publish","format-standard","hentry","category-latest-news"],"_links":{"self":[{"href":"https:\/\/www.obispadorqta.org.ar\/v3\/wp-json\/wp\/v2\/posts\/1099","targetHints":{"allow":["GET"]}}],"collection":[{"href":"https:\/\/www.obispadorqta.org.ar\/v3\/wp-json\/wp\/v2\/posts"}],"about":[{"href":"https:\/\/www.obispadorqta.org.ar\/v3\/wp-json\/wp\/v2\/types\/post"}],"author":[{"embeddable":true,"href":"https:\/\/www.obispadorqta.org.ar\/v3\/wp-json\/wp\/v2\/users\/1"}],"replies":[{"embeddable":true,"href":"https:\/\/www.obispadorqta.org.ar\/v3\/wp-json\/wp\/v2\/comments?post=1099"}],"version-history":[{"count":0,"href":"https:\/\/www.obispadorqta.org.ar\/v3\/wp-json\/wp\/v2\/posts\/1099\/revisions"}],"wp:attachment":[{"href":"https:\/\/www.obispadorqta.org.ar\/v3\/wp-json\/wp\/v2\/media?parent=1099"}],"wp:term":[{"taxonomy":"category","embeddable":true,"href":"https:\/\/www.obispadorqta.org.ar\/v3\/wp-json\/wp\/v2\/categories?post=1099"},{"taxonomy":"post_tag","embeddable":true,"href":"https:\/\/www.obispadorqta.org.ar\/v3\/wp-json\/wp\/v2\/tags?post=1099"}],"curies":[{"name":"wp","href":"https:\/\/api.w.org\/{rel}","templated":true}]}}