{"id":1100,"date":"2015-07-27T14:06:30","date_gmt":"2015-07-27T14:06:30","guid":{"rendered":"http:\/\/www.obispadorqta.org.ar\/v3\/talleres-de-oracion-y-vida\/"},"modified":"2015-07-27T14:06:30","modified_gmt":"2015-07-27T14:06:30","slug":"talleres-de-oracion-y-vida","status":"publish","type":"post","link":"https:\/\/www.obispadorqta.org.ar\/v3\/talleres-de-oracion-y-vida\/","title":{"rendered":"Talleres de Oraci\u00f3n y Vida"},"content":{"rendered":"<div style=\"text-align: center\"><img loading=\"lazy\" decoding=\"async\" src=\"https:\/\/fbcdn-sphotos-d-a.akamaihd.net\/hphotos-ak-xpf1\/v\/t1.0-9\/11059896_834778443285315_1397313684202638900_n.jpg?oh=53fbf43e25290a8271d667e159fd35c5&#038;oe=5642B5DC&#038;__gda__=1447085494_0370e1a9e79f17db9f167dac85ba78cc\" border=\"0\" width=\"303\" height=\"180\" \/><\/div>\n<div align=\"justify\"> <font color=\"#000000\">&#8212;En la semana del 03 al 07 de Agosto del corriente a\u00f1o, dan comienzo nuevamente en la DI\u00d3CESIS de RECONQUISTA los <strong>Talleres de Oraci\u00f3n y Vida (TOV) del Padre Ignacio Larra\u00f1aga.<\/strong><\/font><\/div>\n<div style=\"text-align: center\">\n<div align=\"justify\">\u00a0<\/div>\n<div align=\"justify\"><font color=\"#000000\">&#8212;La esencia de los talleres\u00a0 consiste primordialmente en <em><strong>\u201caprender a orar para aprender a vivir\u201d<\/strong><\/em>.<\/font><\/div>\n<div align=\"justify\">\u00a0<\/div>\n<div align=\"justify\"><font color=\"#000000\">&#8212;En \u00e9sta Parroquia de SAN JOS\u00c9 comenzar\u00e1n a impartirse en la Capilla de \u00abNuestra Sra. de F\u00e1tima\u00bb de LA LOLA el <strong>d\u00eda MARTES 4 de AGOSTO a las\u00a0 15,30 HS.<\/strong><\/font><\/div>\n<div align=\"justify\">\u00a0<\/div>\n<div align=\"justify\"><font color=\"#000000\">&#8212;-Para mayor Informaci\u00f3n, preguntar en Secretar\u00eda Parroquial y\/o mirar en la pizarra y\/o transparente de la entrada, donde encontrar\u00e1n diferentes lugares, d\u00edas y horarios donde se estar\u00e1n impartiendo dichos Talleres.<\/font><\/div>\n<div align=\"justify\">\u00a0<\/div>\n<div align=\"justify\"><font color=\"#000000\">Los esperamos. Paz y Bien<\/font><\/div>\n<p>\u00a0<\/p><\/div>\n","protected":false},"excerpt":{"rendered":"<div class=\"mh-excerpt\"><div style=\"text-align: center\"><img loading=\"lazy\" decoding=\"async\" src=\"https:\/\/fbcdn-sphotos-d-a.akamaihd.net\/hphotos-ak-xpf1\/v\/t1.0-9\/11059896_834778443285315_1397313684202638900_n.jpg?oh=53fbf43e25290a8271d667e159fd35c5&#038;oe=5642B5DC&#038;__gda__=1447085494_0370e1a9e79f17db9f167dac85ba78cc\" border=\"0\" width=\"303\" height=\"180\" \/><\/div>\n<div align=\"justify\">\n<\/div>","protected":false},"author":1,"featured_media":0,"comment_status":"open","ping_status":"open","sticky":false,"template":"","format":"standard","meta":{"footnotes":""},"categories":[28],"tags":[],"class_list":["post-1100","post","type-post","status-publish","format-standard","hentry","category-latest-news"],"_links":{"self":[{"href":"https:\/\/www.obispadorqta.org.ar\/v3\/wp-json\/wp\/v2\/posts\/1100","targetHints":{"allow":["GET"]}}],"collection":[{"href":"https:\/\/www.obispadorqta.org.ar\/v3\/wp-json\/wp\/v2\/posts"}],"about":[{"href":"https:\/\/www.obispadorqta.org.ar\/v3\/wp-json\/wp\/v2\/types\/post"}],"author":[{"embeddable":true,"href":"https:\/\/www.obispadorqta.org.ar\/v3\/wp-json\/wp\/v2\/users\/1"}],"replies":[{"embeddable":true,"href":"https:\/\/www.obispadorqta.org.ar\/v3\/wp-json\/wp\/v2\/comments?post=1100"}],"version-history":[{"count":0,"href":"https:\/\/www.obispadorqta.org.ar\/v3\/wp-json\/wp\/v2\/posts\/1100\/revisions"}],"wp:attachment":[{"href":"https:\/\/www.obispadorqta.org.ar\/v3\/wp-json\/wp\/v2\/media?parent=1100"}],"wp:term":[{"taxonomy":"category","embeddable":true,"href":"https:\/\/www.obispadorqta.org.ar\/v3\/wp-json\/wp\/v2\/categories?post=1100"},{"taxonomy":"post_tag","embeddable":true,"href":"https:\/\/www.obispadorqta.org.ar\/v3\/wp-json\/wp\/v2\/tags?post=1100"}],"curies":[{"name":"wp","href":"https:\/\/api.w.org\/{rel}","templated":true}]}}