{"id":1105,"date":"2015-08-04T12:50:01","date_gmt":"2015-08-04T12:50:01","guid":{"rendered":"http:\/\/www.obispadorqta.org.ar\/v3\/bicicleteada\/"},"modified":"2015-08-04T12:50:01","modified_gmt":"2015-08-04T12:50:01","slug":"bicicleteada","status":"publish","type":"post","link":"https:\/\/www.obispadorqta.org.ar\/v3\/bicicleteada\/","title":{"rendered":"Bicicleteada Vocacional"},"content":{"rendered":"<div style=\"text-align: center\"><img loading=\"lazy\" decoding=\"async\" src=\"https:\/\/scontent-gru1-1.xx.fbcdn.net\/hphotos-xaf1\/v\/t1.0-9\/11800283_838601416236351_8655642183260981296_n.jpg?oh=ff65a17368db18ccd8bf551a8cf7c9f6&#038;oe=56483EAC\" border=\"0\" width=\"400\" height=\"300\" \/><\/div>\n<div>\u00a0<\/div>\n<div style=\"text-align: justify\">El d\u00eda domingo 2 de agosto se llev\u00f3 a cabo una bicicleteada vocacional parroquial, la cual recorri\u00f3 las distintas capillas de la comunidad parroquial \u00abSan Roque\u00bb.<\/div>\n<div style=\"text-align: justify\">Compartimos la alegr\u00eda de todos los que participaron en este encuentro familiar y de quienes trabajaron para la coordinaci\u00f3n de esta iniciativa en el marco de este a\u00f1o vocacional diocesano.<\/div>\n<div style=\"text-align: justify\">Invitamos a seguir rezando por las vocaciones.<\/div>\n<div style=\"text-align: center\"><img loading=\"lazy\" decoding=\"async\" src=\"https:\/\/scontent-gru1-1.xx.fbcdn.net\/hphotos-xtf1\/v\/t1.0-9\/11813321_838601342903025_1914273978002362502_n.jpg?oh=e254547580b920309e9435cd4b4b72b9&#038;oe=56445B97\" border=\"0\" width=\"400\" height=\"300\" \/>\u00a0<\/div>\n<div style=\"text-align: center\"><img loading=\"lazy\" decoding=\"async\" src=\"https:\/\/fbcdn-sphotos-b-a.akamaihd.net\/hphotos-ak-xpf1\/v\/t1.0-9\/11836914_838601409569685_6727180780852840842_n.jpg?oh=6959bead13bba7565c62b33e4abd520a&#038;oe=564938D6&#038;__gda__=1446635452_c36470ca32157cb260835b8a5a1950ce\" border=\"0\" width=\"400\" height=\"300\" \/>\u00a0<\/div>\n<div style=\"text-align: center\">\u00a0<\/div>\n<div style=\"text-align: center\">\u00a0<span style=\"font-size: 12.1599998474121px; line-height: 1.3em\">ORACI\u00d3N POR LAS VOCACIONES:<\/span><\/div>\n<div style=\"text-align: center\">Se\u00f1or Jes\u00fas, desde tu coraz\u00f3n compasivo,<\/div>\n<div style=\"text-align: center\">mira nuestra Iglesia diocesana de Reconquista\u00a0<\/div>\n<div style=\"text-align: center\">y renueva en sus J\u00f3venes el deseo de seguirte.<\/div>\n<div style=\"text-align: center\">Porque necesitamos: Sacerdotes que te hagan presente<\/div>\n<div style=\"text-align: center\">en los sacramentos y en la palabra.<\/div>\n<div style=\"text-align: center\">Consagrados que anticipen con sus vidas tu Reino.<\/div>\n<div style=\"text-align: center\">Laicos que, comprometidos, den testimonios de tu amor.<\/div>\n<div style=\"text-align: center\">Y misioneros que anuncien la Buena noticia de salvaci\u00f3n<\/div>\n<div style=\"text-align: center\">mas all\u00e1 de nuestra di\u00f3cesis. <\/div>\n<div style=\"text-align: center\">T\u00fa que vives y reinas, por los siglos de los siglos. Am\u00e9n.<\/div>\n<div style=\"text-align: center\">Mar\u00eda Madre de las Vocaciones, ruega por nosotros.<\/div>\n<div style=\"text-align: center\">\u00a0<\/div>\n<div style=\"text-align: center\"><img loading=\"lazy\" decoding=\"async\" src=\"https:\/\/fbcdn-sphotos-b-a.akamaihd.net\/hphotos-ak-xpf1\/v\/t1.0-9\/11811488_838601399569686_973522928047699691_n.jpg?oh=e77a3c95fbcff1e8dfb864a23aa904b6&#038;oe=56583444&#038;__gda__=1446610821_d8ac2e85e79b163e84445a1e3251a1b4\" border=\"0\" width=\"400\" height=\"300\" \/><\/div>\n<div style=\"text-align: center\"><img loading=\"lazy\" decoding=\"async\" src=\"https:\/\/scontent-gru1-1.xx.fbcdn.net\/hphotos-xaf1\/v\/t1.0-9\/11813400_838601489569677_8127860172609010632_n.jpg?oh=4d7e380fe5e6da0df4c017f131ae14bb&#038;oe=5657FAEC\" border=\"0\" width=\"400\" height=\"300\" \/><\/div>\n<div style=\"text-align: center\"><img loading=\"lazy\" decoding=\"async\" src=\"https:\/\/scontent-gru1-1.xx.fbcdn.net\/hphotos-xtp1\/v\/t1.0-9\/11800537_838601339569692_2334544413814590331_n.jpg?oh=49c1aa22245fb41e92cfe60026b82927&#038;oe=5635910C\" border=\"0\" width=\"300\" height=\"400\" \/>\u00a0<\/div>\n<div style=\"text-align: justify\">\u00a0<\/div>\n","protected":false},"excerpt":{"rendered":"<div class=\"mh-excerpt\"><div style=\"text-align: center\"><img loading=\"lazy\" decoding=\"async\" src=\"https:\/\/scontent-gru1-1.xx.fbcdn.net\/hphotos-xaf1\/v\/t1.0-9\/11800283_838601416236351_8655642183260981296_n.jpg?oh=ff65a17368db18ccd8bf551a8cf7c9f6&#038;oe=56483EAC\" border=\"0\" width=\"400\" height=\"300\" \/><\/div>\n<div>\u00a0<\/div>\n<div style=\"text-align: justify\">El d\u00eda domingo 2 de agosto se llev\u00f3 a cabo una bicicleteada vocacional parroquial, la cual recorri\u00f3 las distintas capillas de la comunidad parroquial \u00abSan Roque\u00bb.<\/div>\n<div style=\"text-align: justify\">Compartimos la alegr\u00eda de todos los que participaron en este encuentro familiar y de quienes trabajaron para la coordinaci\u00f3n de esta iniciativa en el marco de este a\u00f1o vocacional diocesano.<\/div>\n<div style=\"text-align: justify\">Invitamos a seguir rezando por las vocaciones.<\/div>\n<\/div>","protected":false},"author":1,"featured_media":0,"comment_status":"open","ping_status":"open","sticky":false,"template":"","format":"standard","meta":{"footnotes":""},"categories":[28],"tags":[],"class_list":["post-1105","post","type-post","status-publish","format-standard","hentry","category-latest-news"],"_links":{"self":[{"href":"https:\/\/www.obispadorqta.org.ar\/v3\/wp-json\/wp\/v2\/posts\/1105","targetHints":{"allow":["GET"]}}],"collection":[{"href":"https:\/\/www.obispadorqta.org.ar\/v3\/wp-json\/wp\/v2\/posts"}],"about":[{"href":"https:\/\/www.obispadorqta.org.ar\/v3\/wp-json\/wp\/v2\/types\/post"}],"author":[{"embeddable":true,"href":"https:\/\/www.obispadorqta.org.ar\/v3\/wp-json\/wp\/v2\/users\/1"}],"replies":[{"embeddable":true,"href":"https:\/\/www.obispadorqta.org.ar\/v3\/wp-json\/wp\/v2\/comments?post=1105"}],"version-history":[{"count":0,"href":"https:\/\/www.obispadorqta.org.ar\/v3\/wp-json\/wp\/v2\/posts\/1105\/revisions"}],"wp:attachment":[{"href":"https:\/\/www.obispadorqta.org.ar\/v3\/wp-json\/wp\/v2\/media?parent=1105"}],"wp:term":[{"taxonomy":"category","embeddable":true,"href":"https:\/\/www.obispadorqta.org.ar\/v3\/wp-json\/wp\/v2\/categories?post=1105"},{"taxonomy":"post_tag","embeddable":true,"href":"https:\/\/www.obispadorqta.org.ar\/v3\/wp-json\/wp\/v2\/tags?post=1105"}],"curies":[{"name":"wp","href":"https:\/\/api.w.org\/{rel}","templated":true}]}}