{"id":1106,"date":"2015-08-04T13:09:07","date_gmt":"2015-08-04T13:09:07","guid":{"rendered":"http:\/\/www.obispadorqta.org.ar\/v3\/homenajeemeritos\/"},"modified":"2015-08-04T13:09:07","modified_gmt":"2015-08-04T13:09:07","slug":"homenajeemeritos","status":"publish","type":"post","link":"https:\/\/www.obispadorqta.org.ar\/v3\/homenajeemeritos\/","title":{"rendered":"Homenaje a P\u00e1rrocos Em\u00e9ritos"},"content":{"rendered":"<div style=\"text-align: center\"><img loading=\"lazy\" decoding=\"async\" src=\"https:\/\/fbcdn-sphotos-c-a.akamaihd.net\/hphotos-ak-xft1\/v\/t1.0-9\/1507783_838620629567763_2702623859701717016_n.jpg?oh=19905889594f4e48447d87d92b74d80e&#038;oe=564CCDB9&#038;__gda__=1447361439_2b42f105139b5ff20e06eda0459ba562\" border=\"0\" width=\"400\" height=\"300\" \/><\/div>\n<div>\u00a0<\/div>\n<div style=\"text-align: justify\"><span style=\"font-size: 12.1599998474121px; line-height: 1.3em\">En el d\u00eda de ayer se realiz\u00f3 un homenaje a los P\u00e1rrocos em\u00e9ritos de nuestra di\u00f3cesis, en la v\u00edspera del d\u00eda del p\u00e1rroco y en el marco del A\u00f1o Vocacional Diocesano.<\/span><\/div>\n<div style=\"text-align: justify\">Se vivieron momentos de profunda emoci\u00f3n y alegr\u00eda por poder compartir con estos sacerdotes que fueron, son y ser\u00e1n pilares fundamentales en la joven historia de nuestra Diocesis de Reconquista.<\/div>\n<div style=\"text-align: justify\">La gente ha expresado el cari\u00f1o y el afecto por todos los sacerdotes, di\u00e1conos y religiosos, en especial a los Pbros. Bienvenido Yaccuzzi, Armando Faccioli, Nicol\u00e1s Gren\u00f3n y Aldo Martini, los cuales retribuyeron el sentir a los presentes, en una firme idea de agradecimiento para con la di\u00f3cesis y por qui\u00e9nes confiaron en ellos en esta ardua pero gratificante tarea de ser instrumento y testimonio de Jesucristo.<\/div>\n<div style=\"text-align: justify\">Agradecemos a Dios por nuestros sacerdotes e invitamos a seguir orando por nuestra iglesia particular de Reconquista.<\/div>\n<div style=\"text-align: center\"><img loading=\"lazy\" decoding=\"async\" src=\"https:\/\/fbcdn-sphotos-e-a.akamaihd.net\/hphotos-ak-xtf1\/v\/t1.0-9\/11817244_838620716234421_2121925510405408279_n.jpg?oh=fee3867a3e04389dfa1fa9510111cf80&#038;oe=5641C242&#038;__gda__=1448749081_27a5a52d741a35240fa8953fcdf58bd7\" border=\"0\" width=\"400\" height=\"300\" \/><\/div>\n<div style=\"text-align: center\"><img loading=\"lazy\" decoding=\"async\" src=\"https:\/\/scontent-gru1-1.xx.fbcdn.net\/hphotos-xtp1\/v\/t1.0-9\/11816984_838620122901147_5348379317517518636_n.jpg?oh=a1f340db77c2ced4e7bababeafb41066&#038;oe=565A03E8\" border=\"0\" width=\"400\" height=\"300\" \/><\/div>\n<div style=\"text-align: center\"><img loading=\"lazy\" decoding=\"async\" src=\"https:\/\/fbcdn-sphotos-d-a.akamaihd.net\/hphotos-ak-xtf1\/v\/t1.0-9\/11800360_838620226234470_8798350764930684447_n.jpg?oh=8dfe7b2afe6f54a4d7ba64d586dd9cf5&#038;oe=564B990A&#038;__gda__=1446638929_1b14c14f22960426909f6b3d4384f815\" border=\"0\" width=\"300\" height=\"400\" \/><\/div>\n<div style=\"text-align: center\"><img loading=\"lazy\" decoding=\"async\" src=\"https:\/\/scontent-gru1-1.xx.fbcdn.net\/hphotos-xpt1\/v\/t1.0-9\/11846680_838621046234388_7825755393510281900_n.jpg?oh=599a9551524b5d8ab34f26644ec18359&#038;oe=564BADD1\" border=\"0\" width=\"300\" height=\"400\" \/>\u00a0<\/div>\n<div style=\"text-align: justify\">\u00a0<\/div>\n<div>\u00a0<\/div>\n","protected":false},"excerpt":{"rendered":"<div class=\"mh-excerpt\"><div style=\"text-align: center\"><img loading=\"lazy\" decoding=\"async\" src=\"https:\/\/fbcdn-sphotos-c-a.akamaihd.net\/hphotos-ak-xft1\/v\/t1.0-9\/1507783_838620629567763_2702623859701717016_n.jpg?oh=19905889594f4e48447d87d92b74d80e&#038;oe=564CCDB9&#038;__gda__=1447361439_2b42f105139b5ff20e06eda0459ba562\" border=\"0\" width=\"400\" height=\"300\" \/><\/div>\n<div>\u00a0<\/div>\n<div style=\"text-align: justify\"><span style=\"font-size: 12.1599998474121px; line-height: 1.3em\">En el d\u00eda de ayer se realiz\u00f3 un homenaje a los P\u00e1rrocos em\u00e9ritos de nuestra di\u00f3cesis, en la v\u00edspera del d\u00eda del p\u00e1rroco y en el marco del A\u00f1o Vocacional Diocesano.<\/span><\/div>\n<div style=\"text-align: justify\">Se vivieron momentos de profunda emoci\u00f3n y alegr\u00eda por poder compartir con estos sacerdotes que fueron, son y ser\u00e1n pilares fundamentales en la joven historia de nuestra Diocesis de Reconquista.<\/div>\n<div style=\"text-align: justify\">La gente ha expresado el cari\u00f1o y el afecto por todos los sacerdotes, di\u00e1conos y religiosos, en especial a los Pbros. Bienvenido Yaccuzzi, Armando Faccioli, Nicol\u00e1s Gren\u00f3n y Aldo Martini, los cuales retribuyeron el sentir a los presentes, en una firme idea de agradecimiento para con la di\u00f3cesis y por qui\u00e9nes confiaron en ellos en esta ardua pero gratificante tarea de ser instrumento y testimonio de Jesucristo.<\/div>\n<div style=\"text-align: justify\">Agradecemos a Dios por nuestros sacerdotes e invitamos a seguir orando por nuestra iglesia particular de Reconquista.<\/div>\n<\/div>","protected":false},"author":1,"featured_media":0,"comment_status":"open","ping_status":"open","sticky":false,"template":"","format":"standard","meta":{"footnotes":""},"categories":[28],"tags":[],"class_list":["post-1106","post","type-post","status-publish","format-standard","hentry","category-latest-news"],"_links":{"self":[{"href":"https:\/\/www.obispadorqta.org.ar\/v3\/wp-json\/wp\/v2\/posts\/1106","targetHints":{"allow":["GET"]}}],"collection":[{"href":"https:\/\/www.obispadorqta.org.ar\/v3\/wp-json\/wp\/v2\/posts"}],"about":[{"href":"https:\/\/www.obispadorqta.org.ar\/v3\/wp-json\/wp\/v2\/types\/post"}],"author":[{"embeddable":true,"href":"https:\/\/www.obispadorqta.org.ar\/v3\/wp-json\/wp\/v2\/users\/1"}],"replies":[{"embeddable":true,"href":"https:\/\/www.obispadorqta.org.ar\/v3\/wp-json\/wp\/v2\/comments?post=1106"}],"version-history":[{"count":0,"href":"https:\/\/www.obispadorqta.org.ar\/v3\/wp-json\/wp\/v2\/posts\/1106\/revisions"}],"wp:attachment":[{"href":"https:\/\/www.obispadorqta.org.ar\/v3\/wp-json\/wp\/v2\/media?parent=1106"}],"wp:term":[{"taxonomy":"category","embeddable":true,"href":"https:\/\/www.obispadorqta.org.ar\/v3\/wp-json\/wp\/v2\/categories?post=1106"},{"taxonomy":"post_tag","embeddable":true,"href":"https:\/\/www.obispadorqta.org.ar\/v3\/wp-json\/wp\/v2\/tags?post=1106"}],"curies":[{"name":"wp","href":"https:\/\/api.w.org\/{rel}","templated":true}]}}