{"id":1109,"date":"2015-08-12T14:53:56","date_gmt":"2015-08-12T14:53:56","guid":{"rendered":"http:\/\/www.obispadorqta.org.ar\/v3\/nuevoeconom\/"},"modified":"2015-08-12T14:53:56","modified_gmt":"2015-08-12T14:53:56","slug":"nuevoeconom","status":"publish","type":"post","link":"https:\/\/www.obispadorqta.org.ar\/v3\/nuevoeconom\/","title":{"rendered":"NUEVO EC\u00d3NOMO DIOCESANO"},"content":{"rendered":"<div style=\"text-align: center\"><img loading=\"lazy\" decoding=\"async\" src=\"https:\/\/scontent-gru1-1.xx.fbcdn.net\/hphotos-xfp1\/v\/t1.0-9\/11825691_842561749173651_6799260300085515849_n.jpg?oh=80debaeb5e911124df0331cf11409218&#038;oe=567FA717\" border=\"0\" width=\"300\" height=\"400\" \/><\/div>\n<div style=\"text-align: center\">\u00a0<\/div>\n<div style=\"text-align: justify\"><span style=\"font-size: 12.1599998474121px; line-height: 1.3em\">En la ma\u00f1ana del 12 del corriente, en la sede del Obispado de Reconquista, ha hecho su juramento de fidelidad el nuevo Ec\u00f3nomo Diocesano, Pbro. Carlos Alberto Degiusti.<\/span><\/div>\n<div style=\"text-align: justify\">Agradecemos al P. Efr\u00e9n Mario Agretti por sus a\u00f1os de entrega en este oficio y pedimos oraciones para que el Se\u00f1or ilumine al P. Carlos en este nuevo servicio.<\/div>\n<div style=\"text-align: center\"><img loading=\"lazy\" decoding=\"async\" src=\"https:\/\/fbcdn-sphotos-d-a.akamaihd.net\/hphotos-ak-xpt1\/v\/t1.0-9\/11224057_842561702506989_1043561034478551204_n.jpg?oh=74cb07ea28285d088ddac2d0810359f1&#038;oe=563AB9E8&#038;__gda__=1447652332_8af987e440e5fc7669d0d15ca55cdbcd\" border=\"0\" width=\"300\" height=\"400\" \/>\u00a0<\/div>\n<div style=\"text-align: center\"><img loading=\"lazy\" decoding=\"async\" src=\"https:\/\/fbcdn-sphotos-f-a.akamaihd.net\/hphotos-ak-xtp1\/v\/t1.0-9\/11855673_842561759173650_5017000505605000063_n.jpg?oh=13ae5343b5e1ccb8bd722221d80f5a7e&#038;oe=567E6433&#038;__gda__=1447802117_cc4a7250fa6f99eb817a5b6a27e22b3c\" border=\"0\" width=\"400\" height=\"300\" \/>\u00a0<\/div>\n<div>\u00a0<\/div>\n<div><span style=\"font-size: 12.1599998474121px; line-height: 1.3em\">\u00a0<\/span><\/div>\n","protected":false},"excerpt":{"rendered":"<div class=\"mh-excerpt\"><div style=\"text-align: center\"><img loading=\"lazy\" decoding=\"async\" src=\"https:\/\/scontent-gru1-1.xx.fbcdn.net\/hphotos-xfp1\/v\/t1.0-9\/11825691_842561749173651_6799260300085515849_n.jpg?oh=80debaeb5e911124df0331cf11409218&#038;oe=567FA717\" border=\"0\" width=\"300\" height=\"400\" \/><\/div>\n<div style=\"text-align: center\">\u00a0<\/div>\n<div style=\"text-align: justify\"><span style=\"font-size: 12.1599998474121px; line-height: 1.3em\">En la ma\u00f1ana del 12 del corriente, en la sede del Obispado de Reconquista, ha hecho su juramento de fidelidad el nuevo Ec\u00f3nomo Diocesano, Pbro. Carlos Alberto Degiusti.<\/span><\/div>\n<div style=\"text-align: justify\">Agradecemos al P. Efr\u00e9n Mario Agretti por sus a\u00f1os de entrega en este oficio y pedimos oraciones para que el Se\u00f1or ilumine al P. Carlos en este nuevo servicio.<\/div>\n<\/div>","protected":false},"author":1,"featured_media":0,"comment_status":"open","ping_status":"open","sticky":false,"template":"","format":"standard","meta":{"footnotes":""},"categories":[28],"tags":[],"class_list":["post-1109","post","type-post","status-publish","format-standard","hentry","category-latest-news"],"_links":{"self":[{"href":"https:\/\/www.obispadorqta.org.ar\/v3\/wp-json\/wp\/v2\/posts\/1109","targetHints":{"allow":["GET"]}}],"collection":[{"href":"https:\/\/www.obispadorqta.org.ar\/v3\/wp-json\/wp\/v2\/posts"}],"about":[{"href":"https:\/\/www.obispadorqta.org.ar\/v3\/wp-json\/wp\/v2\/types\/post"}],"author":[{"embeddable":true,"href":"https:\/\/www.obispadorqta.org.ar\/v3\/wp-json\/wp\/v2\/users\/1"}],"replies":[{"embeddable":true,"href":"https:\/\/www.obispadorqta.org.ar\/v3\/wp-json\/wp\/v2\/comments?post=1109"}],"version-history":[{"count":0,"href":"https:\/\/www.obispadorqta.org.ar\/v3\/wp-json\/wp\/v2\/posts\/1109\/revisions"}],"wp:attachment":[{"href":"https:\/\/www.obispadorqta.org.ar\/v3\/wp-json\/wp\/v2\/media?parent=1109"}],"wp:term":[{"taxonomy":"category","embeddable":true,"href":"https:\/\/www.obispadorqta.org.ar\/v3\/wp-json\/wp\/v2\/categories?post=1109"},{"taxonomy":"post_tag","embeddable":true,"href":"https:\/\/www.obispadorqta.org.ar\/v3\/wp-json\/wp\/v2\/tags?post=1109"}],"curies":[{"name":"wp","href":"https:\/\/api.w.org\/{rel}","templated":true}]}}