{"id":1110,"date":"2015-08-12T15:06:47","date_gmt":"2015-08-12T15:06:47","guid":{"rendered":"http:\/\/www.obispadorqta.org.ar\/v3\/vidacincuenta\/"},"modified":"2015-08-12T15:06:47","modified_gmt":"2015-08-12T15:06:47","slug":"vidacincuenta","status":"publish","type":"post","link":"https:\/\/www.obispadorqta.org.ar\/v3\/vidacincuenta\/","title":{"rendered":"50 a\u00f1os de vida religiosa"},"content":{"rendered":"<div style=\"text-align: center\"><img loading=\"lazy\" decoding=\"async\" src=\"https:\/\/scontent-gru1-1.xx.fbcdn.net\/hphotos-xpf1\/v\/t1.0-9\/11885254_842569592506200_8930742158377090181_n.jpg?oh=83680c3df66adc10c811f18de71f1288&#038;oe=564185A5\" border=\"0\" width=\"400\" height=\"300\" \/><\/div>\n<div>\u00a0<\/div>\n<div style=\"text-align: justify\">\u00a0<span style=\"font-size: 12.1599998474121px; line-height: 1.3em\">Con alegr\u00eda, invitamos a la Misa de acci\u00f3n de gracias por los 50 a\u00f1os de vida religiosa de las hermanas Isabel Dolzani e Isabel Agretti, de la Congregaci\u00f3n de las Hermanas de San Jos\u00e9. Tambi\u00e9n se tendr\u00e1 especialmente presente a la Hna. Nilda Patti, de Adrogu\u00e9, quien no podr\u00e1 estar presente por cuestiones de salud.<\/span><\/div>\n<div style=\"text-align: justify\">La celebraci\u00f3n se llevar\u00e1 a cabo en la Capilla Transfiguraci\u00f3n del Se\u00f1or de Barrio Fraternidad, Parroquia Inmaculada Concepci\u00f3n de Reconquista, el d\u00eda 15 de agosto, solemnidad de la Sant\u00edsima Virgen Mar\u00eda, a las 18:30 hs., y ser\u00e1 presidida por el Obispo Diocesano, Mons. \u00c1ngel Jos\u00e9 Mac\u00edn.<\/div>\n<div style=\"text-align: justify\">Damos gracias a Dios por la entrega de estas hermanas y, en el A\u00f1o Internacional de la Vida Consagrada, continuemos rezando por las vocaciones.<\/div>\n","protected":false},"excerpt":{"rendered":"<div class=\"mh-excerpt\"><p>\u00a0 \u00a0Con alegr\u00eda, invitamos a la Misa de acci\u00f3n de gracias por los 50 a\u00f1os de vida religiosa de las hermanas Isabel Dolzani e Isabel <a class=\"mh-excerpt-more\" href=\"https:\/\/www.obispadorqta.org.ar\/v3\/vidacincuenta\/\" title=\"50 a\u00f1os de vida religiosa\">[&#8230;]<\/a><\/p>\n<\/div>","protected":false},"author":1,"featured_media":0,"comment_status":"open","ping_status":"open","sticky":false,"template":"","format":"standard","meta":{"footnotes":""},"categories":[28],"tags":[],"class_list":["post-1110","post","type-post","status-publish","format-standard","hentry","category-latest-news"],"_links":{"self":[{"href":"https:\/\/www.obispadorqta.org.ar\/v3\/wp-json\/wp\/v2\/posts\/1110","targetHints":{"allow":["GET"]}}],"collection":[{"href":"https:\/\/www.obispadorqta.org.ar\/v3\/wp-json\/wp\/v2\/posts"}],"about":[{"href":"https:\/\/www.obispadorqta.org.ar\/v3\/wp-json\/wp\/v2\/types\/post"}],"author":[{"embeddable":true,"href":"https:\/\/www.obispadorqta.org.ar\/v3\/wp-json\/wp\/v2\/users\/1"}],"replies":[{"embeddable":true,"href":"https:\/\/www.obispadorqta.org.ar\/v3\/wp-json\/wp\/v2\/comments?post=1110"}],"version-history":[{"count":0,"href":"https:\/\/www.obispadorqta.org.ar\/v3\/wp-json\/wp\/v2\/posts\/1110\/revisions"}],"wp:attachment":[{"href":"https:\/\/www.obispadorqta.org.ar\/v3\/wp-json\/wp\/v2\/media?parent=1110"}],"wp:term":[{"taxonomy":"category","embeddable":true,"href":"https:\/\/www.obispadorqta.org.ar\/v3\/wp-json\/wp\/v2\/categories?post=1110"},{"taxonomy":"post_tag","embeddable":true,"href":"https:\/\/www.obispadorqta.org.ar\/v3\/wp-json\/wp\/v2\/tags?post=1110"}],"curies":[{"name":"wp","href":"https:\/\/api.w.org\/{rel}","templated":true}]}}